{"id":15187,"date":"2013-04-06T14:42:09","date_gmt":"2013-04-06T17:42:09","guid":{"rendered":"http:\/\/kunstinargentinien.com\/?p=15187"},"modified":"2013-04-07T12:33:35","modified_gmt":"2013-04-07T15:33:35","slug":"deutsches-kino-auf-dem-vormarsch","status":"publish","type":"post","link":"https:\/\/kunstinargentinien.com\/index.php\/2013\/04\/06\/deutsches-kino-auf-dem-vormarsch\/","title":{"rendered":"Deutsches Kino auf dem Vormarsch"},"content":{"rendered":"<p><strong>Auf dem BAFICI laufen dieses Jahr wieder exzellente deutsche Beitr\u00e4ge<\/p>\n<p><em>Von Jana M\u00fcnkel<\/em><\/strong><\/p>\n<p><a href=\"http:\/\/kunstinargentinien.com\/wp-content\/uploads\/2013\/04\/paradies_hoffnung.jpg\"><img loading=\"lazy\" decoding=\"async\" src=\"http:\/\/kunstinargentinien.com\/wp-content\/uploads\/2013\/04\/paradies_hoffnung.jpg\" alt=\"\" title=\"paradies_hoffnung\" width=\"500\" height=\"270\" class=\"aligncenter size-full wp-image-15214\" srcset=\"https:\/\/kunstinargentinien.com\/wp-content\/uploads\/2013\/04\/paradies_hoffnung.jpg 500w, https:\/\/kunstinargentinien.com\/wp-content\/uploads\/2013\/04\/paradies_hoffnung-300x162.jpg 300w\" sizes=\"auto, (max-width: 500px) 100vw, 500px\" \/><\/a><br \/>\nDa behaupte noch einmal jemand, der deutsche Film sei international nicht gefragt: Auf dem 15. <a href=\"http:\/\/festivales.buenosaires.gob.ar\/festivales\/v3\/web\/index.php\/index.html\">BAFICI<\/a> (Buenos Aires Festival Internacional de Cine Independiente, 10.-21.4.) gehen zahlreiche sehenswerte Produktionen ins Rennen um die Auszeichnungen des wichtigsten Filmfestivals in Lateinamerika. Mit Unterst\u00fctzung des <a href=\"http:\/\/www.goethe.de\/ins\/ar\/bue\/esindex.htm\">Goethe-Instituts<\/a> werden gleich drei deutsche Trilogien und eine Dokumentation gezeigt. Jeder der drei Teile &#8220;Glaube&#8221;, &#8220;Liebe&#8221;, &#8220;Hoffnung&#8221; von Ulrich Seidls &#8220;Paradies&#8221;-Reihe hatte bereits Premiere auf einem internationalen Filmfestival. Auf dem BAFICI ist die deutsch-franz\u00f6sisch-\u00f6sterreichische Koproduktion, die die Einsamkeit intensiv und fast dokumentarisch thematisiert, vollst\u00e4ndig zu sehen.<\/p>\n<p>Mit &#8220;Eolomea&#8221;, &#8220;Der schweigende Stern&#8221; und &#8220;Im Staub der Sterne&#8221;, einer Science-Fiction-Trilogie der DEFA (Deutsche Film-AG), kommt auch das DDR-Kino der 60er und 70er nicht zu kurz. Die empfehlenswerte Dokumentation &#8220;Metamorphosen&#8221; von Sebastian Mez handelt von einer radioaktiv belasteten Gegend im S\u00fcdural und l\u00e4uft im internationalen Wettbewerb.<\/p>\n<p>&#8220;Dreileben&#8221; ist eine Trilogie, zu der drei deutsche Regisseure jeweils einen Film beigesteuert haben; sie l\u00e4uft in der Sektion Panorama. Dominik Graf, Christian Petzold und Christoph Hochh\u00e4usler werden der vielbeachteten Berliner Schule zugerechnet. Mit Unterst\u00fctzung des Goethe-Instituts konnte Hochh\u00e4usler sogar f\u00fcr das BAFICI gewonnen werden und kommt erstmalig nach Argentinien, um unter anderem in Rahmen des Talent Campus mit jungen Filmemachern zu arbeiten. Er zeigt mit &#8220;Eine Minute dunkel&#8221; seinen Teil der Trilogie, dar\u00fcber hinaus l\u00e4uft sein preisgekr\u00f6ntes Investmentbankerdrama &#8220;Unter dir die Stadt&#8221; aus dem Jahr 2010.<\/p>\n<p>Auf Fans des deutschen und lateinamerikanischen Kinos wartet aber noch ein besonderes Ereignis: Im Rahmen des Festivals pr\u00e4sentiert Hochh\u00e4usler am 12. April um 15 Uhr im Centro Cultural Recoleta die Erstausgabe von &#8220;las naves&#8221;, einer zweisprachigen Filmzeitung. Diese erscheint in Zusammenarbeit mit der Zeitschrift &#8220;Revolver&#8221;, deren Mitbegr\u00fcnder und Autor Christoph Hochh\u00e4usler ist.<\/p>\n<p>Desweiteren laufen &#8220;Gold&#8221; von Thomas Arslan mit Nina Hoss in der Hauptrolle, Margarethe von Trottas &#8220;Hannah Arendt&#8221; und das K\u00fcnstlerportr\u00e4t &#8220;Gerhard Richter Painting&#8221; von Corinna Belz.<\/p>\n<p>Erw\u00e4hnenswerte Koproduktionen mit deutscher Beteiligung sind &#8220;Post Tenebras Lux&#8221; von Carlos Reygadas und &#8220;Tanta Agua&#8221; von Ana Guevara und Leticia Jorge, das bereits auf der Berlinale vertreten war.<\/p>\n<p>F\u00fcr Freunde des Elektro ist in der Musiksektion &#8220;Peaches Does Herself&#8221; von der kanadischen und in Deutschland lebenden K\u00fcnstlerin Peaches zu sehen.<\/p>\n<p>&#8220;A Little Suicide&#8221; von Ana Lily Amirpour, die Bienen-Dokumentation &#8220;More than Honey&#8221; von Markus Imhoof und Viviane Blumenscheins &#8220;Mitsommernachtstango&#8221; sowie &#8220;K\u00fcf&#8221; von Ali Aydin und &#8220;Il futuro&#8221; von Alicia Scherson sind weitere Panorama-Beitr\u00e4ge mit deutscher Beteiligung. Zum Schluss schlie\u00dflich noch ein Tipp f\u00fcr die Kleinsten: Stephan Scherschs &#8220;Der Mondmann&#8221; ist der einzige deutsche &#8220;Baficito2-Beitrag.<\/p>\n<p>Weitere Informationen und das komplette Programm finden Sie auf der <a href=\"http:\/\/festivales.buenosaires.gob.ar\/festivales\/v3\/web\/index.php\/index.html\">Webseite des Independent-Festivals<\/a>. Der Vorverkauf l\u00e4uft seit dem 2. April.<\/p>\n<p><strong>Foto:<\/strong><br \/>\nKlimmz\u00fcge im Di\u00e4tcamp: In Ulrich Seidls &#8220;PARADIES: Hoffnung&#8221; wird jedes Kilo zuviel unter die Lupe genommen.<\/p>\n","protected":false},"excerpt":{"rendered":"<p>Auf dem BAFICI laufen dieses Jahr wieder exzellente deutsche Beitr\u00e4ge Von Jana M\u00fcnkel Da behaupte noch einmal jemand, der deutsche Film sei international nicht gefragt: Auf dem 15. BAFICI (Buenos Aires Festival Internacional de Cine Independiente, 10.-21.4.) gehen zahlreiche sehenswerte Produktionen ins Rennen um die Auszeichnungen des wichtigsten Filmfestivals in Lateinamerika. Mit Unterst\u00fctzung des Goethe-Instituts [&hellip;]<\/p>\n","protected":false},"author":1,"featured_media":0,"comment_status":"open","ping_status":"open","sticky":false,"template":"","format":"standard","meta":{"footnotes":""},"categories":[16,4],"tags":[],"class_list":["post-15187","post","type-post","status-publish","format-standard","hentry","category-film-cine","category-tipp-der-woche-recomendacion-de-la-semana"],"_links":{"self":[{"href":"https:\/\/kunstinargentinien.com\/index.php\/wp-json\/wp\/v2\/posts\/15187","targetHints":{"allow":["GET"]}}],"collection":[{"href":"https:\/\/kunstinargentinien.com\/index.php\/wp-json\/wp\/v2\/posts"}],"about":[{"href":"https:\/\/kunstinargentinien.com\/index.php\/wp-json\/wp\/v2\/types\/post"}],"author":[{"embeddable":true,"href":"https:\/\/kunstinargentinien.com\/index.php\/wp-json\/wp\/v2\/users\/1"}],"replies":[{"embeddable":true,"href":"https:\/\/kunstinargentinien.com\/index.php\/wp-json\/wp\/v2\/comments?post=15187"}],"version-history":[{"count":4,"href":"https:\/\/kunstinargentinien.com\/index.php\/wp-json\/wp\/v2\/posts\/15187\/revisions"}],"predecessor-version":[{"id":15232,"href":"https:\/\/kunstinargentinien.com\/index.php\/wp-json\/wp\/v2\/posts\/15187\/revisions\/15232"}],"wp:attachment":[{"href":"https:\/\/kunstinargentinien.com\/index.php\/wp-json\/wp\/v2\/media?parent=15187"}],"wp:term":[{"taxonomy":"category","embeddable":true,"href":"https:\/\/kunstinargentinien.com\/index.php\/wp-json\/wp\/v2\/categories?post=15187"},{"taxonomy":"post_tag","embeddable":true,"href":"https:\/\/kunstinargentinien.com\/index.php\/wp-json\/wp\/v2\/tags?post=15187"}],"curies":[{"name":"wp","href":"https:\/\/api.w.org\/{rel}","templated":true}]}}