{"id":1531,"date":"2008-08-15T11:07:31","date_gmt":"2008-08-15T14:07:31","guid":{"rendered":"http:\/\/kunstinargentinien.com\/index.php\/2008\/08\/15\/kalender-agenda-130\/"},"modified":"2008-08-20T12:53:53","modified_gmt":"2008-08-20T15:53:53","slug":"kalender-agenda-130","status":"publish","type":"post","link":"https:\/\/kunstinargentinien.com\/index.php\/2008\/08\/15\/kalender-agenda-130\/","title":{"rendered":"Kalender \/ Agenda"},"content":{"rendered":"<p><a href=\"http:\/\/kunstinargentinien.com\/index.php\/2008\/08\/15\/agenda-kalender-124\/\">Click aqu\u00ed para leer la versi\u00f3n en castellano.<\/a><\/p>\n<p><strong>Ausstellungs-Kalender 15.08.08-23.08.08<\/strong><\/p>\n<div align=center><img decoding=\"async\" id=\"image1529\" src=\"http:\/\/kunstinargentinien.com\/wp-content\/uploads\/2008\/08\/kiss1.jpg\" alt=\"kiss1.jpg\" \/><br \/>\n<em>Werke von Dino Bruzzone werden in der Gemeinschaftsausstellung \u201eEsc\u00e9nica\u201c gezeigt, die im Rahmen des Fotografie-Fests \u201eFestival de la Luz 2008\u201c stattfindet. Er\u00f6ffnung ist am 16.8. um 17 Uhr in der \u201eFotogaler\u00eda\u201c des Centro Cultural Ricardo Rojas, Av. Corrientes 2038.<\/em><\/div>\n<p><em><strong>Ausstellungszentren<\/strong><\/em><\/p>\n<ul>\n<li><a href=\"http:\/\/www.malba.org.ar\/web\/\">MALBA<\/a> (Museo de Arte Latinoamericano de Buenos Aires), Av. Figueroa Alcorta 3415 (Do-Mo und feiertags 12-20 Uhr, Di geschlossen, Mi bis 21 Uhr, Eintritt frei. An anderen Tagen: Eintritt 15 Pesos, Lehrer und \u00fcber 65-J\u00e4hrige 7,50 Pesos, Studenten, Kinder unter 12 Jahren und Behinderte gratis): \u201eContempor\u00e1neo 22. Discursos narrativos\u201c. Gastkurator: Kevin Clark Power. K\u00fcnstler: Edgar Endress (Chile), Wilger Sotelo (Kolumbien), Douglas P\u00e9rez (Kuba), Abraham Lacalle (Spanien), Mondongo (Argentinien), Juan Enrique Bedoya (Peru) und Henry Eric (Kuba). 7.8.-22.9.<\/li>\n<li>Centro Cultural Recoleta, Jun\u00edn 1930 (Di-Fr 14-20, Sa, So und feiertags 11-20 Uhr): Matilde Mar\u00edn, \u201eDe Natura (zona alterada)\u201c. Kuratorin: Mercedes Casanegra. Cronopios-Saal. 12.8.-14.9. \/ 18 Ausstellungen des \u201eFestival de la Luz 2008\u201c. Infos <a href=\"http:\/\/www.encuentrosabiertos.com.ar\/sitio\/info.php\">hier<\/a>. Seit 7.8.<\/li>\n<li><a href=\"http:\/\/www.mnba.org.ar\/\">Museo Nacional de Bellas Artes<\/a> (MNBA), Av. del Libertador 1473 (Di-Fr 12.30-19.30, Sa und So 9.30-19.30 Uhr. Eintritt frei): \u201eEl Cubismo y sus entornos en las colecciones de Telef\u00f3nica\u201c. Saal 106. 22.7.-14.9. \/ \u201eJuan Carlos Castagnino &#8211; humanismo, poes\u00eda y representaci\u00f3n\u201c, Retrospektive. Erdgeschoss, \u201ePabell\u00f3n\u201c. Seit 29.7.<\/li>\n<p><!--more--><\/p>\n<li><a href=\"http:\/\/www.cceba.org.ar\/tapa\/tapa.pl\">Centro Cultural de Espa\u00f1a en Buenos Aires<\/a> (CCEBA), Florida 943 (Mo-Fr 10-20 Uhr): \u201eToponave\u201c. K\u00fcnstlergruppen: Oligatega Numeric und Provisorio Permanente. Kuratorin: Laura Spivak. Hauptsaal. \/ \u201eSillas en la calle Florida\u201c, Intervention im Schaufenster. K\u00fcnstlerin: Aili Chen. \u201eMicroespacio\u201c M1. \/ \u201eMonta\u00f1as o piedras o pinos\u201c, Intervention in Vitrine. K\u00fcnstler: Lola Goldstein, Pablo Cabrera, Maricel Nowacki, Silvia Lenard\u00f3n, Juli\u00e1n Gatto und Mercedes Villalba. \u201eMicroespacio\u201c M2. \/ Klang-Intervention im Bad. K\u00fcnstler: Hern\u00e1n Kerlle\u00f1evich. \u201eMicroespacio\u201c M3. \/ \u201eLiberaci\u00f3n de un tigre en el CCEBA\u201c, Intervention an der Wand. K\u00fcnstlerin: Ana Montecucco. \u201eMicroespacio\u201c M4. \/ \u201eEscribir como cualquier cosa\u201c, Fotos. Auswahl: Guillermo Ueno. K\u00fcnstler: Paulo Fast, Constant Anee, Fernando Mariani, Francisco Drisaldi, Violeta Renyi, Laura Langer, Candela Muschetto, Ignacio Parodi, Vanessa Magnetto, Mar\u00eda Longobardi, Jimena Brescia und Nicol\u00e1s Larroquet. \u201ePunto de Encuentro\u201c. \/ \u201eProyecto Arte de Pantalla\u201c. Auswahl: Pilar Altilio. K\u00fcnstler: In\u00e9s Wickmann, Nisrine Boukhari, David Lasnier, Jorge Sousa, Maximiliano Bellmann, Mariano Ramis, Ziad El-Halaba und Masha_Sha. \u201ePunto de Encuentro\u201c. 22.7.-19.9.<\/li>\n<li><a href=\"http:\/\/www.ccborges.org.ar\/\">Centro Cultural Borges<\/a>, Viamonte\/San Mart\u00edn (Mo-Sa 10-21, So 12-21 Uhr. Eintritt 8 Pesos, Rentner und Studenten 5 Pesos): Luis Frangella, Gem\u00e4lde. 6.8.-31.8. \/ Vera Eisenberg, Gem\u00e4lde. 7.8.-31.8.<\/li>\n<\/ul>\n<p><em><strong>Sonstige Ausstellungen<\/strong><\/em><\/p>\n<ul>\n<li>\u201eTema: La Vaca\u201c, Gemeinschaftsausstellung von 36 K\u00fcnstlern, darunter Gerardo Feldstein, Norberto Onofrio, Amalia P\u00e9rez Molek und Ana L\u00eda Werthein. <a href=\"http:\/\/www.galeriabarbarie.com\/\">Barbarie Arte Contempor\u00e1neo<\/a>, Estancia La Cinacina, Lavalle 1, San Antonio de Areco (Ruta 8 &#8211; km 112). 11.5.-7.9.<\/li>\n<li>\u201eEmergentes\u201c, interaktive Installationen von Lucas Bambozzi (Brasilien), Rodrigo Derteano (Peru\/Schweiz), Rafael Lozano-Hemmer (Mexiko\/Kanada), Jos\u00e9 Carlos Martinat, Enrique Mayorga (Peru), Fernando David Orellana (El Salvador\/USA) und Santiago Ortiz (Kolumbien\/Spanien). Werke von Rejane Cantoni und Daniela Kutschat (Brasilien), Mariana Rond\u00f3n (Venezuela), Mariano Sard\u00f3n (Argentinien) und Mariela Yeregui (Argentinien) werden per Video gezeigt. Kurator: Jos\u00e9-Carlos Mari\u00e1tegui. Espacio Fundaci\u00f3n Telef\u00f3nica, Arenales 1540. Di-So 14-20.30 Uhr. Eintritt frei. 11.6.-31.8.<\/li>\n<li>Carlos P\u00e1ez Vilar\u00f3, \u201eFragmentos\u201c, Gem\u00e4lde, Skulpturen, Keramiken, Fotos, Objekte. Museo de Arte Tigre (MAT), Paseo Victorica 972, Tigre. Mi-Fr 10-18, Sa und So 12-18 Uhr. 11.7.-31.8.<\/li>\n<li>\u201eLa Era de Rodin\u201c. Museo Nacional de Arte Decorativo, Av. del Libertador 1902. Di-So 14-19 Uhr. Eintritt 2 Pesos, dienstags gratis. 12.7.-14.9.<\/li>\n<li>Enrique Policastro (1898-1972), Hommage-Ausstellung. Kurator: Alberto Giudici. Fundaci\u00f3n Alon para las Artes, Viamonte 1465, 10. Stock. Mo-Fr 14-18 Uhr. 15.7.-30.9.<\/li>\n<li>\u201eEl dibujo. Distintas generaciones I\u201c, Werke von Carlos Carmona, M\u00f3nica Caputo, Luis Debairosmoura, Ladislao Kelity, Jorge Meijide, Norberto Onofrio, Mart\u00edn Palottini, Ra\u00fal Ponce, Armando Sapia, Rub\u00e9n Sassano. Encontr\u00e9, Cochabamba 580, San Telmo. Di-Sa 14-20, So 16-20 Uhr. 18.7.-18.8.<\/li>\n<li>\u201eCruce &#8211; Dos muestras dialogadas\u201c: \u201eLa inocencia\u201c, Anal\u00eda Zalazar\/Maja Lascano \/ \u201eTrasfondo\u201c, Mirtha Bermegui\/Pablo Curutchet. Kuratoren: Florencia Sab\u00e1, Gustavo D. R\u00edos. <a href=\"http:\/\/www.mapaliquido.com.ar\/sitio\/index.php\">Mapa L\u00edquido Espacio de Arte<\/a>, Las Casas 4100, Boedo. Fr und Sa 17-23 Uhr. 19.7.-16.8.<\/li>\n<li>\u201eArte Argentino &#8211; un Pasaje al Bicentenario\u201c. Pasaje Dardo Rocha, Calle 50 entre 6 y 7, La Plata. Di-So 10-20 hs. 22.7.-17.8.<\/li>\n<li>Dami\u00e1n Kirzner, \u201eF\u00f3siles\u201c, Fotos. Im Rahmen des \u201eFestival de la Luz\u201c. Elsi del R\u00edo Arte Contempor\u00e1neo, Ar\u00e9valo 1748, zwischen Honduras und El Salvador, Palermo. Di-Fr 15-20, Sa 11-14 Uhr. 23.7.-23.8.<\/li>\n<li>\u201eArte popular hispanoamericano &#8211; Colecci\u00f3n Garc\u00eda Uriburu\u201c. Museo Isaac Fern\u00e1ndez Blanco, Suipacha 1422. Di-So 14-19 Uhr. 25.7.-14.9.<\/li>\n<li>Norberto Onofrio, \u201eWerke 2008\u201c. Atica Galer\u00eda de Arte, Libertad 1240, Erdgeschoss \u201e9\u201c. Mo-Fr 11-13 und 15-20, Sa 11-13.30 Uhr. 29.7.-23.8.<\/li>\n<li>M\u00f3nica Weiss, \u201eIdentidades Partidas\u201c, Gem\u00e4lde und Objekte. Museo del Holocausto &#8211; Sho\u00e1, Montevideo 919. Mo-Do 11-19, Fr 11-16 Uhr. 30.7.-26.9.<\/li>\n<li>\u201eFicus Repens &#8211; Enamorados del muro\u201c, Fotos, Musik, Videos, Workshops, Vortr\u00e4ge. Palais de Glace, Posadas 1725. 31.7.-24.8.<\/li>\n<li>\u201eBuenos Aires, memoria antigua. Cronolog\u00eda fotogr\u00e1fica del siglo XIX: primer per\u00edodo (1850-1880)\u201c. Kurator: Luis Priamo. Casa de la Cultura, Av de Mayo 575. Di-Fr 14-20, Sa und So 11-20 Uhr. Eintritt frei. 1.8.-31.8.<\/li>\n<li>Daniel Yacubovich, \u201eConversaciones al \u00f3leo\u201c. Espacio de Arte AMIA, Pasteur 633. Mo-Do 10-19, Fr 10-16 Uhr. Eintritt frei. 5.8.-29.8.<\/li>\n<li>\u201eTercer Concurso Nacional de Artes Pl\u00e1sticas Premio Platt 2008\u201c, ausgew\u00e4hlte Werke. Galer\u00eda Isidro Miranda Casa Central, Estados Unidos 726, San Telmo. Di-So 12-19 Uhr. 5.8.-25.8.<\/li>\n<li>Fotowettbewerb \u201eConcurso Arte x Arte 2008\u201c, siegreiche Werke. Galer\u00eda Arte x Arte, Lavalleja 1062. Mo-Fr 13-20 Uhr. Eintritt frei. 6.8.-27.8.<\/li>\n<li>Leandro Yadanza, \u201eNo s\u00f3lo de arte vive el hombre\u201c (Der Mensch lebt nicht von Kunst allein), Video und Gem\u00e4lde. Juana de Arco Casa de Arte, Costa Rica 4574 (Klingel-\u201eKn\u00f6pfe\u201c). Seit 7.8.<\/li>\n<li>Pedro Roth, \u201eImaginario\u201c. Laura Haber, Juncal 885. Mo-Fr 11-20, Sa 11-15 Uhr. Seit 7.8.<\/li>\n<li>Jorge Polo, \u201eViceversa\u201c, Fotos. Empat\u00eda, Carlos Pellegrini 1255. Mo-Fr 11-20, Sa 10-13 Uhr. 12.8.-9.9.<\/li>\n<li>Miguel D\u00e1vila, \u201eBocetos para el Silencio\u201c. Agalma.arte, Libertad 1389. Mo-Fr 12-20, Sa 11-13.30 Uhr. 12.8.-6.9.<\/li>\n<li>Raquel Bordelois, \u201eTrazas\u201c, Fotos. Ernesto Catena Fotograf\u00eda Contempor\u00e1nea, Honduras 4882, Palermo. Di-So 12-20 Uhr. 13.8.-13.9.<\/li>\n<li>Alejandro Scasso, \u201eNotas de Buenos Aires\u201c, Zeichnungen. <a href=\"http:\/\/niundiasinunalinea.com.ar\/\">NIUNDIASINUNALINEA<\/a>, Defensa 1455, San Telmo. Di-So 15.30-20.30 Uhr. Er\u00f6ffnung: 15.8., 19 Uhr.<\/li>\n<li>Leonel Luna, Fabiana Barreda, \u201eHistorias apocr\u00edficas\u201c. Kurator: M\u00e1ximo Jacoby. Im Rahmen des \u201eFestival de la Luz 2008\u201c. Tageszeitung \u201eCr\u00edtica de la Argentina\u201c, Maip\u00fa 271. Er\u00f6ffnung: 16.8., 12-14 Uhr. Bis 30.9.<\/li>\n<li>\u201eEsc\u00e9nica\u201c, Fotographien von Annemarie Heinrich, Grete Stern, Pedro Otero, Marcos L\u00f3pez, Anank\u00e9 Asseff, Dino Bruzzone, Augusto Zanella, Miguel Mitlag, Arturo Aguiar, Nicol\u00e1s Trombetta und Nicol\u00e1s Mastracchio. Im Rahmen des \u201eFestival de la Luz 2008\u201c. Fotogaler\u00eda del Centro Cultural Ricardo Rojas, Av. Corrientes 2038. Eintritt frei. Er\u00f6ffnung: 16.8., 17 Uhr. Bis 29.9.<\/li>\n<li>Marcos Zimmermann, \u201eUn perro en el Para\u00edso&#8221;, Foto-Comic. Galer\u00eda Vasari, Esmeralda 1357. Er\u00f6ffnung: 20.8., 19 Uhr. Bis 12.9.<\/li>\n<\/ul>\n","protected":false},"excerpt":{"rendered":"<p>Click aqu\u00ed para leer la versi\u00f3n en castellano. Ausstellungs-Kalender 15.08.08-23.08.08 Werke von Dino Bruzzone werden in der Gemeinschaftsausstellung \u201eEsc\u00e9nica\u201c gezeigt, die im Rahmen des Fotografie-Fests \u201eFestival de la Luz 2008\u201c stattfindet. Er\u00f6ffnung ist am 16.8. um 17 Uhr in der \u201eFotogaler\u00eda\u201c des Centro Cultural Ricardo Rojas, Av. Corrientes 2038. Ausstellungszentren MALBA (Museo de Arte Latinoamericano [&hellip;]<\/p>\n","protected":false},"author":1,"featured_media":0,"comment_status":"open","ping_status":"open","sticky":false,"template":"","format":"standard","meta":{"footnotes":""},"categories":[3],"tags":[],"class_list":["post-1531","post","type-post","status-publish","format-standard","hentry","category-kalender-agenda"],"_links":{"self":[{"href":"https:\/\/kunstinargentinien.com\/index.php\/wp-json\/wp\/v2\/posts\/1531","targetHints":{"allow":["GET"]}}],"collection":[{"href":"https:\/\/kunstinargentinien.com\/index.php\/wp-json\/wp\/v2\/posts"}],"about":[{"href":"https:\/\/kunstinargentinien.com\/index.php\/wp-json\/wp\/v2\/types\/post"}],"author":[{"embeddable":true,"href":"https:\/\/kunstinargentinien.com\/index.php\/wp-json\/wp\/v2\/users\/1"}],"replies":[{"embeddable":true,"href":"https:\/\/kunstinargentinien.com\/index.php\/wp-json\/wp\/v2\/comments?post=1531"}],"version-history":[{"count":0,"href":"https:\/\/kunstinargentinien.com\/index.php\/wp-json\/wp\/v2\/posts\/1531\/revisions"}],"wp:attachment":[{"href":"https:\/\/kunstinargentinien.com\/index.php\/wp-json\/wp\/v2\/media?parent=1531"}],"wp:term":[{"taxonomy":"category","embeddable":true,"href":"https:\/\/kunstinargentinien.com\/index.php\/wp-json\/wp\/v2\/categories?post=1531"},{"taxonomy":"post_tag","embeddable":true,"href":"https:\/\/kunstinargentinien.com\/index.php\/wp-json\/wp\/v2\/tags?post=1531"}],"curies":[{"name":"wp","href":"https:\/\/api.w.org\/{rel}","templated":true}]}}