{"id":154,"date":"2005-07-29T20:34:35","date_gmt":"2005-07-29T23:34:35","guid":{"rendered":"http:\/\/kunstinargentinien.com\/index.php\/2005\/07\/29\/agenda-kalender\/"},"modified":"2005-08-04T09:22:22","modified_gmt":"2005-08-04T12:22:22","slug":"agenda-kalender","status":"publish","type":"post","link":"https:\/\/kunstinargentinien.com\/index.php\/2005\/07\/29\/agenda-kalender\/","title":{"rendered":"Agenda \/ Kalender"},"content":{"rendered":"<p><a href=\"http:\/\/kunstinargentinien.com\/index.php\/2005\/07\/29\/kalender-agenda\/\">Klicken Sie hier, um die deutsche Version zu lesen.<\/a><\/p>\n<p><strong>Agenda de la semana 30\/7\/05-6\/8\/05<\/strong><\/p>\n<p><em>Centros de exposiciones<\/em><\/p>\n<ul>\n<li>Centro Cultural Borges, Viamonte\/San Mart\u00edn (Lun-Sab 10-21, Dom 12-21 hs, entrada 3 pesos, estudiantes y jubilados 1,50 pesos; Warhol y Dal\u00ed: entrada 9 pesos, estudiantes y jubilados 5 pesos, chicos menores de 12 a\u00f1os 3 pesos): Andy Warhol, obra gr\u00e1fica, documentos. 7.6.-2.10. \/ Salvador Dal\u00ed, &#8220;El Quijote&#8221;, obra gr\u00e1fica, fotos, libros. Desde 19.7. \/ Muestra de Dise\u00f1o &#8220;de la basura al placard&#8221;. 27.7.-31.7. \/ Marta Minuj\u00edn, &#8220;Ventanas&#8221;. Inauguraci\u00f3n: 2.8., 19 hs. Hasta 22.8. \/ Gabriel L\u00f3pez Santiso, &#8220;Encadenamiento del color&#8221;, pinturas. Inauguraci\u00f3n: 4.8., 19 hs. Hasta 28.8.<\/li>\n<p><!--more--><\/p>\n<li>Centro Cultural Recoleta, Jun\u00edn 1930 (Mar-Vie 14-21, Sab, Dom y feriados 10-21 hs, entrada 1 peso): Luna Pavia, fotos (Sala 11). 8.7.-31.7. \/ Rogelio Polesello, retrospectiva (Sala Cronopios). 12.7.-28.8. \/ Diana Chorne, &#8220;Artes del juego 2005&#8221;. 12.7.-7.8. \/ Betsab\u00e9 Romero (M\u00e9xico), &#8220;Sur&#8221;. Curadora: Corinne Sacca-Abadi. Desde 12.7. \/ Rosemarie Allers, &#8220;Picnic en el precipicio&#8221;, oleos (Sala 6). Inauguraci\u00f3n: 12.8.<\/li>\n<li>Centro Cultural de Espa\u00f1a en Buenos Aires CCEBA, Florida 943 (Lun-Vie 10.30-20 hs): &#8220;Objetos de deseo, objetos de seducci\u00f3n. 6 fot\u00f3grafos contempor\u00e1neos de Espa\u00f1a&#8221;, obras de Xoan Anleo, Ciuco Guti\u00e9rrez, Rafael Lia\u00f1o, Chema Madoz, Rosa Mu\u00f1oz, Jos\u00e9 Luis Santalla (Sala principal) \/ Marcela Astorga, &#8220;Sin t\u00edtulo&#8221;, instalaci\u00f3n (M1) \/ Delia Cancela, &#8220;Favoritos&#8221;, instalaci\u00f3n (M2) \/ Liniers, &#8220;Se\u00f1oras y se\u00f1ores en apuros por ac\u00e1&#8221;, intervenci\u00f3n (M3) \/ Enrique Deschutter, &#8220;Ceremonia&#8221;, instalaci\u00f3n sonora (M3) \/ Cristian Segura, &#8220;Pizarras&#8221;, intervenci\u00f3n (M4). 27.7.-2.9.<\/li>\n<li>MALBA, Av. Figueroa Alcorta 3415 (Jue-Lun 12-20, Mie 12-21 hs, martes cerrado, entrada 7 pesos, docentes y mayores de 65 a\u00f1os 3,50 pesos, jubilados y ni\u00f1os menores de 12 a\u00f1os gratis, mi\u00e9rcoles gratis): &#8220;Xul Solar. Visiones y revelaciones&#8221;. Curadora: Patricia Artundo. 17.6.-15.8. \/ &#8220;Contempor\u00e1neo 13: Transformaciones azarosas&#8221;, obras de Andrea Juan, Mariano Sard\u00f3n &#038; Paula Senderowicz. Curadora: Corinne Sacca Abadi. 30.6.-15.8. \/ &#8220;Adquisiciones, donaciones y comodatos&#8221; (30 obras nuevas en la Colecci\u00f3n Costantini, entre otras de Dino Bruzzone, Elba Bairon, Flavia da Rin, Pablo Siquier y Horacio Coppola). 20.7.-12.9.<\/li>\n<li>Museo Nacional de Bellas Artes, Av. del Libertador 1473 (Mar-Dom 13.30-19.30, Sab 9.30-19.30 hs): Liliana Parra, fotos. 1.6.-31.7. \/ Mar\u00eda Simon, esculturas, gr\u00e1ficas, textiles \/ Alberto Delmonte, obras 1985-2005 (Pabell\u00f3n). Desde 27.7. \/ Lucio Boschi, &#8220;Una Argentina&#8221;, fotos. Inauguraci\u00f3n: 3.8., 19 hs.<\/li>\n<li>Museo Eduardo S\u00edvori, Av. Infanta Isabel 555 (Mar-Vie 12-18, Sab y Dom 10-18 hs): &#8220;19\u00b0 Sal\u00f3n de Tapiz&#8221;, Bienal 2004\/05. Hasta 14.8. \/ Orlando Perri (1913-1992), &#8220;En retrospectiva&#8221;. Hasta 21.8. \/ Patrimonio del S\u00edvori, &#8220;Perspectivas del silencio&#8221; (obras de V\u00edctor Quiroga, Pablo Su\u00e1rez, Luis Scafati, etc.). Hasta 28.7.<\/li>\n<li>Fundaci\u00f3n Federico Jorge Klemm\/Academia Nacional de Bellas Artes, Marcelo T. de Alvear 626 (Lun-Vie 11-20 hs): Ricardo Blanco, &#8220;Esto no es una silla&#8221;. Inauguraci\u00f3n: 3.8., 19 hs. \/ &#8220;Afiches Lirolay&#8221; 1960-1981. Inauguraci\u00f3n: 9.8., 19 hs.\u00ad<\/li>\n<li>Teatro San Mart\u00edn, Av. Corrientes 1530 (todos los d\u00edas 11 hs hasta fin del \u00faltimo espect\u00e1culo): &#8220;Werner Herzog: Mis films son lo que yo soy&#8221;, fotos de los rodajes legendarios de Herzog (1\u00ba piso &#8220;Hall Central Carlos Morel&#8221;). 5.7.-31.7. \/ Roberto Fern\u00e1ndez Ib\u00e1\u00f1ez (Uruguay), &#8220;Di\u00e1logos con el silencio&#8221; (FotoGaler\u00eda). 5.7.-31.7. \/ Diego Levy, &#8220;Sangre&#8221;, ensayo fotogr\u00e1fico (FotoGaler\u00eda). Inauguraci\u00f3n: 2.8., 19 hs. Hasta 4.9.<\/li>\n<\/ul>\n<p><em>Otras exposiciones<\/em><\/p>\n<ul>\n<li>&#8220;El horror de la guerra&#8221; (documentos sobre la guerra contra el Paraguay). Museo Hist\u00f3rico de Buenos Aires &#8220;Cornelio de Saavedra&#8221;, Cris\u00f3logo Larralde 6309. Mar-Vie 9-18, Sab, Dom y feriados 10-20 hs. 18.6.-31.7.<\/li>\n<li>Eva Toker Jawerbaum, &#8220;De Torsos&#8221;, gr\u00e1fica sobre seda. Museo Nacional del Grabado, Defensa 372. Dom-Vie 14-18 hs. 30.6.-31.7.<\/li>\n<li>Juan Allaria, dibujos \/ Guillermo Ueno, fotos. Belleza y Felicidad, Acu\u00f1a de Figueroa 900\/Guardia Vieja. Lun-Vie 11-19, Sab 11-13 hs. 2.7.-9.8.<\/li>\n<li>Sylvestre Gobart, Osvaldo Grimoldi, Michel Marcu, Laura Messing, foto-exposiciones. Arte x Arte, Lavalleja 1062 (altura C\u00f3rdoba 4200). Lun-Sab 13-19 hs. 5.7.-30.8.<\/li>\n<li>&#8220;Pierre Verger. Retrato de Sudam\u00e9rica. Fotograf\u00edas 1939-1959&#8221;. Museo Isaac Fern\u00e1ndez Blanco, Suipacha 1422. Mar-Dom 14-19 hs. Entrada 3 pesos, &#8220;residentes&#8221; 1 peso. 6.7.-4.9.<\/li>\n<li>&#8220;Arte del Siglo XX&#8221;: Colecci\u00f3n del Museo Rufino Tamayo, M\u00e9xico. Fundaci\u00f3n Proa, Av. Pedro de Mendoza 1929, La Boca. Mar-Dom 12-19 hs. Entrada 3 pesos, estudiantes 2 pesos, jubilados 1 peso. 7.7.-18.9.<\/li>\n<li>Maura Giaconi \/ Juliana Iriart. Alberto Sendr\u00f3s, Pasaje Tres Sargentos 359. 7.7.-12.8.<\/li>\n<li>&#8220;Vislumbres Pampeanas&#8221;, obras de 35 pintores argentinos. Pabell\u00f3n de las Bellas Artes, UCA, Alicia Moreau de Justo 1300, Puerto Madero. Mar-Dom 11-20 hs, lunes cerrado. 13.7.-7.8.<\/li>\n<li>&#8220;\u00a1Manda Fruta!&#8221;, fotos de Alejandro Boggan y Edgardo Delfino. Curador: Julio S\u00e1nchez. Tono Rojo, Schiaffino 2138. Lun-Dom 11-24 hs. 13.7.-3.9.\u00ad<\/li>\n<li>&#8220;10+1&#8221;, obras de Carlos Arnaiz, Juan Astica, Remo Bianchedi, Catalina Chervin, Roberto Elia, F\u00e9lix Rodr\u00edguez, Pedro Roth, Richard Sturgeon, Guillermo Tazelaar, Marcelo Torretta, Charles Vuillermet. Wussmann, Venezuela 570. 14.7.-25.8.\u00ad<\/li>\n<li>&#8220;V\u00eda Sat\u00e9lite&#8221;, arte contempor\u00e1neo de Per\u00fa, fotos, videos y arte en la web. Espacio Fundaci\u00f3n Telef\u00f3nica, Arenales 1540. Lun-Vie 14-20.30 hs. 15.7.-4.9.<\/li>\n<li>Yolanda Maidana, pinturas (Sala I). 19.7.-6.8. \/ Irene Alonso, fotos (Sala II). 19.7.-6.8. \/ &#8220;Proyecto Cubo&#8221;, obras de B\u00e1rbara Steimberg, Paula Otegui, Sebasti\u00e1n Pastorino, Claudia Fern\u00e1ndez (Sala III). Curador: N\u00e9stor Zonana. 28.6.-Junio 2006. Pabell\u00f3n 4, Uriarte 1332. Lun-Sab 16-20 hs.\u00ad<\/li>\n<li>Rep, &#8220;Homenaje a 2 amigos: Cervantes y Berni&#8221;. Centro Cultural San Mart\u00edn, Sarmiento 1551. Lun-Dom 15-21 hs. 19.7.-5.9.\u00ad<\/li>\n<li>Juan Pablo Fern\u00e1ndez Bravo, tintas. Palatina, Arroyo 821. Lun-Vie 10.30-20, Sab 10-13 hs. 21.7.-8.8.<\/li>\n<p>\u00ad<\/p>\n<li>Graciela Palmadessa, pinturas. Karina Paradiso, Av. del Libertador 4700, PB &#8220;A&#8221;. Lun-Jue 14-20, Vie 16-22, Sab 11-17 hs. Hasta 30.7.<\/li>\n<p>\u00ad<\/p>\n<li>Eduardo Audivert, acuarelas. Colecci\u00f3n Alvear de Zurbar\u00e1n, Av. Alvear 1658. Lun-Sab 11-21, Dom 11-20 hs. 25.7.-28.8.<\/li>\n<p>\u00ad<\/p>\n<li>Luis Barragan, pinturas. Van Eyck, Av. Santa Fe 834. Lun-Vie 11-20, Sab 11-13 hs. 26.7.-27.8.<\/li>\n<p>\u00ad<\/p>\n<li>Dora Isdatne, cer\u00e1micas. Atica, Libertad 1240, P.B. &#8220;9&#8221;. Lun-Vie 11-13 y 15-20, Sab 11-13.30 hs. 26.7.-27.8.<\/li>\n<p>\u00ad<\/p>\n<li>Ricardo Roux, &#8220;Memorias de un Gaucho Argentino a la Luna&#8221;. VYP, Arroyo 959. Lun-Vie 13-20, Sab 11-13 Uhr. 27.7.-10.8.<\/li>\n<p>\u00ad<\/p>\n<li>Natalia Mart\u00ednez, pinturas. Isidro Miranda, Juan Segundo Fern\u00e1ndez 1221, San Isidro. Lun-Vie 10-13 y 17-20, Sab 10-13 hs. 28.7.-17.8.\u00ad<\/li>\n<p>\u00ad<\/p>\n<li>Oscar Sar, &#8220;Cafet\u00edn de Buenos Aires&#8221;, pinturas. Espacio Ag, Marcelo T. de Alvear 1175. Lun-Vie 11-20 hs. 28.7.-24.8.\u00ad<\/li>\n<p>\u00ad<\/p>\n<li>Ernesto Bertani, &#8220;Rosa-Rosa&#8221;, pinturas. Zurbar\u00e1n, Cerrito 1522. Lun-Vie 11-21, Sab 10-13 hs. Visitas guiadas del artista: Vie 18-20 hs. Inauguraci\u00f3n: 2.8., 19-22 hs. Hasta 10.9.\u00ad<\/li>\n<p>\u00ad<\/p>\n<li>Marian Cvik Weber, &#8220;Sue\u00f1o con perros negros&#8221;, textiles. Elsi del R\u00edo, Ar\u00e9valo 1748, Palermo Hollywood. Mar-Vie 15-20, Sab 11-14 hs. Inauguraci\u00f3n: 2.8., 19.30 hs. Hasta 3.9.\u00ad<\/li>\n<p>\u00ad<\/p>\n<li>Manuel Ameztoy (Sala 2) \/ Tomas Fracchia (Sala 3). Braga Men\u00e9ndez Arte Contempor\u00e1neo, Humboldt 1574. Lun-Vie 13-20, Sab 14-18 hs. Inauguraci\u00f3n: 2.8., 19 hs.\u00ad\u00ad<\/li>\n<p>\u00ad<\/p>\n<li>&#8220;Colectivo y Singular &#8211; Obras con Historia&#8221;. Daniel Maman Fine Art, Av. del Libertador 2475. Lun-Vie 11-20, Sab 11-15 hs. Inauguraci\u00f3n: 2.8., 19 hs. Hasta 30.8.\u00ad<\/li>\n<p>\u00ad<\/p>\n<li>Miguel Rothschild, &#8220;Celestial&#8221; (Sala principal) \/ M\u00e1ximo Gonzalez, &#8220;PISAR&#8221; (NuevoEspacio). Ruth Benzacar, Florida 1000. Lun-Vie 11.30-20, Sab 10.30-13.30 hs. Inauguraci\u00f3n: 3.8., 19-22 hs. Bis 3.9.\u00ad<\/li>\n<p>\u00ad<\/p>\n<li>Antonio Berni, obra gr\u00e1fica 1951-1977. Curadora: Laura Buccellato. MUNTREF, Universidad Tres de Febrero, Valent\u00edn G\u00f3mez 4838, Caseros, Prov. Bs.As. Lun-Sab 11-20 hs. Inauguraci\u00f3n: 3.8.<\/li>\n<li>Lola Goldstein, pintura sobre papel \/ Mariela Scafati, pintura sobre cer\u00e1mica. La Bibliotheque, Uruguay 1223, PB &#8220;7&#8221;. Organizado por &#8220;Belleza &#038; Felicidad&#8221;. Inauguraci\u00f3n: 3.8., 19 hs.<\/li>\n<p>\u00ad<\/p>\n<li>Raquel Gociol, Anal\u00eda Gomez, Vanina Paredes, Marcela Villagr\u00e1n, Fotos. Asociaci\u00f3n Cultural Pestalozzi, Freire 1882, Belgrano R. Lun-Vie 14-19 hs. Inauguraci\u00f3n: 3.8., 19 hs. Hasta 31.8.<\/li>\n<p>\u00ad\u00ad<\/p>\n<li>Patricia Schenfeld, &#8220;Figuras y Silencios&#8221;, fotos. Curador: Juan Travnik. British Arts Centre, Suipacha 1333. Inauguraci\u00f3n: 3.8., 19 hs. Hasta 31.8.\u00ad<\/li>\n<p>\u00ad<\/p>\n<li>Marisa Coppa, pinturas. Galer\u00eda El Socorro, Suipacha 1331. Lun-Vie 10.30-20.30, Sab 10.30-13 hs. Inauguraci\u00f3n: 3.8., 19 hs. Hasta 22.8.<\/li>\n<p>\u00ad<\/p>\n<li>Carlos Ferreyra, pinturas. Museo Metropolitano, Castex 3217. Lun-Vie 14-19.30, Sab 12-18.30 hs. Inauguraci\u00f3n: 4.8., 19 hs. Hasta 20.8.\u00ad<\/li>\n<p>\u00ad<\/p>\n<li>Marcelo Maira, pinturas, dibujos, objetos \/ Muestra colectiva de los alumnos de Marcelo Maira: Rosana Bruno, Cecilia Crotto, Isabel Majdalani, Susana Montero, Adriana Palma, Rub\u00e9n Raggi, \u00d1eca Rangugni. Transarte, Cochabamba 360. Lun-Vie 10-13 y 15-19 hs. Inauguraci\u00f3n: 5.8., 19 hs. Hasta 21.8.<\/li>\n<p>\u00ad\u00ad<\/p>\n<li>Mural &#8220;Homenaje a Buenos Aires&#8221; de Guillermo Roux. BankBoston, Della Paolera 265, Catalinas. Visitas guiadas Lun, Mie, Vie 18 hs despu\u00e9s de hacer una cita telef\u00f3nica: 4820-2362. Hay lugar para 20 personas. Duraci\u00f3n: 35 min. Hasta 31.8.\u00ad<\/li>\n<\/ul>\n<p><em>Premios a la Cr\u00edtica<\/em>\u00ad<br \/>\nLas Asociaciones Argentina e Internacional de Cr\u00edticos de Arte (AACA\/AICA) otorgan los premios a las mejores cr\u00edticas de arte del a\u00f1o 2004 en las categor\u00edas libro, entrevista, pr\u00f3logo, ensayo, investigaci\u00f3n, y difusi\u00f3n en medios. Entregar material hasta 1\/8 en la galer\u00eda Van Riel, Talcahuano 1257, P.B., s\u00e1bado 11-13, lunes 15-20 hs. Por favor especificar en qu\u00e9 categor\u00eda se propone. Entrega de los premios el 26\/9 en el auditorio del Malba.\u00ad<\/p>\n<p><em>Presentaci\u00f3n de libro<\/em>\u00ad<br \/>\nEl mi\u00e9rcoles 10\/8, a las 19 hs, se presenta el libro de la artista Susana Rodr\u00edguez en el Museo Nacional de Bellas Artes, Av. del Libertador 1473. Hablan Mar\u00eda Jos\u00e9 Herrera, Fabi\u00e1n Lebenglik, Marcelo Pacheco y Guillermo Whitelow, con moderaci\u00f3n de Juan Carlos Romero.<\/p>\n","protected":false},"excerpt":{"rendered":"<p>Klicken Sie hier, um die deutsche Version zu lesen. Agenda de la semana 30\/7\/05-6\/8\/05 Centros de exposiciones Centro Cultural Borges, Viamonte\/San Mart\u00edn (Lun-Sab 10-21, Dom 12-21 hs, entrada 3 pesos, estudiantes y jubilados 1,50 pesos; Warhol y Dal\u00ed: entrada 9 pesos, estudiantes y jubilados 5 pesos, chicos menores de 12 a\u00f1os 3 pesos): Andy Warhol, [&hellip;]<\/p>\n","protected":false},"author":1,"featured_media":0,"comment_status":"open","ping_status":"open","sticky":false,"template":"","format":"standard","meta":{"footnotes":""},"categories":[3],"tags":[],"class_list":["post-154","post","type-post","status-publish","format-standard","hentry","category-kalender-agenda"],"_links":{"self":[{"href":"https:\/\/kunstinargentinien.com\/index.php\/wp-json\/wp\/v2\/posts\/154","targetHints":{"allow":["GET"]}}],"collection":[{"href":"https:\/\/kunstinargentinien.com\/index.php\/wp-json\/wp\/v2\/posts"}],"about":[{"href":"https:\/\/kunstinargentinien.com\/index.php\/wp-json\/wp\/v2\/types\/post"}],"author":[{"embeddable":true,"href":"https:\/\/kunstinargentinien.com\/index.php\/wp-json\/wp\/v2\/users\/1"}],"replies":[{"embeddable":true,"href":"https:\/\/kunstinargentinien.com\/index.php\/wp-json\/wp\/v2\/comments?post=154"}],"version-history":[{"count":0,"href":"https:\/\/kunstinargentinien.com\/index.php\/wp-json\/wp\/v2\/posts\/154\/revisions"}],"wp:attachment":[{"href":"https:\/\/kunstinargentinien.com\/index.php\/wp-json\/wp\/v2\/media?parent=154"}],"wp:term":[{"taxonomy":"category","embeddable":true,"href":"https:\/\/kunstinargentinien.com\/index.php\/wp-json\/wp\/v2\/categories?post=154"},{"taxonomy":"post_tag","embeddable":true,"href":"https:\/\/kunstinargentinien.com\/index.php\/wp-json\/wp\/v2\/tags?post=154"}],"curies":[{"name":"wp","href":"https:\/\/api.w.org\/{rel}","templated":true}]}}