{"id":15446,"date":"2013-04-28T00:16:40","date_gmt":"2013-04-28T03:16:40","guid":{"rendered":"http:\/\/kunstinargentinien.com\/?p=15446"},"modified":"2013-04-28T00:39:04","modified_gmt":"2013-04-28T03:39:04","slug":"deutscher-besuch-auf-der-buchmesse","status":"publish","type":"post","link":"https:\/\/kunstinargentinien.com\/index.php\/2013\/04\/28\/deutscher-besuch-auf-der-buchmesse\/","title":{"rendered":"Deutscher Besuch auf der Buchmesse"},"content":{"rendered":"<p><a href=\"http:\/\/kunstinargentinien.com\/index.php\/2013\/04\/28\/visita-de-alemania-en-la-feria-del-libro\/\">Click aqu\u00ed para leer la versi\u00f3n en castellano.<\/a><\/p>\n<p><strong>Raul Zelik auf der 39. Internationalen Buchmesse von Buenos Aires<\/strong><\/p>\n<p><a href=\"http:\/\/kunstinargentinien.com\/wp-content\/uploads\/2013\/04\/zelik.jpg\"><img loading=\"lazy\" decoding=\"async\" src=\"http:\/\/kunstinargentinien.com\/wp-content\/uploads\/2013\/04\/zelik.jpg\" alt=\"\" title=\"zelik\" width=\"250\" height=\"250\" class=\"alignright size-full wp-image-15467\" srcset=\"https:\/\/kunstinargentinien.com\/wp-content\/uploads\/2013\/04\/zelik.jpg 250w, https:\/\/kunstinargentinien.com\/wp-content\/uploads\/2013\/04\/zelik-150x150.jpg 150w\" sizes=\"auto, (max-width: 250px) 100vw, 250px\" \/><\/a>Der deutsche Schriftsteller und Sozialwissenschaftler Raul Zelik wird auf der 39. Internationalen Buchmesse in Buenos Aires zu Gast sein. Auf Einladung des <a href=\"http:\/\/www.goethe.de\/ins\/ar\/bue\/esindex.htm\">Goethe-Instituts<\/a> und der Frankfurter Buchmesse wird Zelik mit der argentinischen Autorin und Sozialwissenschaftlerin Maristella Svampa \u00fcber politische Aspekte in ihren literarischen Texten und \u00fcber die Fiktion, die die Literatur aus dringenden Konflikten der Gegenwart macht, diskutieren. Das von Gabriela Massuh moderierte Gespr\u00e4ch findet in spanischer Sprache am Sonntag, dem 28. April, um 17.30 Uhr, im Adolfo Bioy Casares-Saal des &#8220;Pabell\u00f3n Blanco&#8221; des Messegel\u00e4ndes &#8220;Rural&#8221; statt. Der Eintritt zur Veranstaltung ist frei. (Informationen zu den Eintrittskarten zur Buchmesse <em><a href=\"http:\/\/www.el-libro.org.ar\/\">hier<\/a><\/em>.)<\/p>\n<p>Am Donnerstag, dem 2. Mai, um 17.30 Uhr, nimmt Raul Zelik an der Gespr\u00e4chsrunde &#8220;La filosof\u00eda como herramienta, ac\u00e1 y all\u00e1&#8221; (Philosophie als Werkzeug, hier und dort) teil, diesmal im Domingo Faustino Sarmiento-Saal auf dem Messegl\u00e4nde.<\/p>\n<p>Au\u00dferhalb der Messe stellt Raul Zelik am Dienstag, dem 30. April, um 19.30 Uhr die argentinische Ausgabe seines Buches &#8220;Berliner Verh\u00e4ltnisse&#8221; (Situaciones berlinesas, Cruce Casa Editora) im Dialog mit dem Schriftsteller Ariel Magnus vor. Die Veranstaltung findet im Caf\u00e9 Varela Varelita, Scalabrini Ortiz, Ecke Paraguay statt; der Eintritt ist frei.<\/p>\n<p>Die argentinische Autorin Svampa und Raul Zelik haben gemeinsam, dass sie beide als Vertreter des fortschrittlichsten sozialpolitischen Denkens der Gegenwart gelten, jenes Denkens, das auf rhetorische Formeln verzichtet, um sich aktiv sozial und politisch zu engagieren. Beide schreiben au\u00dferdem B\u00fccher, die sie als Autoren politischer Romane auszeichnen, in der Gegenwartsliteratur zurzeit eher etwas Seltenes.<\/p>\n<p>Raul Zelik (M\u00fcnchen, 1968, Schriftsteller, \u00dcbersetzer und Sozialwissenschaftler) ist einer der wenigen deutschen Autoren, die in ihren Romanen politische Themen reflektieren. Der Konflikt im Baskenland, Hausbesetzungen und Supermarktpl\u00fcnderungen Anfang der 80er Jahre in Deutschland, rum\u00e4nische Immigration in Berlin oder die Verfolgung von politischen Fl\u00fcchtlingen, die Asyl suchen, sind nur einige der Themen, die in seinen Romanen wiederzufinden sind. Flie\u00dfend bewegt sich sein Diskurs zwischen Literatur und Sozialwissenschaften. Er schl\u00e4gt Br\u00fccken zwischen Europa und Lateinamerika und schafft auf diese Weise Verbindungen zwischen Menschen mit ganz unterschiedlichen Lebensrealit\u00e4ten.<\/p>\n<p>Als Lateinamerika-Experte beobachtet und analysiert Zelik seit Jahren die politischen Entwicklungen auf dem s\u00fcdamerikanischen Kontinent. In seinen Arbeiten untersucht er die G\u00fcltigkeit und Anwendbarkeit verschiedener europ\u00e4isch gepr\u00e4gter Theorien auf bestimmte dortige Ph\u00e4nomene und kommt dabei immer wieder zu \u00fcberraschenden Schl\u00fcssen. Unter anderem befasste er sich mit der Analyse und den Widerspr\u00fcchen von Begriffen wie dem &#8220;Sozialismus des 21. Jahrhunderts&#8221;. Weitere Ergebnisse seiner Lateinamerikareisen sind z.B. sein politisch-literarisches Tagebuch &#8220;made in venezuela. notizen \u00fcber die bolivarianische revolution&#8221; (2004) und der Roman &#8220;La Negra&#8221; (2000). Sein Roman &#8220;Berliner Verh\u00e4ltnisse&#8221; (2005) wurde f\u00fcr den Deutschen Buchpreis nominiert und &#8220;Der bewaffnete Freund&#8221; (2007) erfuhr ebenfalls eine sehr positive Resonanz.<\/p>\n<p>Sein letzter Roman &#8220;Der Eindringling&#8221; (Suhrkamp 2012), der noch nicht ins Spanische \u00fcbersetzt wurde, nimmt den gleichen Titel des franz\u00f6sischen Philosophen Jean-Luc Nancy als Ausganspunkt, um die Auseinandersetzung eines Sohnes mit der Geschichte seines Vaters zu erz\u00e4hlen. Fil, der Vater, verlie\u00df die Familie, um sich seinem Dasein als radikaler Politaktivist zu widmen. Daniel, der Sohn, wuchs bei der Mutter und ihrem sp\u00e4teren Freund auf und kennt seinen leiblichen Vater eher als Ger\u00fccht. Als der unbekannte Vater wegen einer schweren Lungenfibrose k\u00fcnstlich ins Koma versetzt wird und auf eine Transplantation wartet, n\u00e4hert sich Daniel ihm zwangsl\u00e4ufig an.<\/p>\n<p>Seit 2010 ist Raul Zelik Professor f\u00fcr Politik an der Nationaluniversit\u00e4t Kolumbiens. Besonders nennenswerte Sachb\u00fccher Zeliks sind &#8220;Die Vermessung der Utopie&#8221; (2009), &#8220;Ein Gespr\u00e4ch mit Elmar Altvater \u00fcber die Mythen des Kapitalismus und die kommende Gesellschaft&#8221; sowie &#8220;Nach dem Kapitalismus? Perspektiven der Empanzipation oder: Das Projekt Communismus anders denken&#8221; (2011). Weitere Informationen <em><a href=\"http:\/\/www.raulzelik.net\/\">hier<\/a><\/em>.<\/p>\n<ul>\n<li>Veranstaltung: 39. Internationale Buchmesse von Buenos Aires<\/li>\n<li>Dauer: 25. April bis 13. Mai 2013<\/li>\n<li>\u00d6ffnungzeiten: Mo-Do 14-21, Fr 14-22, Sa 13-22, So 13-21 Uhr<\/li>\n<li>Ausnahme: 1.5., 13-21 Uhr<\/li>\n<li>Eintritt: Mo-Do 20 Pesos; Fr, Sa, So, feiertags 30 Pesos<\/li>\n<li>Gratis: Kinder unter 12, Behinderte, Schulklassen (nach Anmeldung)<\/li>\n<li>Gratis Mo-Fr (au\u00dfer 1.5.): Rentner, Dozenten<\/li>\n<li>Adresse: Messegel\u00e4nde La Rural, Plaza Italia, Palermo, Buenos Aires<\/li>\n<li><a href=\"http:\/\/www.el-libro.org.ar\/\">Internet<\/a><\/li>\n<\/ul>\n","protected":false},"excerpt":{"rendered":"<p>Click aqu\u00ed para leer la versi\u00f3n en castellano. Raul Zelik auf der 39. Internationalen Buchmesse von Buenos Aires Der deutsche Schriftsteller und Sozialwissenschaftler Raul Zelik wird auf der 39. Internationalen Buchmesse in Buenos Aires zu Gast sein. Auf Einladung des Goethe-Instituts und der Frankfurter Buchmesse wird Zelik mit der argentinischen Autorin und Sozialwissenschaftlerin Maristella Svampa [&hellip;]<\/p>\n","protected":false},"author":1,"featured_media":0,"comment_status":"open","ping_status":"open","sticky":false,"template":"","format":"standard","meta":{"footnotes":""},"categories":[14,20,4],"tags":[],"class_list":["post-15446","post","type-post","status-publish","format-standard","hentry","category-gesellschaft-sociedad","category-literatur-literatura","category-tipp-der-woche-recomendacion-de-la-semana"],"_links":{"self":[{"href":"https:\/\/kunstinargentinien.com\/index.php\/wp-json\/wp\/v2\/posts\/15446","targetHints":{"allow":["GET"]}}],"collection":[{"href":"https:\/\/kunstinargentinien.com\/index.php\/wp-json\/wp\/v2\/posts"}],"about":[{"href":"https:\/\/kunstinargentinien.com\/index.php\/wp-json\/wp\/v2\/types\/post"}],"author":[{"embeddable":true,"href":"https:\/\/kunstinargentinien.com\/index.php\/wp-json\/wp\/v2\/users\/1"}],"replies":[{"embeddable":true,"href":"https:\/\/kunstinargentinien.com\/index.php\/wp-json\/wp\/v2\/comments?post=15446"}],"version-history":[{"count":6,"href":"https:\/\/kunstinargentinien.com\/index.php\/wp-json\/wp\/v2\/posts\/15446\/revisions"}],"predecessor-version":[{"id":15494,"href":"https:\/\/kunstinargentinien.com\/index.php\/wp-json\/wp\/v2\/posts\/15446\/revisions\/15494"}],"wp:attachment":[{"href":"https:\/\/kunstinargentinien.com\/index.php\/wp-json\/wp\/v2\/media?parent=15446"}],"wp:term":[{"taxonomy":"category","embeddable":true,"href":"https:\/\/kunstinargentinien.com\/index.php\/wp-json\/wp\/v2\/categories?post=15446"},{"taxonomy":"post_tag","embeddable":true,"href":"https:\/\/kunstinargentinien.com\/index.php\/wp-json\/wp\/v2\/tags?post=15446"}],"curies":[{"name":"wp","href":"https:\/\/api.w.org\/{rel}","templated":true}]}}