{"id":1551,"date":"2008-09-01T08:04:04","date_gmt":"2008-09-01T11:04:04","guid":{"rendered":"http:\/\/kunstinargentinien.com\/index.php\/2008\/08\/30\/zyklus-neuer-dramaturgie\/"},"modified":"2008-08-30T12:10:57","modified_gmt":"2008-08-30T15:10:57","slug":"zyklus-neuer-dramaturgie","status":"publish","type":"post","link":"https:\/\/kunstinargentinien.com\/index.php\/2008\/09\/01\/zyklus-neuer-dramaturgie\/","title":{"rendered":"Zyklus Neuer Dramaturgie"},"content":{"rendered":"<p><strong>Szenische Lesungen im Goethe-Institut<\/strong><\/p>\n<p>Ab heute, Montag, den 1. September, und bis zum 7. Oktober, findet im Goethe-Institut Buenos Aires (Av. Corrientes 319) eine neue Reihe Szenischer Lesungen (\u201eSemi-Montados\u201c) statt, in deren Rahmen Texte zeitgen\u00f6ssischer europ\u00e4ischer Theaterautoren von jungen argentinischen Regisseuren in Szene gesetzt werden. Die Auff\u00fchrungen sind jeweils montags und dienstags um 20 Uhr; der Eintritt ist frei. Karten (zwei pro Person) k\u00f6nnen je eine Stunde vor Vorstellungsbeginn abgeholt werden.<\/p>\n<p>Anja Hilling, Laura de Weck, Johannes Schrettle, H\u00e4ndl Klaus und David Lescot z\u00e4hlen zur neuen Generation europ\u00e4ischer Dramatiker. Ihre St\u00fccke, die f\u00fcr die Reihe Neuer Dramaturgie ausgesucht wurden, handeln von der Suche nach dem Sinn und den Problemen ihrer Zeit: von oberfl\u00e4chlichen Freundschaften, vom Leben f\u00fcr den Lebenslauf, von Kommunikationslosigkeit und Resignation.<\/p>\n<p>Auff\u00fchrungen: 1.\/2.9.: \u201eColega de Nadie\u201c von Johannes Schrettle, Regie: Mariano Pensotti; 8.\/9.9.: \u201eGente favorita\u201c von Laura de Weck, Regie: Mat\u00edas Umpierrez; 22.\/23.9.: \u201eNostalgie 2175\u201c von Anja Hilling, Regie: Ariel Parace; 29.\/30.9.: \u201eEl perfeccionamiento\/L&#8217;Am\u00e9lioration\u201c von David Lescot*, Regie: David Lescot\/Julio Molina; 6.\/7.10.: \u201eUn lugar de oscura atracci\u00f3n\u201c von H\u00e4ndl Klaus, Regie: Pilar Gamboa.<br \/>\n(*findet in der Alianza Francesa, Av. C\u00f3rdoba 946, statt)<\/p>\n","protected":false},"excerpt":{"rendered":"<p>Szenische Lesungen im Goethe-Institut Ab heute, Montag, den 1. September, und bis zum 7. Oktober, findet im Goethe-Institut Buenos Aires (Av. Corrientes 319) eine neue Reihe Szenischer Lesungen (\u201eSemi-Montados\u201c) statt, in deren Rahmen Texte zeitgen\u00f6ssischer europ\u00e4ischer Theaterautoren von jungen argentinischen Regisseuren in Szene gesetzt werden. Die Auff\u00fchrungen sind jeweils montags und dienstags um 20 Uhr; [&hellip;]<\/p>\n","protected":false},"author":1,"featured_media":0,"comment_status":"open","ping_status":"open","sticky":false,"template":"","format":"standard","meta":{"footnotes":""},"categories":[10,4],"tags":[],"class_list":["post-1551","post","type-post","status-publish","format-standard","hentry","category-off-topic","category-tipp-der-woche-recomendacion-de-la-semana"],"_links":{"self":[{"href":"https:\/\/kunstinargentinien.com\/index.php\/wp-json\/wp\/v2\/posts\/1551","targetHints":{"allow":["GET"]}}],"collection":[{"href":"https:\/\/kunstinargentinien.com\/index.php\/wp-json\/wp\/v2\/posts"}],"about":[{"href":"https:\/\/kunstinargentinien.com\/index.php\/wp-json\/wp\/v2\/types\/post"}],"author":[{"embeddable":true,"href":"https:\/\/kunstinargentinien.com\/index.php\/wp-json\/wp\/v2\/users\/1"}],"replies":[{"embeddable":true,"href":"https:\/\/kunstinargentinien.com\/index.php\/wp-json\/wp\/v2\/comments?post=1551"}],"version-history":[{"count":0,"href":"https:\/\/kunstinargentinien.com\/index.php\/wp-json\/wp\/v2\/posts\/1551\/revisions"}],"wp:attachment":[{"href":"https:\/\/kunstinargentinien.com\/index.php\/wp-json\/wp\/v2\/media?parent=1551"}],"wp:term":[{"taxonomy":"category","embeddable":true,"href":"https:\/\/kunstinargentinien.com\/index.php\/wp-json\/wp\/v2\/categories?post=1551"},{"taxonomy":"post_tag","embeddable":true,"href":"https:\/\/kunstinargentinien.com\/index.php\/wp-json\/wp\/v2\/tags?post=1551"}],"curies":[{"name":"wp","href":"https:\/\/api.w.org\/{rel}","templated":true}]}}