{"id":15598,"date":"2013-05-10T15:20:38","date_gmt":"2013-05-10T18:20:38","guid":{"rendered":"http:\/\/kunstinargentinien.com\/?p=15598"},"modified":"2013-05-11T15:23:01","modified_gmt":"2013-05-11T18:23:01","slug":"bucher-uber-bucher","status":"publish","type":"post","link":"https:\/\/kunstinargentinien.com\/index.php\/2013\/05\/10\/bucher-uber-bucher\/","title":{"rendered":"B\u00fccher \u00fcber B\u00fccher"},"content":{"rendered":"<p><strong>Lesefreunde kommen auf der 39. &#8220;Feria del Libro&#8221; voll auf ihre Kosten<\/p>\n<p><em>Von Jana M\u00fcnkel<\/em><\/strong><\/p>\n<p><a href=\"http:\/\/kunstinargentinien.com\/wp-content\/uploads\/2013\/05\/buchstapel11.jpg\"><img loading=\"lazy\" decoding=\"async\" src=\"http:\/\/kunstinargentinien.com\/wp-content\/uploads\/2013\/05\/buchstapel11.jpg\" alt=\"\" title=\"buchstapel11\" width=\"250\" height=\"334\" class=\"alignleft size-full wp-image-15609\" srcset=\"https:\/\/kunstinargentinien.com\/wp-content\/uploads\/2013\/05\/buchstapel11.jpg 250w, https:\/\/kunstinargentinien.com\/wp-content\/uploads\/2013\/05\/buchstapel11-224x300.jpg 224w\" sizes=\"auto, (max-width: 250px) 100vw, 250px\" \/><\/a>Eigentlich kommt keiner dieser Tage an ihnen vorbei: Alle Br\u00fccken in Buenos Aires sind beh\u00e4ngt mit riesigen Buchplakaten, auf denen &#8220;libros como puentes&#8221; steht. Die 39. Internationale Buchmesse von Buenos Aires ist in vollem Gange und lockt zahlreiche Besucher an. Es ist gar nicht so einfach, den \u00dcberblick zu behalten bei den unz\u00e4hligen St\u00e4nden, die zum Bl\u00e4ttern, Schm\u00f6kern oder Fragen einladen. Doch das Farbsystem der Buchmesse hilft bei der Orientierung und schlie\u00dflich findet jeder zu seinem Wunschstand. \u00dcberall B\u00fccher: Gro\u00dfe, kleine, dicke, d\u00fcnne, Wissenschaftliches und Spa\u00dfiges &#8211; da ist f\u00fcr alle etwas dabei.<\/p>\n<p>Wer nicht ganz so zielgerichtet seinen Lieblingsverlag sucht, kann sich auch einfach treiben lassen und kommt dabei leicht ins Gespr\u00e4ch mit einem der vielen Freiwilligen, die den Besuchern etwas \u00fcber ihren Stand erkl\u00e4ren oder Literaturempfehlungen abgeben. Mart\u00edn ist 18 Jahre alt und studiert Englisch an der UBA. Er arbeitet das erste Mal auf der Buchmesse am Longseller-Stand &#8211; weil ihm &#8220;B\u00fccher einfach gut gefallen.&#8221; Eine nette Beratung gibt es auch am deutschen Stand, an dem viele spannende B\u00fccher zum Lesen einladen. Zu Gast war dieses Jahr der in M\u00fcnchen geborene Schriftsteller Raul Zelik, der momentan eine Professur f\u00fcr Politik an der Nationaluniversit\u00e4t Kolumbiens innehat. Die spanische Ausgabe seines Buchs &#8220;Berliner Verh\u00e4ltnisse&#8221; stie\u00df auf gro\u00dfes Interesse und ist bereits ausverkauft.<\/p>\n<p><a href=\"http:\/\/kunstinargentinien.com\/wp-content\/uploads\/2013\/05\/cafeamsterdam11.jpg\"><img loading=\"lazy\" decoding=\"async\" src=\"http:\/\/kunstinargentinien.com\/wp-content\/uploads\/2013\/05\/cafeamsterdam11.jpg\" alt=\"\" title=\"cafeamsterdam11\" width=\"250\" height=\"188\" class=\"alignright size-full wp-image-15612\" \/><\/a>Wie in jedem Jahr ist auf der Buchmesse auch eine Stadt zu Gast; dieses Mal fiel die Wahl auf die Hauptstadt der Niederlande. Inmitten des B\u00fcchertrubels l\u00e4dt das in hellem Holz gehaltene &#8220;Caf\u00e9 Amsterdam&#8221; mit seinen typisch orangenen Fenstern zum Ausruhen ein. Bei einem (zugegebenerma\u00dfen ziemlich s\u00fc\u00dfen Instant-) Cappuccino und einer Medialuna k\u00f6nnen die Besucher in ihren erworbenen B\u00fcchern schm\u00f6kern oder auch die ausliegende niederl\u00e4ndische Literatur entdecken. Das niederl\u00e4ndische Kulth\u00e4schen Miffy darf nat\u00fcrlich ebenfalls nicht fehlen und schaut verschmitzt durch die Hintert\u00fcr. Wer dann noch nicht genug hat, kann an den zahlreichen angebotenen Buchvorstellungen, runden Tischen und Diskussionsrunden teilnehmen (<a href=\"http:\/\/www.el-libro.org.ar\/\">Programm<\/a>). Bis zum kommenden Montag, den 13. Mai, kann noch &#8220;buchgemesst&#8221; werden.<\/p>\n<p><strong>Fotos von oben nach unten:<\/strong><br \/>\n\u00dcberlebensgro\u00dfe B\u00fccher: Der Traum so mancher Leseratte.<\/p>\n<p>Oranje! Das Caf\u00e9 Amsterdam.<br \/>\n(Fotos: Jana M\u00fcnkel)<\/p>\n","protected":false},"excerpt":{"rendered":"<p>Lesefreunde kommen auf der 39. &#8220;Feria del Libro&#8221; voll auf ihre Kosten Von Jana M\u00fcnkel Eigentlich kommt keiner dieser Tage an ihnen vorbei: Alle Br\u00fccken in Buenos Aires sind beh\u00e4ngt mit riesigen Buchplakaten, auf denen &#8220;libros como puentes&#8221; steht. Die 39. Internationale Buchmesse von Buenos Aires ist in vollem Gange und lockt zahlreiche Besucher an. [&hellip;]<\/p>\n","protected":false},"author":1,"featured_media":0,"comment_status":"open","ping_status":"open","sticky":false,"template":"","format":"standard","meta":{"footnotes":""},"categories":[20,4],"tags":[],"class_list":["post-15598","post","type-post","status-publish","format-standard","hentry","category-literatur-literatura","category-tipp-der-woche-recomendacion-de-la-semana"],"_links":{"self":[{"href":"https:\/\/kunstinargentinien.com\/index.php\/wp-json\/wp\/v2\/posts\/15598","targetHints":{"allow":["GET"]}}],"collection":[{"href":"https:\/\/kunstinargentinien.com\/index.php\/wp-json\/wp\/v2\/posts"}],"about":[{"href":"https:\/\/kunstinargentinien.com\/index.php\/wp-json\/wp\/v2\/types\/post"}],"author":[{"embeddable":true,"href":"https:\/\/kunstinargentinien.com\/index.php\/wp-json\/wp\/v2\/users\/1"}],"replies":[{"embeddable":true,"href":"https:\/\/kunstinargentinien.com\/index.php\/wp-json\/wp\/v2\/comments?post=15598"}],"version-history":[{"count":6,"href":"https:\/\/kunstinargentinien.com\/index.php\/wp-json\/wp\/v2\/posts\/15598\/revisions"}],"predecessor-version":[{"id":15614,"href":"https:\/\/kunstinargentinien.com\/index.php\/wp-json\/wp\/v2\/posts\/15598\/revisions\/15614"}],"wp:attachment":[{"href":"https:\/\/kunstinargentinien.com\/index.php\/wp-json\/wp\/v2\/media?parent=15598"}],"wp:term":[{"taxonomy":"category","embeddable":true,"href":"https:\/\/kunstinargentinien.com\/index.php\/wp-json\/wp\/v2\/categories?post=15598"},{"taxonomy":"post_tag","embeddable":true,"href":"https:\/\/kunstinargentinien.com\/index.php\/wp-json\/wp\/v2\/tags?post=15598"}],"curies":[{"name":"wp","href":"https:\/\/api.w.org\/{rel}","templated":true}]}}