{"id":15681,"date":"2013-05-20T09:34:55","date_gmt":"2013-05-20T12:34:55","guid":{"rendered":"http:\/\/kunstinargentinien.com\/?p=15681"},"modified":"2013-05-19T13:42:09","modified_gmt":"2013-05-19T16:42:09","slug":"nichts-wie-hin","status":"publish","type":"post","link":"https:\/\/kunstinargentinien.com\/index.php\/2013\/05\/20\/nichts-wie-hin\/","title":{"rendered":"Nichts wie hin!"},"content":{"rendered":"<p><strong>Die erfolgreiche Kunstmesse arteBA findet vom 24. bis 27. Mai zum 22. Mal statt<\/p>\n<p><em>Von Jana M\u00fcnkel<\/em><\/strong><\/p>\n<p><a href=\"http:\/\/kunstinargentinien.com\/wp-content\/uploads\/2013\/05\/arteba.jpg\"><img loading=\"lazy\" decoding=\"async\" src=\"http:\/\/kunstinargentinien.com\/wp-content\/uploads\/2013\/05\/arteba.jpg\" alt=\"\" title=\"arteba\" width=\"250\" height=\"163\" class=\"alignleft size-full wp-image-15683\" \/><\/a>K\u00fcnstler, Galeristen, Kultureinrichtungen, Unternehmen und Experten aus der Welt der Kunst &#8211; wann trifft man sie alle schon einmal am gleichen Fleck? Bei der &#8220;arteBA&#8221;, der Kunstmesse in Buenos Aires, ist dies kein Problem. Dieses Jahr sind insgesamt 82 Galerien aus Lateinamerika, den USA und Europa in vier Sektionen zu Gast. Neben den &#8220;normalen&#8221; Hauptst\u00e4nden sind besonders die U-Turn-Projektr\u00e4ume von Mercedes Benz und das &#8220;Barrio Joven&#8221; als Ausstellungsort f\u00fcr junge, aufstrebende und vielversprechende K\u00fcnstler einen Besuch wert. Mit Spannung wird auch die Verleihung des &#8220;Petrobras&#8221;-Preises erwartet, der mit 25.000 Pesos ausgelobt ist. Der Kurator Cuauht\u00e9moc Medina wird zusammen mit zwei K\u00fcnstlern aus f\u00fcnf Arbeiten ausw\u00e4hlen, die alle im Exil entstanden sind oder die Auswanderung zum Thema haben.<\/p>\n<p>Doch f\u00fcr Kunstfreunde gibt es noch unz\u00e4hlige weitere Angebote &#8211; wer die Wahl hat, hat die Qual. Zum ersten Mal gibt es zum Beispiel in Zusammenarbeit mit Banco Ciudad ein Programm von jungen KuratorInnen, dar\u00fcber hinaus wird Jos\u00e9 Roca von der Tate Modern Gallery erwartet. Dieser reist an, um lateinamerikanische Werke f\u00fcr die ber\u00fchmte Londoner Galerie zu erwerben. Mit freien Eintritten und spannenden Themen wartet das &#8220;Open Forum&#8221; auf.<\/p>\n<p>Diese 22. arteBA ist zugleich die letzte unter der Direktion von Facundo G\u00f3mez Minuj\u00edn. Ab Juli wird Alec Oxenford neuer Pr\u00e4sident. Vielleicht zeigt sich die Messe ja im n\u00e4chsten Jahr mit ganz neuem Gesicht? Doch nun gilt zun\u00e4chst der Moment &#8211; nichts wie hin, um viele k\u00fcnstlerisch-\u00fcberraschende Momente zu erleben!<\/p>\n<ul>\n<li>22. Kunstmesse arteBA<\/li>\n<li>24.05.-27.05.2013<\/li>\n<li>Veranstaltungsort: Messegel\u00e4nde La Rural im Blauen und Gr\u00fcnen Pavillon, Av. Sarmiento 2704, Buenos Aires<\/li>\n<li>\u00d6ffnungszeiten: 13-21 Uhr<\/li>\n<li>Weitere Informationen und Programm <a href=\"http:\/\/www.arteba.org\/\"><em>hier<\/em><\/a><\/li>\n<\/ul>\n<p><strong>Foto:<\/strong><br \/>\nLabyrinth aus Kunst: Die arteBA \u00f6ffnet am kommenden Freitag ihre Pforten.<\/p>\n","protected":false},"excerpt":{"rendered":"<p>Die erfolgreiche Kunstmesse arteBA findet vom 24. bis 27. Mai zum 22. Mal statt Von Jana M\u00fcnkel K\u00fcnstler, Galeristen, Kultureinrichtungen, Unternehmen und Experten aus der Welt der Kunst &#8211; wann trifft man sie alle schon einmal am gleichen Fleck? Bei der &#8220;arteBA&#8221;, der Kunstmesse in Buenos Aires, ist dies kein Problem. Dieses Jahr sind insgesamt [&hellip;]<\/p>\n","protected":false},"author":1,"featured_media":0,"comment_status":"open","ping_status":"open","sticky":false,"template":"","format":"standard","meta":{"footnotes":""},"categories":[4],"tags":[],"class_list":["post-15681","post","type-post","status-publish","format-standard","hentry","category-tipp-der-woche-recomendacion-de-la-semana"],"_links":{"self":[{"href":"https:\/\/kunstinargentinien.com\/index.php\/wp-json\/wp\/v2\/posts\/15681","targetHints":{"allow":["GET"]}}],"collection":[{"href":"https:\/\/kunstinargentinien.com\/index.php\/wp-json\/wp\/v2\/posts"}],"about":[{"href":"https:\/\/kunstinargentinien.com\/index.php\/wp-json\/wp\/v2\/types\/post"}],"author":[{"embeddable":true,"href":"https:\/\/kunstinargentinien.com\/index.php\/wp-json\/wp\/v2\/users\/1"}],"replies":[{"embeddable":true,"href":"https:\/\/kunstinargentinien.com\/index.php\/wp-json\/wp\/v2\/comments?post=15681"}],"version-history":[{"count":6,"href":"https:\/\/kunstinargentinien.com\/index.php\/wp-json\/wp\/v2\/posts\/15681\/revisions"}],"predecessor-version":[{"id":15727,"href":"https:\/\/kunstinargentinien.com\/index.php\/wp-json\/wp\/v2\/posts\/15681\/revisions\/15727"}],"wp:attachment":[{"href":"https:\/\/kunstinargentinien.com\/index.php\/wp-json\/wp\/v2\/media?parent=15681"}],"wp:term":[{"taxonomy":"category","embeddable":true,"href":"https:\/\/kunstinargentinien.com\/index.php\/wp-json\/wp\/v2\/categories?post=15681"},{"taxonomy":"post_tag","embeddable":true,"href":"https:\/\/kunstinargentinien.com\/index.php\/wp-json\/wp\/v2\/tags?post=15681"}],"curies":[{"name":"wp","href":"https:\/\/api.w.org\/{rel}","templated":true}]}}