{"id":158,"date":"2005-08-06T11:18:51","date_gmt":"2005-08-06T14:18:51","guid":{"rendered":"http:\/\/kunstinargentinien.com\/index.php\/2005\/08\/06\/kalender-agenda\/"},"modified":"2005-08-08T10:06:31","modified_gmt":"2005-08-08T13:06:31","slug":"kalender-agenda","status":"publish","type":"post","link":"https:\/\/kunstinargentinien.com\/index.php\/2005\/08\/06\/kalender-agenda\/","title":{"rendered":"Kalender \/ Agenda"},"content":{"rendered":"<p><a href=\"http:\/\/kunstinargentinien.com\/index.php\/2005\/08\/06\/agenda-kalender\/\">Click aqu\u00ed para leer la versi\u00f3n en castellano.<\/a><\/p>\n<p><strong>Ausstellungs-Kalender 6.8.05-13.8.05<\/strong><\/p>\n<p><em>Ausstellungszentren<\/em><\/p>\n<ul>\n<li>Centro Cultural Borges, Viamonte\/San Mart\u00edn (Mo-Sa 10-21, So 12-21 Uhr, Eintritt 3 Pesos, Studenten und Rentner 1,50 Pesos; Warhol und Dal\u00ed: Eintritt 9 Pesos, Studenten und Rentner 5 Pesos, Kinder unter 12 Jahren 3 Pesos): Andy Warhol, graphisches Werk, Dokumente.  7.6.-2.10. \/ Salvador Dal\u00ed, \u201eEl Quijote\u201c, Graphiken, Fotos, B\u00fccher. 19.7.-19.8. \/ Marta Minuj\u00edn, \u201eVentanas\u201c. 2.8.-22.8. \/ Gabriel L\u00f3pez Santiso, \u201eEncadenamiento del color\u201c, Gem\u00e4lde. 4.8.-28.8.<\/li>\n<p><!--more--><\/p>\n<li>Centro Cultural Recoleta, Jun\u00edn 1930 (Di-Fr 14-21, Sa, So und feiertags 10-21 Uhr, Eintritt 1 Peso): Rogelio Polesello, Retrospektive (Cronopios-Saal). 12.7.-28.8. \/ Mark Brusse, Gem\u00e4lde (Saal \u201eJ\u201c). Bis 14.8. \/ Betsab\u00e9 Romero (Mexiko), \u201eSur\u201c (Saal \u201eC\u201c). Kuratorin: Corinne Sacca-Abadi. 12.7.-7.8. \/ Diana Chorne, \u201eArtes del juego 2005\u201c. 12.7.-7.8. \/ Gabriel Gr\u00fcn\/Lorena Guzman, \u201eMitolog\u00eda\u201c (Saal 10). Er\u00f6ffnung: 9.8., 19 Uhr. Bis 11.9. \/ \u201e(ausencias-libros-complicidades)\u201c, Werke von Marga Steinwasser, Graciela Schifrin Lorenzano und Claudia Contreras anl\u00e4sslich des 11. Jahrestags des Bombenanschlags auf die AMIA (S\u00e4le 1 und 2). Er\u00f6ffnung: 11.8., 19 Uhr. Bis 4.9. \/ Jorge Carbajal\/Dina Spivak, \u201eSERIE-DAD\u201c (Saal 12). Er\u00f6ffnung: 12.8., 19 Uhr. Bis 4.9. \/ Roberto Graziano, \u201eA las cinco de la tarde&#8230;\u201c (Saal 4). Er\u00f6ffnung: 12.8., 19 Uhr. Bis 11.9. \/ Rosemarie Allers, \u201ePicnic en el precipicio\u201c, Gem\u00e4lde (Saal 6). Er\u00f6ffnung: 12.8., 19 Uhr. Bis 4.9.<\/li>\n<li>Centro Cultural de Espa\u00f1a en Buenos Aires CCEBA, Florida 943 (Mo-Fr 10.30-20 Uhr): \u201eObjetos de deseo, objetos de seducci\u00f3n. Sechs zeitgen\u00f6ssische spanische Fotografen\u201c, Werke von Xoan Anleo, Ciuco Guti\u00e9rrez, Rafael Lia\u00f1o, Chema Madoz, Rosa Mu\u00f1oz, Jos\u00e9 Luis Santalla (Hauptsaal) \/ Marcela Astorga, \u201eSin t\u00edtulo\u201c, Installation (M1) \/ Delia Cancela, \u201eFavoritos\u201c, Installation (M2) \/ Liniers, \u201eSe\u00f1oras y se\u00f1ores en apuros por ac\u00e1\u201c, Intervention (M3) \/ Enrique Deschutter, \u201eCeremonia\u201c, Klang-Installation (M3) \/ Cristian Segura, \u201ePizarras\u201c, Intervention (M4). 27.7.-2.9.<\/li>\n<li>MALBA, Av. Figueroa Alcorta 3415 (Do-Mo 12-20, Mi 12-21 Uhr, dienstags geschlossen, Eintritt 7 Pesos, Dozenten und Senioren \u00fcber 65 Jahre 3,50 Pesos, Rentner und Kinder unter 12 Jahre gratis, mittwochs Eintritt frei): \u201eXul Solar. Visiones y revelaciones\u201c. Kuratorin: Patricia Artundo. 17.6.-15.8. \/ \u201eContempor\u00e1neo 13: Transformaciones azarosas\u201c, Werke von Andrea Juan, Mariano Sard\u00f3n &#038; Paula Senderowicz. Kuratorin: Corinne Sacca Abadi. 30.6.-15.8. \/ \u201eAdquisiciones, donaciones y comodatos\u201c (30 neu erworbene Werke der Sammlung Costantini, u.a. von Dino Bruzzone, Elba Bairon, Flavia da Rin, Pablo Siquier und Horacio Coppola). 20.7.-12.9.<\/li>\n<li>Museo Nacional de Bellas Artes, Av. del Libertador 1473 (Di-So 13.30-19.30, Sa 9.30-19.30 Uhr): Mar\u00eda Simon, Skulpturen, Graphiken, Textilkunst \/ Alberto Delmonte, Werke 1985-2005 (Pabell\u00f3n). Seit 27.7. \/ Lucio Boschi, \u201eUna Argentina\u201c, Fotos. Seit 3.8.<\/li>\n<li>Museo Eduardo S\u00edvori, Av. Infanta Isabel 555 (Di-Fr 12-18, Sa und So 10-18 Uhr): \u201e19. Sal\u00f3n de Tapiz\u201c, Biennale 2004\/05. Bis 14.8. \/ Orlando Perri (1913-1992), \u201eEn retrospectiva\u201c. Bis 21.8. \/ Museumsschatz des S\u00edvori \u201ePerspectivas del silencio\u201c (Werke von Victor Quiroga, Pablo Su\u00e1rez, Luis Scafati, u.a.). Bis 21.8.<\/li>\n<li>Fundaci\u00f3n Federico Jorge Klemm\/Academia Nacional de Bellas Artes, Marcelo T. de Alvear 626 (Mo-Fr 11-20 Uhr): Ricardo Blanco, \u201eEsto no es una silla\u201c. Seit 3.8. \/ \u201eAfiches Lirolay\u201c 1960-1981. Er\u00f6ffnung: 9.8., 19 Uhr.\u00ad<\/li>\n<li>San Mart\u00edn-Theater, Av. Corrientes 1530 (t\u00e4glich 11 Uhr bis Ende der letzten Theatervorstellung): Diego Levy, \u201eSangre\u201c, Foto-Essay (FotoGaler\u00eda).  2.8.-4.9.<\/li>\n<\/ul>\n<p><em>Sonstige Ausstellungen<\/em><\/p>\n<ul>\n<li>Juan Allaria, Zeichnungen \/Guillermo Ueno, Fotos. Belleza y Felicidad, Acu\u00f1a de Figueroa 900\/Guardia Vieja. Mo-Fr 11-19, Sa 11-13 Uhr. 2.7.-9.8.<\/li>\n<li>Sylvestre Gobart, Osvaldo Grimoldi, Michel Marcu, Laura Messing, Foto-Ausstellungen. Arte x Arte, Lavalleja 1062 (H\u00f6he C\u00f3rdoba 4200). Mo-Sa 13-19 Uhr. 5.7.-30.8.<\/li>\n<li>\u201ePierre Verger. Retrato de Sudam\u00e9r\u00edca. Fotograf\u00edas 1939-1959\u201c. Museo Isaac Fern\u00e1ndez Blanco, Suipacha 1422. Di-So 14-19 Uhr. Eintritt 3 Pesos, \u201eresidentes\u201c 1 Peso. 6.7.-4.9.<\/li>\n<li>\u201eArte del Siglo XX\u201c: Sammlung des Museums Rufino Tamayo, Mexiko. Fundaci\u00f3n Proa, Av. Pedro de Mendoza 1929, La Boca. Di-So 12-19 Uhr. Eintritt 3 Pesos, Studenten 2 Pesos, Rentner 1 Peso. 7.7.-18.9.<\/li>\n<li>Maura Giaconi \/ Juliana Iriart. Alberto Sendr\u00f3s, Pasaje Tres Sargentos 359. 7.7.-12.8.<\/li>\n<li>\u201eVislumbres Pampeanas\u201c, Werke von 35 argentinischen Malern. Pabell\u00f3n de las Bellas Artes, UCA, Alicia Moreau de Justo 1300, Puerto Madero. Di-So 11-20 Uhr, montags geschlossen. 13.7.-7.8.<\/li>\n<li>\u201e\u00a1Manda Fruta!\u201c, Fotos von Alejandro Boggan und Edgardo Delfino. Kurator: Julio S\u00e1nchez. Tono Rojo, Schiaffino 2138. Mo-So 11-24 Uhr. 13.7.-3.9.\u00ad<\/li>\n<li>\u201e10+1\u201c, Werke von Carlos Arnaiz, Juan Astica, Remo Bianchedi, Catalina Chervin, Roberto Elia, F\u00e9lix Rodr\u00edguez, Pedro Roth, Richard Sturgeon, Guillermo Tazelaar, Marcelo Torretta, Charles Vuillermet. Wussmann, Venezuela 570. 14.7.-25.8.\u00ad<\/li>\n<li>\u201eV\u00eda Sat\u00e9lite\u201c, zeitgen\u00f6ssische Kunst aus Peru, Fotos, Videos und Web-Kunst. Espacio Fundaci\u00f3n Telef\u00f3nica, Arenales 1540. Mo-Fr 14-20.30 Uhr. 15.7.-4.9.<\/li>\n<li>Yolanda Maidana, Gem\u00e4lde (Saal I). 19.7.-6.8. \/ Irene Alonso, Fotos (Saal II). 19.7.-6.8. \/ \u201eProyecto Cubo\u201c, Werke von B\u00e1rbara Steimberg, Paula Otegui, Sebasti\u00e1n Pastorino, Claudia Fern\u00e1ndez (Saal III). Kurator: N\u00e9stor Zonana. 28.6.-Juni 2006. Pabell\u00f3n 4, Uriarte 1332. Mo-Sa 16-20 Uhr.\u00ad<\/li>\n<li>Rep, \u201eHomenaje a 2 amigos: Cervantes y Berni\u201c. Centro Cultural San Mart\u00edn, Sarmiento 1551. Mo-So 15-21 Uhr. 19.7.-5.9.\u00ad<\/li>\n<li>Juan Pablo Fern\u00e1ndez Bravo, Tuschzeichnungen. Palatina, Arroyo 821. Mo-Fr 10.30-20, Sa 10-13 Uhr. 21.7.-8.8.<\/li>\n<p>\u00ad<\/p>\n<li>Eduardo Audivert, Gem\u00e4lde. Colecci\u00f3n Alvear de Zurbar\u00e1n, Av. Alvear 1658. Mo-Sa 11-21, So 11-20 Uhr. 25.7.-28.8.<\/li>\n<p>\u00ad<\/p>\n<li>Luis Barragan, Gem\u00e4lde. Van Eyck, Av. Santa Fe 834. Mo-Fr 11-20, Sa 11-13 Uhr. 26.7.-27.8.<\/li>\n<p>\u00ad<\/p>\n<li>Dora Isdatne, Keramiken. Atica, Libertad 1240, P.B. \u201e9\u201c. Mo-Fr 11-13 und 15-20, Sa 11-13.30 Uhr. 26.7.-27.8.<\/li>\n<p>\u00ad<\/p>\n<li>Ricardo Roux, \u201eMemorias de un Gaucho Argentino a la Luna\u201c. VYP, Arroyo 959. Mo-Fr 13-20, Sa 11-13 Uhr. 27.7.-10.8.<\/li>\n<p>\u00ad<\/p>\n<li>Natalia Mart\u00ednez, Gem\u00e4lde. Isidro Miranda, Juan Segundo Fern\u00e1ndez 1221, San Isidro. Mo-Fr 10-13 und 17-20, Sa 10-13 Uhr. 28.7.-17.8.\u00ad<\/li>\n<p>\u00ad<\/p>\n<li>Oscar Sar, \u201eCafet\u00edn de Buenos Aires\u201c, Gem\u00e4lde. Espacio Ag, Marcelo T. de Alvear 1175. Mo-Fr 11-20 Uhr. 28.7.-24.8.\u00ad<\/li>\n<p>\u00ad<\/p>\n<li>Ernesto Bertani, \u201eRosa-Rosa\u201c, Gem\u00e4lde. Zurbar\u00e1n, Cerrito 1522. Mo-Fr 11-21, Sa 10-13 Uhr. K\u00fcnstlerf\u00fchrungen: Fr 18-20 Uhr. 2.8.-10.9.\u00ad<\/li>\n<p>\u00ad<\/p>\n<li>Marian Cvik Weber, \u201eSue\u00f1o con perros negros\u201c, Textilkunst. Elsi del R\u00edo, Ar\u00e9valo 1748, Palermo Hollywood. Di-Fr 15-20, Sa 11-14 Uhr. 2.8.-3.9.\u00ad<\/li>\n<p>\u00ad<\/p>\n<li>Manuel Ameztoy (Saal 2) \/ Tomas Fracchia (Saal 3). Braga Men\u00e9ndez Arte Contempor\u00e1neo, Humboldt 1574. Mo-Fr 13-20, Sa 14-18 Uhr. Seit 2.8.\u00ad\u00ad<\/li>\n<p>\u00ad<\/p>\n<li>\u201eDesde la Ventana\u201c (Werke von Fabi\u00e1n Attila, Silvana Blasbalg, Cho Yong Hwa, Liliana Golubinsky, Graciela Ieger u.v.a.). Schweizerisch-Argentinische Handelskammer, Leandro N. Alem 1974, 10. Stock. Mo und Fr 9-17 Uhr. Tel.: 4311-7187. 2.8.-30.9.<\/li>\n<p>\u00ad<\/p>\n<li>Maru Tombacco, \u201eDesde Adentro\u201c, Fotos. Arcimboldo, Reconquista 761, PA \u201e14\u201c. Mo-Fr 15-19, Sa 11-13 Uhr. 2.8.-29.8.<\/li>\n<p>\u00ad<\/p>\n<li>\u201eColectivo y Singular &#8211; Obras con Historia\u201c. Daniel Maman Fine Art, Av. del Libertador 2475. Mo-Fr 11-20, Sa 11-15 Uhr. 2.8.-30.8.\u00ad<\/li>\n<p>\u00ad<\/p>\n<li>Miguel Rothschild, \u201eCelestial\u201c (Hauptsaal), M\u00e1ximo Gonzalez, \u201ePISAR\u201c (NuevoEspacio). Ruth Benzacar, Florida 1000. Mo-Fr 11.30-20, Sa 10.30-13.30 Uhr. 3.8.-3.9.\u00ad<\/li>\n<p>\u00ad<\/p>\n<li>Antonio Berni, graphisches Werk 1951-1977. Kuratorin: Laura Buccellato. MUNTREF, Universidad Tres de Febrero, Valent\u00edn G\u00f3mez 4838, Caseros, Prov. Bs.As. Mo-Sa 11-20 Uhr. 3.8.-27.8.<\/li>\n<p>\u00ad\u00ad<\/p>\n<li>Lola Goldstein, Malerei auf Papier \/ Mariela Scafati, Malerei auf Keramik. La Bibliotheque, Uruguay 1223, PB \u201e7\u201c. Mo-Fr 15-20 Uhr. Organisiert von \u201eBelleza &#038; Felicidad\u201c. 3.8.-31.8.<\/li>\n<p>\u00ad\u00ad<\/p>\n<li>Raquel Gociol, Anal\u00eda Gomez, Vanina Paredes, Marcela Villagr\u00e1n, Fotos. Asociaci\u00f3n Cultural Pestalozzi, Freire 1882, Belgrano R. Mo-Fr 14-19 Uhr. 3.8.-31.8.<\/li>\n<p>\u00ad\u00ad<\/p>\n<li>Patricia Schenfeld, \u201eFiguras y Silencios\u201c, Fotos. Kurator: Juan Travnik. British Arts Centre, Suipacha 1333. 3.8.-31.8.\u00ad<\/li>\n<p>\u00ad<\/p>\n<li>Marisa Coppa, Gem\u00e4lde. Galer\u00eda El Socorro, Suipacha 1331. Mo-Fr 10.30-20.30, Sa 10.30-13 Uhr. 3.8.-22.8.<\/li>\n<p>\u00ad<\/p>\n<li>Jorge Meijide, \u201eUrbano\u201c. Fondo Nacional de las Artes, Alsina 673. Mo-Fr 10-18 Uhr. 4.8.-26.8.<\/li>\n<p>\u00ad<\/p>\n<li>Carlos Ferreyra, Gem\u00e4lde. Museo Metropolitano, Castex 3217. Mo-Fr 14-19.30, Sa 12-18.30 Uhr. 4.8.-20.8.\u00ad<\/li>\n<p>\u00ad<\/p>\n<li>Marcelo Maira, Gem\u00e4lde, Zeichnungen, Objekte \/ Gemeinschaftsausstellung der Sch\u00fcler Mairas: Rosana Bruno, Cecilia Crotto, Isabel Majdalani, Susana Montero, Adriana Palma, Rub\u00e9n Raggi, \u00d1eca Rangugni. Transarte, Cochabamba 360. Mo-Fr 10-13 und 15-19 Uhr. 5.8.-21.8.<\/li>\n<p>\u00ad\u00ad<\/p>\n<li>Wandgem\u00e4lde \u201eHomenaje a Buenos Aires\u201c von Guillermo Roux. BankBoston, Della Paolera 265, Catalinas. F\u00fchrungen Mo, Mi, Fr 18 Uhr nach telefonischer Anmeldung: 4820-2362. Es gibt Platz f\u00fcr 20 Personen, die F\u00fchrung dauert 35 Min. Bis 31.8.\u00ad<\/li>\n<li>Alfonso Castillo, Mar\u00eda Cristina Fresca, Ada Porcel, Fotos. EspacioArteAeroparque, Stadtflughafen Jorge Newbery, Sektor A, Erdgeschoss. Er\u00f6ffnung: 9.8., 19 Uhr.<\/li>\n<p>\u00ad<\/p>\n<li>Charlie Mainardi, Fotos. El Borde, Uriarte 1356. Mo-Sa 14-20 Uhr. Er\u00f6ffnung: 9.8., 20 Uhr. Bis 22.8.<\/li>\n<p>\u00ad<\/p>\n<li>Graciela Misasi, \u201eAntol\u00f3gica\u201c (Werke 1993-2005). Regierungspalast, Konferenz-Saal. Balcarce 50. Er\u00f6ffnung: 11.8., 13.30 Uhr. Bis 9.9.<\/li>\n<p>\u00ad<\/ul>\n<p><em>Buchvorstellung<\/em><br \/>\nAm Montag, 9.8., um 19 Uhr, wird im Auditorium des Malba, Av. Figueroa Alcorta 3415, das von Edgardo Gim\u00e9nez herausgegebene Buch \u201eMarta Minuj\u00edn por Romero Brest\u201c vorgestellt. Der Chefkurator des Malba, Marcelo Pacheco, \u00fcbernimmt die Pr\u00e4sentation des unver\u00f6ffentlichten Textes von Brest im Beisein von Minuj\u00edn und Gim\u00e9nez. Dar\u00fcber hinaus werden zwei kurze Videos gezeigt.<\/p>\n","protected":false},"excerpt":{"rendered":"<p>Click aqu\u00ed para leer la versi\u00f3n en castellano. Ausstellungs-Kalender 6.8.05-13.8.05 Ausstellungszentren Centro Cultural Borges, Viamonte\/San Mart\u00edn (Mo-Sa 10-21, So 12-21 Uhr, Eintritt 3 Pesos, Studenten und Rentner 1,50 Pesos; Warhol und Dal\u00ed: Eintritt 9 Pesos, Studenten und Rentner 5 Pesos, Kinder unter 12 Jahren 3 Pesos): Andy Warhol, graphisches Werk, Dokumente. 7.6.-2.10. \/ Salvador Dal\u00ed, [&hellip;]<\/p>\n","protected":false},"author":1,"featured_media":0,"comment_status":"open","ping_status":"open","sticky":false,"template":"","format":"standard","meta":{"footnotes":""},"categories":[3],"tags":[],"class_list":["post-158","post","type-post","status-publish","format-standard","hentry","category-kalender-agenda"],"_links":{"self":[{"href":"https:\/\/kunstinargentinien.com\/index.php\/wp-json\/wp\/v2\/posts\/158","targetHints":{"allow":["GET"]}}],"collection":[{"href":"https:\/\/kunstinargentinien.com\/index.php\/wp-json\/wp\/v2\/posts"}],"about":[{"href":"https:\/\/kunstinargentinien.com\/index.php\/wp-json\/wp\/v2\/types\/post"}],"author":[{"embeddable":true,"href":"https:\/\/kunstinargentinien.com\/index.php\/wp-json\/wp\/v2\/users\/1"}],"replies":[{"embeddable":true,"href":"https:\/\/kunstinargentinien.com\/index.php\/wp-json\/wp\/v2\/comments?post=158"}],"version-history":[{"count":0,"href":"https:\/\/kunstinargentinien.com\/index.php\/wp-json\/wp\/v2\/posts\/158\/revisions"}],"wp:attachment":[{"href":"https:\/\/kunstinargentinien.com\/index.php\/wp-json\/wp\/v2\/media?parent=158"}],"wp:term":[{"taxonomy":"category","embeddable":true,"href":"https:\/\/kunstinargentinien.com\/index.php\/wp-json\/wp\/v2\/categories?post=158"},{"taxonomy":"post_tag","embeddable":true,"href":"https:\/\/kunstinargentinien.com\/index.php\/wp-json\/wp\/v2\/tags?post=158"}],"curies":[{"name":"wp","href":"https:\/\/api.w.org\/{rel}","templated":true}]}}