{"id":1587,"date":"2008-10-01T16:48:11","date_gmt":"2008-10-01T19:48:11","guid":{"rendered":"http:\/\/kunstinargentinien.com\/index.php\/2008\/10\/01\/primer-espacio-en-buenos-aires-para-libros-de-artista\/"},"modified":"2008-10-05T16:55:12","modified_gmt":"2008-10-05T19:55:12","slug":"primer-espacio-en-buenos-aires-para-libros-de-artista","status":"publish","type":"post","link":"https:\/\/kunstinargentinien.com\/index.php\/2008\/10\/01\/primer-espacio-en-buenos-aires-para-libros-de-artista\/","title":{"rendered":"Primer espacio en Buenos Aires para libros de artista"},"content":{"rendered":"<p><strong>Ma\u00f1ana, en Wussmann, Teresa Pereda y Horacio Zabala firmar\u00e1n libros dedicados a sus respectivas obras<\/strong><\/p>\n<p>El jueves 2 de octubre, entre las 16 y las 20 horas, los artistas Teresa Pereda y Horacio Zabala estar\u00e1n en la librer\u00eda <a href=\"http:\/\/wussmannblog.wordpress.com\/\">Wussmann<\/a>, Venezuela 570, departiendo entre s\u00ed y con los visitantes sobre el tema LIBROS DE ARTISTA. Tambi\u00e9n firmar\u00e1n ejemplares de libros editados sobre sus respectivas obras.<\/p>\n<p>Este evento marca la inauguraci\u00f3n del primer espacio en Buenos Aires consagrado a libros de artista y obra gr\u00e1fica. Estar\u00e1n en exhibici\u00f3n obras de Juan Carlos Romero, Carlos Arnaiz, Matilde Mar\u00edn, Mirta Dermisache, M\u00f3nica Goldstein, Alfredo Benav\u00eddez Bedoya, Lucrecia Orloff, Estela Pereda, Ral Veroni, Laura Vi\u00f1as, la artista norteamericana Kim Schifino y los ya mencionados Horacio Zabala y Teresa Pereda.<\/p>\n","protected":false},"excerpt":{"rendered":"<p>Ma\u00f1ana, en Wussmann, Teresa Pereda y Horacio Zabala firmar\u00e1n libros dedicados a sus respectivas obras El jueves 2 de octubre, entre las 16 y las 20 horas, los artistas Teresa Pereda y Horacio Zabala estar\u00e1n en la librer\u00eda Wussmann, Venezuela 570, departiendo entre s\u00ed y con los visitantes sobre el tema LIBROS DE ARTISTA. Tambi\u00e9n [&hellip;]<\/p>\n","protected":false},"author":1,"featured_media":0,"comment_status":"open","ping_status":"open","sticky":false,"template":"","format":"standard","meta":{"footnotes":""},"categories":[1],"tags":[],"class_list":["post-1587","post","type-post","status-publish","format-standard","hentry","category-allgemein-general"],"_links":{"self":[{"href":"https:\/\/kunstinargentinien.com\/index.php\/wp-json\/wp\/v2\/posts\/1587","targetHints":{"allow":["GET"]}}],"collection":[{"href":"https:\/\/kunstinargentinien.com\/index.php\/wp-json\/wp\/v2\/posts"}],"about":[{"href":"https:\/\/kunstinargentinien.com\/index.php\/wp-json\/wp\/v2\/types\/post"}],"author":[{"embeddable":true,"href":"https:\/\/kunstinargentinien.com\/index.php\/wp-json\/wp\/v2\/users\/1"}],"replies":[{"embeddable":true,"href":"https:\/\/kunstinargentinien.com\/index.php\/wp-json\/wp\/v2\/comments?post=1587"}],"version-history":[{"count":0,"href":"https:\/\/kunstinargentinien.com\/index.php\/wp-json\/wp\/v2\/posts\/1587\/revisions"}],"wp:attachment":[{"href":"https:\/\/kunstinargentinien.com\/index.php\/wp-json\/wp\/v2\/media?parent=1587"}],"wp:term":[{"taxonomy":"category","embeddable":true,"href":"https:\/\/kunstinargentinien.com\/index.php\/wp-json\/wp\/v2\/categories?post=1587"},{"taxonomy":"post_tag","embeddable":true,"href":"https:\/\/kunstinargentinien.com\/index.php\/wp-json\/wp\/v2\/tags?post=1587"}],"curies":[{"name":"wp","href":"https:\/\/api.w.org\/{rel}","templated":true}]}}