{"id":1588,"date":"2008-10-06T07:34:51","date_gmt":"2008-10-06T10:34:51","guid":{"rendered":"http:\/\/kunstinargentinien.com\/index.php\/2008\/10\/06\/4sar08-cuarta-semana-del-arte-rosario\/"},"modified":"2008-10-05T21:36:54","modified_gmt":"2008-10-06T00:36:54","slug":"4sar08-cuarta-semana-del-arte-rosario","status":"publish","type":"post","link":"https:\/\/kunstinargentinien.com\/index.php\/2008\/10\/06\/4sar08-cuarta-semana-del-arte-rosario\/","title":{"rendered":"4SAR\/08 &#8211; Cuarta Semana del Arte Rosario"},"content":{"rendered":"<p><strong>&#8220;La calle principal y el bar tradicional&#8221;<\/strong><\/p>\n<p><img decoding=\"async\" id=\"image1589\" src=\"http:\/\/kunstinargentinien.com\/wp-content\/uploads\/2008\/10\/carrito.jpg\" alt=\"carrito.jpg\" align=left hspace=5 \/>Hoy, lunes, 6 de octubre, a las 18.30 hs., se inaugurar\u00e1 en C\u00f3rdoba y Bv. Oro\u00f1o, Rosario, la Semana del Arte. Es uno de los eventos culturales m\u00e1s importantes del a\u00f1o que organiza el Museo Catagnino+macro conjuntamente con la Secretar\u00eda de Cultura y Educaci\u00f3n de la Municipalidad de Rosario. Su objetivo fundamental es lograr que los ciudadanos tomen contacto con el arte en los \u00e1mbitos cotidianos.<\/p>\n<p>Todas las ediciones anteriores giraron sobre un tema, un concepto central que defin\u00eda el desarrollo de las actividades a realizarse. El eje conceptual sobre el cual transita y se desarrolla esta Cuarta Semana del Arte es &#8220;La calle principal y el bar tradicional&#8221;.<\/p>\n<p>La producci\u00f3n art\u00edstica se presentar\u00e1 de una manera diferente a la habitual. Las plazas, las calles, los bares, los shoppings, las vidrieras y galer\u00edas, como tambi\u00e9n los espacios oficiales y privados, ser\u00e1n el escenario de este encuentro que estrecha el di\u00e1logo entre lo \u00edntimo y lo p\u00fablico. De esta forma, la noci\u00f3n de intervenci\u00f3n se resignificar\u00e1 mediante la actitud activa de los artistas, de las diferentes entidades y en especial del p\u00fablico general.<\/p>\n<p>Para esta cuarta edici\u00f3n, las ciudades de Rafaela, Reconquista, Santa Fe y Venado Tuerto se sumar\u00e1n a este ambicioso proyecto.<\/p>\n<p><em><strong>Programa<\/strong><\/em><!--more--><br \/>\nLunes 06, 18.30 hs., Oro\u00f1o y C\u00f3rdoba<br \/>\nInauguraci\u00f3n de la 4SAR en el comienzo del recorrido en C\u00f3rdoba y Oro\u00f1o.<br \/>\nPerformance de la artista Nushi Muntaabski en el local de S\u00f3lido (C\u00f3rdoba 2175).<br \/>\nCon la compa\u00f1\u00eda de la Escuela de Artes Urbanas y el Carrito de las inauguraciones, se recorrer\u00e1n todos los espacios que participan de la 4SAR sobre calle C\u00f3rdoba. Inauguraciones con brindis, recitales y muchas sorpresas.<\/p>\n<p>Martes 07, 16-18 hs., Plaza Pringles<br \/>\nRuta 2 de Escuela M\u00f3vil: Habitar espacios<br \/>\nCompartiremos una propuesta pl\u00e1stica con atriles en la plaza para observar, explorar y representar el contexto real, para transformarlo en espacio imaginado, desentra\u00f1ando las operaciones propias de este lenguaje.<br \/>\nLa actividad co-organizada con el \u00e1rea de Educaci\u00f3n del Castagnino est\u00e1 planteada para todas las edades y no se requiere inscripci\u00f3n previa. Los materiales ser\u00e1n suministrados por los organizadores.<br \/>\n18 hs.<br \/>\nRecorrido guiado por los espacios participantes de la 4SAR en el trayecto intervenido de Calle C\u00f3rdoba. Actividad para todo p\u00fablico, no se requiere inscripci\u00f3n previa.<br \/>\nLugar de inicio: Tri\u00e1ngulo Color (C\u00f3rdoba 1084).<br \/>\n19 hs.<br \/>\nInauguraci\u00f3n oficial de la 4SAR en El Cairo (Sarmiento y Santa Fe) con la participaci\u00f3n de artistas, autoridades provinciales y municipales, tanto de Rosario como de las ciudades invitadas: Rafaela, Reconquista, Santa Fe y Venado Tuerto.<br \/>\nCierre del acto inaugural<br \/>\nAcci\u00f3n del grupo caMp: \u201cSonr\u00eda, lo estamos filmando\u201d. Instalaci\u00f3n de un espacio en el que se ofrecer\u00e1 un maquillaje a quien quiera participar. Mar\u00eda Bel\u00e9n Rivero (caracterizadora teatral del Teatro Col\u00f3n) y alumnos ser\u00e1n los encargados de realizar el maquillaje art\u00edstico. Un equipo de actores y performers abrir\u00e1n un juego teatral invitando a los personajes a expresarse.<\/p>\n<p>Mi\u00e9rcoles 08, 16.30 hs., Plaza 25 de Mayo<br \/>\nRuta 5 de Escuela M\u00f3vil: Otras cartograf\u00edas (Arte a la vista)<br \/>\nPartiremos desde la plaza hacia las calles aleda\u00f1as compartiendo la exhibici\u00f3n de obras de maestros pintores rosarinos reproducidas a gran escala en las medianeras de los edificios de la ciudad.<br \/>\nAl finalizar nuestras miradas se encontrar\u00e1n en el bar El Cairo para transformarse en palabras compartidas.<br \/>\n18 hs., Plaza 25 de Mayo<br \/>\nRuta 5 de Escuela M\u00f3vil: Otras cartograf\u00edas (Museo Estevez)<br \/>\nRecorreremos este espacio p\u00fablico buscando huellas del modo particular del nacimiento y devenir de esta ciudad, lo cambiante y lo perdurable en este gran escenario. Visitaremos la Casa-Museo Firma y Odilo Estevez en la que los objetos maravillan y evocan por ser portadores de belleza y estar vinculados con \u00e9pocas y personajes determinados.<br \/>\n18 hs.<br \/>\nRecorrido guiado por los espacios participantes de la 4SAR en el trayecto intervenido de Calle C\u00f3rdoba. Actividad para todo p\u00fablico, no se requiere inscripci\u00f3n previa.<br \/>\nLugar de inicio: Biblioteca Argentina (Pte. Roca 731).<br \/>\n19.30 hs.<br \/>\nInauguraci\u00f3n de la muestra &#8220;Schiavoni manda&#8221; en Amigos del Arte (3 de febrero 755) con la participaci\u00f3n de los artistas Max Cachimba, Rub\u00e9n Echag\u00fce, Marita Guimpel, Silvia Lenard\u00f3n y Michele Siquot.<br \/>\n22 hs.<br \/>\nUna cena con Marlok<br \/>\nPerformance de Maria Lorena Kaethner en el Metropolitan Grand Bar<br \/>\nC\u00f3rdoba 1680<\/p>\n<p>Jueves 09, 9 y 14 hs, Plaza 25 de Mayo<br \/>\nRuta 1 de Escuela M\u00f3vil: El cuerpo en las manos (Pasaje Juramento)<br \/>\nConoceremos la obra de Lola Mora con una gu\u00eda muy especial&#8230;<br \/>\nPondremos manos a la obra realizando esculturas.<br \/>\nLa actividad est\u00e1 planteada para todas las edades y no se requiere inscripci\u00f3n previa. Los materiales ser\u00e1n suministrados por los organizadores.<br \/>\n16-18 hs., Plaza Pringles<br \/>\nRuta 2 de Escuela M\u00f3vil: Habitar espacios<br \/>\nCompartiremos una propuesta pl\u00e1stica con atriles en la plaza para observar, explorar y representar el contexto real, para transformarlo en espacio imaginado, desentra\u00f1ando las operaciones propias de este lenguaje.<br \/>\nLa actividad co-organizada con el \u00e1rea de Educaci\u00f3n del Castagnino est\u00e1 planteada para todas las edades y no se requiere inscripci\u00f3n previa. Los materiales ser\u00e1n suministrados por los organizadores.<br \/>\n18 hs.<br \/>\nRecorrido completo por TODOS los espacios participantes de la 4SAR por Calle C\u00f3rdoba. Actividad para todo p\u00fablico, no se requiere inscripci\u00f3n previa.<br \/>\nLugar de inicio: C\u00f3rdoba y Bv. Oro\u00f1o.<\/p>\n<p>Viernes 10, 9 y 11 hs.<br \/>\nVisitas a los espacios participantes a lo largo de calle C\u00f3rdoba para cursos de la escuela secundaria. Los docentes deber\u00e1n inscribirse previamente al 4804981\/82 14-20 hs.<br \/>\n18 hs.<br \/>\nRecorrido guiado por los espacios participantes de la 4SAR en el trayecto intervenido de Calle C\u00f3rdoba. Actividad para todo p\u00fablico, no se requiere inscripci\u00f3n previa.<br \/>\nLugar de inicio: Eur\u00f3ptica (C\u00f3rdoba 1245).<br \/>\n18.30 hs.<br \/>\nNoche de los Museos abiertos<br \/>\nEl itinerario comienza en el Museo Firma y Odilo Estevez (Santa Fe 748) con la actuaci\u00f3n de la agrupaci\u00f3n L\u00edrica Veneciana. Desde all\u00ed vamos al Museo del Diario La Capital (Sarmiento 763), luego seguir con los museos situados en el Parque de la Independencia: Museo de la Ciudad, Museo Hist\u00f3rico Provincial \u201cDr. Julio Marc\u201d y Museo Municipal de Bellas Artes \u201cJ. B. Castagnino\u201d. El recorrido sigue por el Museo Provincial de Ciencias Naturales &#8220;Dr. \u00c1ngel Gallardo&#8221; (San Lorenzo 1949), prosigue hacia el Museo de la Memoria (Av. Del Valle y Callao) y el macro (Bv. Oro\u00f1o y el r\u00edo) para terminar en el CEC (Sgto. Cabral y el r\u00edo).<br \/>\nEl transporte est\u00e1 a cargo La Merenguita y acompa\u00f1a el Carrito de las inauguraciones.<br \/>\nReservar un lugar en La Merenguita con antelaci\u00f3n mediante inscripci\u00f3n personal en el macro (Bv. Oro\u00f1o y el r\u00edo) o telef\u00f3nica (0341) 4804981\/2, 14-20 hs.<br \/>\n20-3 hs.<br \/>\nLa Fugaz en el CEC (Sgto. Cabral y el r\u00edo)<br \/>\nGran Fiesta y subasta abierta de arte. Sin base ni condiciones. Si usted quiere vender o comprar una pieza art\u00edstica, cualquiera sea su valor o calidad, ahora puede hacerlo. Traiga su obra y v\u00e9ndala: \u00a1se la subastamos! La tasaci\u00f3n la fija usted.<br \/>\nUna oportunidad imperdible para coleccionistas o para aquellos que quieren serlo. No deje de participar en esta experiencia que cambiar\u00e1 el mercado del arte rosarino. \u00a1Y qu\u00e9dese a la Fiesta! M\u00e1s informaci\u00f3n: al 4804981\/2.<br \/>\nCierre de la subasta con una fiesta hasta las 3 hs.<\/p>\n<p>S\u00e1bado 11, 10 hs.<br \/>\nDibujando en el Estevez (Santa Fe 748). Taller para j\u00f3venes y adultos a cargo de la Lic. Adriana Palma.<br \/>\n16 hs.<br \/>\nRecreos de Arte. Taller para chicos a cargo de la Lic. Adriana Palma. Museo Estevez (Santa Fe 748).<br \/>\n16 hs.<br \/>\nSenderos del Pago de los Arroyos. Recorrido guiado por la Plaza 25 de mayo y las salas del museo Estevez (Santa Fe 748).<br \/>\n16 hs.<br \/>\nIntervenci\u00f3n de la Federaci\u00f3n Argentina de Stickboxing en el Bar Davis<br \/>\n(Bv. Oro\u00f1o y el r\u00edo).<br \/>\n18 hs.<br \/>\nRecorrido guiado por los espacios participantes de la 4SAR en el trayecto intervenido de Calle C\u00f3rdoba. Actividad para todo p\u00fablico, no se requiere inscripci\u00f3n previa.<\/p>\n<p>Lugar de inicio: Pan y Manteca (C\u00f3rdoba e Italia).<br \/>\n18.30 hs.<br \/>\nM\u00fasica en vivo en la Terraza del Davis (Bv. Oro\u00f1o y el r\u00edo) con The Blue Mood, Banda de soul, funk y jazz fusi\u00f3n.<br \/>\nEn caso de lluvia se traslada al t\u00fanel.<br \/>\n22.30 hs.<br \/>\nTeatro negro en un escenario creado especialmente en el living del Davis (Bv. Oro\u00f1o y el r\u00edo) a cargo de la agrupaci\u00f3n Kumulus Limbus y Andalue.<br \/>\nDesde las 23 hs.<br \/>\nFiesta de Cierre de la 4SAR. M\u00fasica electr\u00f3nica y hip-hop en la explanada del macro hasta el amanecer. Barras de bebidas no alcoh\u00f3licas a cargo del Bar Davis.<br \/>\nEn caso de lluvia se traslada al t\u00fanel.<\/p>\n<p>Domingo 12, 16 hs<br \/>\nMuseo Estevez (Santa Fe 748). Actividad l\u00fadica para toda la familia.<br \/>\n17.45 hs.<br \/>\nConcierto de la Asociaci\u00f3n Guitarr\u00edstica de Rosario en el Museo Estevez (Santa Fe 748) con la actuaci\u00f3n del solista Emiliano Quaranta y el d\u00fao Irene P\u00e9rez-In\u00e9s Chamorro.<br \/>\n18 hs.<br \/>\nRecorrido guiado por los espacios participantes de la 4SAR en el trayecto intervenido de Calle C\u00f3rdoba. Actividad para todo p\u00fablico, no se requiere inscripci\u00f3n previa.<br \/>\nLugar de inicio: S\u00f3lido (C\u00f3rdoba y Bv. Oro\u00f1o)<\/p>\n","protected":false},"excerpt":{"rendered":"<p>&#8220;La calle principal y el bar tradicional&#8221; Hoy, lunes, 6 de octubre, a las 18.30 hs., se inaugurar\u00e1 en C\u00f3rdoba y Bv. Oro\u00f1o, Rosario, la Semana del Arte. Es uno de los eventos culturales m\u00e1s importantes del a\u00f1o que organiza el Museo Catagnino+macro conjuntamente con la Secretar\u00eda de Cultura y Educaci\u00f3n de la Municipalidad de [&hellip;]<\/p>\n","protected":false},"author":1,"featured_media":0,"comment_status":"open","ping_status":"open","sticky":false,"template":"","format":"standard","meta":{"footnotes":""},"categories":[4],"tags":[],"class_list":["post-1588","post","type-post","status-publish","format-standard","hentry","category-tipp-der-woche-recomendacion-de-la-semana"],"_links":{"self":[{"href":"https:\/\/kunstinargentinien.com\/index.php\/wp-json\/wp\/v2\/posts\/1588","targetHints":{"allow":["GET"]}}],"collection":[{"href":"https:\/\/kunstinargentinien.com\/index.php\/wp-json\/wp\/v2\/posts"}],"about":[{"href":"https:\/\/kunstinargentinien.com\/index.php\/wp-json\/wp\/v2\/types\/post"}],"author":[{"embeddable":true,"href":"https:\/\/kunstinargentinien.com\/index.php\/wp-json\/wp\/v2\/users\/1"}],"replies":[{"embeddable":true,"href":"https:\/\/kunstinargentinien.com\/index.php\/wp-json\/wp\/v2\/comments?post=1588"}],"version-history":[{"count":0,"href":"https:\/\/kunstinargentinien.com\/index.php\/wp-json\/wp\/v2\/posts\/1588\/revisions"}],"wp:attachment":[{"href":"https:\/\/kunstinargentinien.com\/index.php\/wp-json\/wp\/v2\/media?parent=1588"}],"wp:term":[{"taxonomy":"category","embeddable":true,"href":"https:\/\/kunstinargentinien.com\/index.php\/wp-json\/wp\/v2\/categories?post=1588"},{"taxonomy":"post_tag","embeddable":true,"href":"https:\/\/kunstinargentinien.com\/index.php\/wp-json\/wp\/v2\/tags?post=1588"}],"curies":[{"name":"wp","href":"https:\/\/api.w.org\/{rel}","templated":true}]}}