{"id":15888,"date":"2013-06-02T13:19:11","date_gmt":"2013-06-02T16:19:11","guid":{"rendered":"http:\/\/kunstinargentinien.com\/?p=15888"},"modified":"2013-06-08T13:23:43","modified_gmt":"2013-06-08T16:23:43","slug":"italienischer-sommer-in-buenos-aires","status":"publish","type":"post","link":"https:\/\/kunstinargentinien.com\/index.php\/2013\/06\/02\/italienischer-sommer-in-buenos-aires\/","title":{"rendered":"Italienischer Sommer in Buenos Aires"},"content":{"rendered":"<p><strong>&#8220;Verano Italiano&#8221; &#8211; Kulturgen\u00fcsse der Apennin-Halbinsel<\/p>\n<p><em>Von Susanne Franz<\/em><\/strong><\/p>\n<p><a href=\"http:\/\/kunstinargentinien.com\/wp-content\/uploads\/2013\/06\/veranoitaliano.jpg\"><img loading=\"lazy\" decoding=\"async\" src=\"http:\/\/kunstinargentinien.com\/wp-content\/uploads\/2013\/06\/veranoitaliano.jpg\" alt=\"\" title=\"veranoitaliano\" width=\"250\" height=\"126\" class=\"alignright size-full wp-image-15890\" \/><\/a>Seit dem 1. Juni und bis zum 5. Juli veranstaltet das Kultursekretariat der Stadt Buenos Aires gemeinsam mit der Italienischen Botschaft ein Kulturprogramm sondergleichen. Im Rahmen des &#8220;Verano Italiano&#8221; werden \u00fcber 40 Opern, Theaterst\u00fccke, Konzerte, Kunst- und Design-Ausstellungen, Kinovorf\u00fchrungen und Gastronomie-Events angeboten &#8211; die meisten bei freiem Eintritt. Die Kultur der wichtigsten ausl\u00e4ndischen Gemeinschaft Argentiniens wird dabei von hochkar\u00e4tigen G\u00e4sten dargeboten, darunter Uto Ughi, Odino Faccia, Eugenio Bennato, Franco Battiato, Piero Mottola, Francesca Tulli und Bruno Ceccobelli.<\/p>\n<p>Veranstaltungsorte sind u.a. die Usina del Arte (Av. Pedro de Mendoza 501), das Teatro Coliseo (M.T. de Alvear 1125), der Leopoldo Lugones-Saal des San Mart\u00edn-Theaters (Av. Corrientes 1530), das Museo de Arte Moderno de Buenos Aires (Av. San Juan 350), die Galerie AMA Artemercadoarte (Venezuela 458), das Istituto Italiano di Cultura, M.T. de Alvear 1119 und \u00f6ffentliche Pl\u00e4tze. Infos <a href=\"http:\/\/agendacultural.buenosaires.gob.ar\/evento\/verano-italiano-en-buenos-aires\/7270\">hier<\/a>.<\/p>\n","protected":false},"excerpt":{"rendered":"<p>&#8220;Verano Italiano&#8221; &#8211; Kulturgen\u00fcsse der Apennin-Halbinsel Von Susanne Franz Seit dem 1. Juni und bis zum 5. Juli veranstaltet das Kultursekretariat der Stadt Buenos Aires gemeinsam mit der Italienischen Botschaft ein Kulturprogramm sondergleichen. Im Rahmen des &#8220;Verano Italiano&#8221; werden \u00fcber 40 Opern, Theaterst\u00fccke, Konzerte, Kunst- und Design-Ausstellungen, Kinovorf\u00fchrungen und Gastronomie-Events angeboten &#8211; die meisten bei [&hellip;]<\/p>\n","protected":false},"author":1,"featured_media":0,"comment_status":"open","ping_status":"open","sticky":false,"template":"","format":"standard","meta":{"footnotes":""},"categories":[4],"tags":[],"class_list":["post-15888","post","type-post","status-publish","format-standard","hentry","category-tipp-der-woche-recomendacion-de-la-semana"],"_links":{"self":[{"href":"https:\/\/kunstinargentinien.com\/index.php\/wp-json\/wp\/v2\/posts\/15888","targetHints":{"allow":["GET"]}}],"collection":[{"href":"https:\/\/kunstinargentinien.com\/index.php\/wp-json\/wp\/v2\/posts"}],"about":[{"href":"https:\/\/kunstinargentinien.com\/index.php\/wp-json\/wp\/v2\/types\/post"}],"author":[{"embeddable":true,"href":"https:\/\/kunstinargentinien.com\/index.php\/wp-json\/wp\/v2\/users\/1"}],"replies":[{"embeddable":true,"href":"https:\/\/kunstinargentinien.com\/index.php\/wp-json\/wp\/v2\/comments?post=15888"}],"version-history":[{"count":3,"href":"https:\/\/kunstinargentinien.com\/index.php\/wp-json\/wp\/v2\/posts\/15888\/revisions"}],"predecessor-version":[{"id":15892,"href":"https:\/\/kunstinargentinien.com\/index.php\/wp-json\/wp\/v2\/posts\/15888\/revisions\/15892"}],"wp:attachment":[{"href":"https:\/\/kunstinargentinien.com\/index.php\/wp-json\/wp\/v2\/media?parent=15888"}],"wp:term":[{"taxonomy":"category","embeddable":true,"href":"https:\/\/kunstinargentinien.com\/index.php\/wp-json\/wp\/v2\/categories?post=15888"},{"taxonomy":"post_tag","embeddable":true,"href":"https:\/\/kunstinargentinien.com\/index.php\/wp-json\/wp\/v2\/tags?post=15888"}],"curies":[{"name":"wp","href":"https:\/\/api.w.org\/{rel}","templated":true}]}}