{"id":1597,"date":"2008-10-13T15:55:21","date_gmt":"2008-10-13T18:55:21","guid":{"rendered":"http:\/\/kunstinargentinien.com\/index.php\/2008\/10\/13\/artmedia-2008\/"},"modified":"2008-10-14T12:15:19","modified_gmt":"2008-10-14T15:15:19","slug":"artmedia-2008","status":"publish","type":"post","link":"https:\/\/kunstinargentinien.com\/index.php\/2008\/10\/13\/artmedia-2008\/","title":{"rendered":"Artmedia 2008"},"content":{"rendered":"<p><strong>9\u00ba Festival de Arte Digital, Comunicaci\u00f3n Audiovisual y Medios Interactivos, organizado por Universidad Maim\u00f3nides<\/strong><\/p>\n<p><img decoding=\"async\" id=\"image1598\" alt=jf.jpg src=\"http:\/\/kunstinargentinien.com\/wp-content\/uploads\/2008\/10\/jf.jpg\" \/><\/p>\n<p>El martes 14 de octubre, de 15 a 22 hs., se llevar\u00e1 a cabo &#8220;Artmedia 2008&#8221;, el 9\u00ba Festival de Arte Digital, Comunicaci\u00f3n Audiovisual y Medios Interactivos, organizado por Universidad Maim\u00f3nides, con entrada libre y gratuita, en el Microcine del Centro Cultural Recoleta, Jun\u00edn 1930. La direcci\u00f3n estar\u00e1 a cargo de Daniel Wolkowicz y Alejandra Marinaro. El encuentro cuenta con conferencias a cargo de reconocidos profesionales y acad\u00e9micos del \u00e1rea de la producci\u00f3n multimedial, el arte digital  y la comunicaci\u00f3n.<\/p>\n<p><strong><em>Conferencias Artmedia 08<\/em><\/strong><\/p>\n<ul>\n<li>14-15 hs.: Inteligencia Artificial y Rob\u00f3tica. Prof. Hern\u00e1n Moraldo &#8211; Ing. Joaqu\u00edn Fargas.<\/li>\n<li>15.15-16.15 hs.: Convergencia Digital. Prof. Patricia Pomies, Prof. In\u00e9s Roggi y Prof. Hern\u00e1n Cuevas.<\/li>\n<li>16.30-17.30 hs.: La animaci\u00f3n de autor y los peque\u00f1os estudios. Prof. Rodolfo Pastor.<\/li>\n<li>17.45-18.45 hs.: Tendencias del Dise\u00f1o. Prof. Javier Mrad.<\/li>\n<li>19-20.45 hs: &#8220;Naturaleza Intervenida&#8221;: Seis proyectos art\u00edsticos generados desde la Universidad Maim\u00f3nides que vinculan arte, ciencia y tecnolog\u00eda, producidos por docentes artistas, artistas invitados, cient\u00edficos y alumnos. Moderaci\u00f3n: Lic. Graciela Taquini. Disertaci\u00f3n: Especialista en Nuevos Medios Enrique Aguerre. Presentaci\u00f3n de obras: Lic. Gabriela Golder, Lic. Mariela Yeregui, DG. Julia Masvernat, DG. Dina Roisman, DG. Leticia el Halli Obeid, Arq. Augusto Zanela, Prof. Ricardo Wauters, Ing. Joaqu\u00edn Fargas y Proyecto Untitled.<\/li>\n<\/ul>\n<p><em>Informes e inscripci\u00f3n: Universidad Maim\u00f3nides, Hidalgo 775, 5to piso. Tel: 4905-1162\/1157. E-mail: multimedia@maimonides.edu.<\/em><\/p>\n","protected":false},"excerpt":{"rendered":"<p>9\u00ba Festival de Arte Digital, Comunicaci\u00f3n Audiovisual y Medios Interactivos, organizado por Universidad Maim\u00f3nides El martes 14 de octubre, de 15 a 22 hs., se llevar\u00e1 a cabo &#8220;Artmedia 2008&#8221;, el 9\u00ba Festival de Arte Digital, Comunicaci\u00f3n Audiovisual y Medios Interactivos, organizado por Universidad Maim\u00f3nides, con entrada libre y gratuita, en el Microcine del Centro [&hellip;]<\/p>\n","protected":false},"author":1,"featured_media":0,"comment_status":"open","ping_status":"open","sticky":false,"template":"","format":"standard","meta":{"footnotes":""},"categories":[4],"tags":[],"class_list":["post-1597","post","type-post","status-publish","format-standard","hentry","category-tipp-der-woche-recomendacion-de-la-semana"],"_links":{"self":[{"href":"https:\/\/kunstinargentinien.com\/index.php\/wp-json\/wp\/v2\/posts\/1597","targetHints":{"allow":["GET"]}}],"collection":[{"href":"https:\/\/kunstinargentinien.com\/index.php\/wp-json\/wp\/v2\/posts"}],"about":[{"href":"https:\/\/kunstinargentinien.com\/index.php\/wp-json\/wp\/v2\/types\/post"}],"author":[{"embeddable":true,"href":"https:\/\/kunstinargentinien.com\/index.php\/wp-json\/wp\/v2\/users\/1"}],"replies":[{"embeddable":true,"href":"https:\/\/kunstinargentinien.com\/index.php\/wp-json\/wp\/v2\/comments?post=1597"}],"version-history":[{"count":0,"href":"https:\/\/kunstinargentinien.com\/index.php\/wp-json\/wp\/v2\/posts\/1597\/revisions"}],"wp:attachment":[{"href":"https:\/\/kunstinargentinien.com\/index.php\/wp-json\/wp\/v2\/media?parent=1597"}],"wp:term":[{"taxonomy":"category","embeddable":true,"href":"https:\/\/kunstinargentinien.com\/index.php\/wp-json\/wp\/v2\/categories?post=1597"},{"taxonomy":"post_tag","embeddable":true,"href":"https:\/\/kunstinargentinien.com\/index.php\/wp-json\/wp\/v2\/tags?post=1597"}],"curies":[{"name":"wp","href":"https:\/\/api.w.org\/{rel}","templated":true}]}}