{"id":160,"date":"2005-08-06T10:55:10","date_gmt":"2005-08-06T13:55:10","guid":{"rendered":"http:\/\/kunstinargentinien.com\/index.php\/2005\/08\/06\/agenda-kalender\/"},"modified":"2005-08-10T19:32:24","modified_gmt":"2005-08-10T22:32:24","slug":"agenda-kalender","status":"publish","type":"post","link":"https:\/\/kunstinargentinien.com\/index.php\/2005\/08\/06\/agenda-kalender\/","title":{"rendered":"Agenda \/ Kalender"},"content":{"rendered":"<p><a href=\"http:\/\/kunstinargentinien.com\/index.php\/2005\/08\/06\/kalender-agenda\/\">Klicken Sie hier, um die deutsche Version zu lesen.<\/a><\/p>\n<p><strong>Agenda de la semana 6\/8\/05-13\/8\/05<\/strong><\/p>\n<p><em>Centros de exposiciones<\/em><\/p>\n<ul>\n<li>Centro Cultural Borges, Viamonte\/San Mart\u00edn (Lun-Sab 10-21, Dom 12-21 hs, entrada 3 pesos, estudiantes y jubilados 1,50 pesos; Warhol y Dal\u00ed: entrada 9 pesos, estudiantes y jubilados 5 pesos, chicos menores de 12 a\u00f1os 3 pesos): Andy Warhol, obra gr\u00e1fica, documentos. 7.6.-2.10. \/ Salvador Dal\u00ed, &#8220;El Quijote&#8221;, obra gr\u00e1fica, fotos, libros. 19.7.-19.8. \/ Marta Minuj\u00edn, &#8220;Ventanas&#8221;. 2.8.-22.8. \/ Gabriel L\u00f3pez Santiso, &#8220;Encadenamiento del color&#8221;, pinturas. Inauguraci\u00f3n: 4.8., 19 hs. Hasta 28.8.<\/li>\n<p><!--more--><\/p>\n<li>Centro Cultural Recoleta, Jun\u00edn 1930 (Mar-Vie 14-21, Sab, Dom y feriados 10-21 hs, entrada 1 peso): Rogelio Polesello, retrospectiva (Sala Cronopios). 12.7.-28.8. \/ Mark Brusse, pinturas (Sala &#8220;J&#8221;). Hasta 14.8. \/ Betsab\u00e9 Romero (M\u00e9xico), &#8220;Sur&#8221; (Sala &#8220;C&#8221;). Curadora: Corinne Sacca-Abadi. 12.7.-7.8. \/ Diana Chorne, &#8220;Artes del juego 2005&#8221;. 12.7.-7.8. \/ Gabriel Gr\u00fcn\/Lorena Guzman, &#8220;Mitolog\u00eda&#8221; (Sala 10). Inauguraci\u00f3n: 9.8., 19 hs. Hasta 11.9. \/ &#8220;(ausencias-libros-complicidades)&#8221;, obras de Marga Steinwasser, Graciela Schifrin Lorenzano y Claudia Contreras conmemorando el atentado a la AMIA el 18 de julio del 1994 (Salas 1 y 2). Inauguraci\u00f3n: 11.8., 19 hs. Hasta 4.9. \/ Jorge Carbajal\/Dina Spivak, &#8220;SERIE-DAD&#8221; (Sala 12). Inauguraci\u00f3n: 12.8., 19 hs. Hasta 4.9. \/ Roberto Graziano, &#8220;A las cinco de la tarde&#8230;&#8221; (Sala 4). Inauguraci\u00f3n: 12.8., 19 hs. Hasta 11.9. \/ Rosemarie Allers, &#8220;Picnic en el precipicio&#8221;, oleos (Sala 6). Inauguraci\u00f3n: 12.8., 19 hs. Hasta 4.9.<\/li>\n<li>Centro Cultural de Espa\u00f1a en Buenos Aires CCEBA, Florida 943 (Lun-Vie 10.30-20 hs): &#8220;Objetos de deseo, objetos de seducci\u00f3n. 6 fot\u00f3grafos contempor\u00e1neos de Espa\u00f1a&#8221;, obras de Xoan Anleo, Ciuco Guti\u00e9rrez, Rafael Lia\u00f1o, Chema Madoz, Rosa Mu\u00f1oz, Jos\u00e9 Luis Santalla (Sala principal) \/ Marcela Astorga, &#8220;Sin t\u00edtulo&#8221;, instalaci\u00f3n (M1) \/ Delia Cancela, &#8220;Favoritos&#8221;, instalaci\u00f3n (M2) \/ Liniers, &#8220;Se\u00f1oras y se\u00f1ores en apuros por ac\u00e1&#8221;, intervenci\u00f3n (M3) \/ Enrique Deschutter, &#8220;Ceremonia&#8221;, instalaci\u00f3n sonora (M3) \/ Cristian Segura, &#8220;Pizarras&#8221;, intervenci\u00f3n (M4). 27.7.-2.9.<\/li>\n<li>MALBA, Av. Figueroa Alcorta 3415 (Jue-Lun 12-20, Mie 12-21 hs, martes cerrado, entrada 7 pesos, docentes y mayores de 65 a\u00f1os 3,50 pesos, jubilados y ni\u00f1os menores de 12 a\u00f1os gratis, mi\u00e9rcoles gratis): &#8220;Xul Solar. Visiones y revelaciones&#8221;. Curadora: Patricia Artundo. 17.6.-15.8. \/ &#8220;Contempor\u00e1neo 13: Transformaciones azarosas&#8221;, obras de Andrea Juan, Mariano Sard\u00f3n &#038; Paula Senderowicz. Curadora: Corinne Sacca Abadi. 30.6.-15.8. \/ &#8220;Adquisiciones, donaciones y comodatos&#8221; (30 obras nuevas en la Colecci\u00f3n Costantini, entre otras de Dino Bruzzone, Elba Bairon, Flavia da Rin, Pablo Siquier y Horacio Coppola). 20.7.-12.9.<\/li>\n<li>Museo Nacional de Bellas Artes, Av. del Libertador 1473 (Mar-Dom 13.30-19.30, Sab 9.30-19.30 hs): Mar\u00eda Simon, esculturas, gr\u00e1ficas, textiles \/ Alberto Delmonte, obras 1985-2005 (Pabell\u00f3n). Desde 27.7. \/ Lucio Boschi, &#8220;Una Argentina&#8221;, fotos. Desde 3.8.<\/li>\n<li>Museo Eduardo S\u00edvori, Av. Infanta Isabel 555 (Mar-Vie 12-18, Sab y Dom 10-18 hs): &#8220;19\u00b0 Sal\u00f3n de Tapiz&#8221;, Bienal 2004\/05. Hasta 14.8. \/ Orlando Perri (1913-1992), &#8220;En retrospectiva&#8221;. Hasta 21.8. \/ Patrimonio del S\u00edvori, &#8220;Perspectivas del silencio&#8221; (obras de V\u00edctor Quiroga, Pablo Su\u00e1rez, Luis Scafati, etc.). Hasta 21.8.<\/li>\n<li>Fundaci\u00f3n Federico Jorge Klemm\/Academia Nacional de Bellas Artes, Marcelo T. de Alvear 626 (Lun-Vie 11-20 hs): Ricardo Blanco, &#8220;Esto no es una silla&#8221;. Desde 3.8. \/ &#8220;Afiches Lirolay&#8221; 1960-1981. Inauguraci\u00f3n: 9.8., 19 hs.\u00ad<\/li>\n<li>Teatro San Mart\u00edn, Av. Corrientes 1530 (todos los d\u00edas 11 hs hasta fin del \u00faltimo espect\u00e1culo): Diego Levy, &#8220;Sangre&#8221;, ensayo fotogr\u00e1fico (FotoGaler\u00eda). 2.8.-4.9.<\/li>\n<\/ul>\n<p><em>Otras exposiciones<\/em><\/p>\n<ul>\n<li>Juan Allaria, dibujos \/ Guillermo Ueno, fotos. Belleza y Felicidad, Acu\u00f1a de Figueroa 900\/Guardia Vieja. Lun-Vie 11-19, Sab 11-13 hs. 2.7.-9.8.<\/li>\n<li>Sylvestre Gobart, Osvaldo Grimoldi, Michel Marcu, Laura Messing, foto-exposiciones. Arte x Arte, Lavalleja 1062 (altura C\u00f3rdoba 4200). Lun-Sab 13-19 hs. 5.7.-30.8.<\/li>\n<li>&#8220;Pierre Verger. Retrato de Sudam\u00e9rica. Fotograf\u00edas 1939-1959&#8221;. Museo Isaac Fern\u00e1ndez Blanco, Suipacha 1422. Mar-Dom 14-19 hs. Entrada 3 pesos, &#8220;residentes&#8221; 1 peso. 6.7.-4.9.<\/li>\n<li>&#8220;Arte del Siglo XX&#8221;: Colecci\u00f3n del Museo Rufino Tamayo, M\u00e9xico. Fundaci\u00f3n Proa, Av. Pedro de Mendoza 1929, La Boca. Mar-Dom 12-19 hs. Entrada 3 pesos, estudiantes 2 pesos, jubilados 1 peso. 7.7.-18.9.<\/li>\n<li>Maura Giaconi \/ Juliana Iriart. Alberto Sendr\u00f3s, Pasaje Tres Sargentos 359. 7.7.-12.8.<\/li>\n<li>&#8220;Vislumbres Pampeanas&#8221;, obras de 35 pintores argentinos. Pabell\u00f3n de las Bellas Artes, UCA, Alicia Moreau de Justo 1300, Puerto Madero. Mar-Dom 11-20 hs, lunes cerrado. 13.7.-7.8.<\/li>\n<li>&#8220;\u00a1Manda Fruta!&#8221;, fotos de Alejandro Boggan y Edgardo Delfino. Curador: Julio S\u00e1nchez. Tono Rojo, Schiaffino 2138. Lun-Dom 11-24 hs. 13.7.-3.9.\u00ad<\/li>\n<li>&#8220;10+1&#8221;, obras de Carlos Arnaiz, Juan Astica, Remo Bianchedi, Catalina Chervin, Roberto Elia, F\u00e9lix Rodr\u00edguez, Pedro Roth, Richard Sturgeon, Guillermo Tazelaar, Marcelo Torretta, Charles Vuillermet. Wussmann, Venezuela 570. 14.7.-25.8.\u00ad<\/li>\n<li>&#8220;V\u00eda Sat\u00e9lite&#8221;, arte contempor\u00e1neo de Per\u00fa, fotos, videos y arte en la web. Espacio Fundaci\u00f3n Telef\u00f3nica, Arenales 1540. Lun-Vie 14-20.30 hs. 15.7.-4.9.<\/li>\n<li>Yolanda Maidana, pinturas (Sala I). 19.7.-6.8. \/ Irene Alonso, fotos (Sala II). 19.7.-6.8. \/ &#8220;Proyecto Cubo&#8221;, obras de B\u00e1rbara Steimberg, Paula Otegui, Sebasti\u00e1n Pastorino, Claudia Fern\u00e1ndez (Sala III). Curador: N\u00e9stor Zonana. 28.6.-Junio 2006. Pabell\u00f3n 4, Uriarte 1332. Lun-Sab 16-20 hs.\u00ad<\/li>\n<li>Rep, &#8220;Homenaje a 2 amigos: Cervantes y Berni&#8221;. Centro Cultural San Mart\u00edn, Sarmiento 1551. Lun-Dom 15-21 hs. 19.7.-5.9.\u00ad<\/li>\n<li>Juan Pablo Fern\u00e1ndez Bravo, tintas. Palatina, Arroyo 821. Lun-Vie 10.30-20, Sab 10-13 hs. 21.7.-8.8.<\/li>\n<p>\u00ad<\/p>\n<li>Eduardo Audivert, acuarelas. Colecci\u00f3n Alvear de Zurbar\u00e1n, Av. Alvear 1658. Lun-Sab 11-21, Dom 11-20 hs. 25.7.-28.8.<\/li>\n<p>\u00ad<\/p>\n<li>Luis Barragan, pinturas. Van Eyck, Av. Santa Fe 834. Lun-Vie 11-20, Sab 11-13 hs. 26.7.-27.8.<\/li>\n<p>\u00ad<\/p>\n<li>Dora Isdatne, cer\u00e1micas. Atica, Libertad 1240, P.B. &#8220;9&#8221;. Lun-Vie 11-13 y 15-20, Sab 11-13.30 hs. 26.7.-27.8.<\/li>\n<p>\u00ad<\/p>\n<li>Ricardo Roux, &#8220;Memorias de un Gaucho Argentino a la Luna&#8221;. VYP, Arroyo 959. Lun-Vie 13-20, Sab 11-13 Uhr. 27.7.-10.8.<\/li>\n<p>\u00ad<\/p>\n<li>Natalia Mart\u00ednez, pinturas. Isidro Miranda, Juan Segundo Fern\u00e1ndez 1221, San Isidro. Lun-Vie 10-13 y 17-20, Sab 10-13 hs. 28.7.-17.8.\u00ad<\/li>\n<p>\u00ad<\/p>\n<li>Oscar Sar, &#8220;Cafet\u00edn de Buenos Aires&#8221;, pinturas. Espacio Ag, Marcelo T. de Alvear 1175. Lun-Vie 11-20 hs. 28.7.-24.8.\u00ad<\/li>\n<p>\u00ad<\/p>\n<li>Ernesto Bertani, &#8220;Rosa-Rosa&#8221;, pinturas. Zurbar\u00e1n, Cerrito 1522. Lun-Vie 11-21, Sab 10-13 hs. Visitas guiadas del artista: Vie 18-20 hs. 2.8.-10.9.\u00ad<\/li>\n<p>\u00ad<\/p>\n<li>Marian Cvik Weber, &#8220;Sue\u00f1o con perros negros&#8221;, textiles. Elsi del R\u00edo, Ar\u00e9valo 1748, Palermo Hollywood. Mar-Vie 15-20, Sab 11-14 hs. 2.8.-3.9.\u00ad<\/li>\n<p>\u00ad<\/p>\n<li>Manuel Ameztoy (Sala 2) \/ Tomas Fracchia (Sala 3). Braga Men\u00e9ndez Arte Contempor\u00e1neo, Humboldt 1574. Lun-Vie 13-20, Sab 14-18 hs. Desde 2.8.\u00ad\u00ad<\/li>\n<p>\u00ad<\/p>\n<li>&#8220;Desde la Ventana&#8221; (obras de Fabi\u00e1n Attila, Silvana Blasbalg, Cho Yong Hwa, Liliana Golubinsky, Graciela Ieger etc.). C\u00e1mara de Comercio Suizo-Argentina, Leandro N. Alem 1974, piso 10. Lun y Vie 9-17 hs. Tel. 4311-7187. 2.8.-30.9.<\/li>\n<p>\u00ad<\/p>\n<li>Maru Tombacco, &#8220;Desde Adentro&#8221;, fotos. Arcimboldo, Reconquista 761, PA &#8220;14&#8221;. Lun-Vie 15-19, Sab 11-13 hs. 2.8.-29.8.<\/li>\n<p>\u00ad<\/p>\n<li>&#8220;Colectivo y Singular &#8211; Obras con Historia&#8221;. Daniel Maman Fine Art, Av. del Libertador 2475. Lun-Vie 11-20, Sab 11-15 hs. 2.8.-30.8.\u00ad<\/li>\n<p>\u00ad<\/p>\n<li>Miguel Rothschild, &#8220;Celestial&#8221; (Sala principal) \/ M\u00e1ximo Gonzalez, &#8220;PISAR&#8221; (NuevoEspacio). Ruth Benzacar, Florida 1000. Lun-Vie 11.30-20, Sab 10.30-13.30 hs. 3.8.-3.9.\u00ad<\/li>\n<p>\u00ad<\/p>\n<li>Antonio Berni, obra gr\u00e1fica 1951-1977. Curadora: Laura Buccellato. MUNTREF, Universidad Tres de Febrero, Valent\u00edn G\u00f3mez 4838, Caseros, Prov. Bs.As. Lun-Sab 11-20 hs. Desde 3.8.<\/li>\n<li>Lola Goldstein, pintura sobre papel \/ Mariela Scafati, pintura sobre cer\u00e1mica. La Bibliotheque, Uruguay 1223, PB &#8220;7&#8221;. Organizado por &#8220;Belleza &#038; Felicidad&#8221;. Desde 3.8.<\/li>\n<p>\u00ad<\/p>\n<li>Raquel Gociol, Anal\u00eda Gomez, Vanina Paredes, Marcela Villagr\u00e1n, fotos. Asociaci\u00f3n Cultural Pestalozzi, Freire 1882, Belgrano R. Lun-Vie 14-19 hs. 3.8.-31.8.<\/li>\n<p>\u00ad\u00ad<\/p>\n<li>Patricia Schenfeld, &#8220;Figuras y Silencios&#8221;, fotos. Curador: Juan Travnik. British Arts Centre, Suipacha 1333. 3.8.-31.8.\u00ad<\/li>\n<p>\u00ad<\/p>\n<li>Marisa Coppa, pinturas. Galer\u00eda El Socorro, Suipacha 1331. Lun-Vie 10.30-20.30, Sab 10.30-13 hs. 3.8.-22.8.<\/li>\n<p>\u00ad<\/p>\n<li>Jorge Meijide, &#8220;Urbano&#8221;. Fondo Nacional de las Artes, Alsina 673. Lun-Vie 10-18 hs. 4.8.-26.8.<\/li>\n<p>\u00ad<\/p>\n<li>Carlos Ferreyra, pinturas. Museo Metropolitano, Castex 3217. Lun-Vie 14-19.30, Sab 12-18.30 hs. 4.8.-20.8.\u00ad<\/li>\n<p>\u00ad<\/p>\n<li>Marcelo Maira, pinturas, dibujos, objetos \/ Muestra colectiva de los alumnos de Maira: Rosana Bruno, Cecilia Crotto, Isabel Majdalani, Susana Montero, Adriana Palma, Rub\u00e9n Raggi, \u00d1eca Rangugni. Transarte, Cochabamba 360. Lun-Vie 10-13 y 15-19 hs. 5.8.-21.8.<\/li>\n<p>\u00ad\u00ad<\/p>\n<li>Mural &#8220;Homenaje a Buenos Aires&#8221; de Guillermo Roux. BankBoston, Della Paolera 265, Catalinas. Visitas guiadas Lun, Mie, Vie 18 hs despu\u00e9s de hacer una cita telef\u00f3nica: 4820-2362. Hay lugar para 20 personas. Duraci\u00f3n: 35 min. Hasta 31.8.\u00ad<\/li>\n<li>Alfonso Castillo, Mar\u00eda Cristina Fresca, Ada Porcel, fotos. EspacioArteAeroparque, Aeroparque, Sector A, PB. Inauguraci\u00f3n: 9.8., 19 hs.<\/li>\n<p>\u00ad<\/p>\n<li>Charlie Mainardi, fotos. El Borde, Uriarte 1356. Lun-Sab 14-20 hs. Inauguraci\u00f3n: 9.8., 20 hs. Hasta 22.8.<\/li>\n<p>\u00ad<\/p>\n<li>Graciela Misasi, &#8220;Antol\u00f3gica&#8221; (obras 1993-2005). Presidencia de la Naci\u00f3n, Sala de Conferencias, Balcarce 50. Inauguraci\u00f3n: 11.8., 13.30 hs. Bis 9.9.<\/li>\n<p>\u00ad<\/ul>\n<p><em>Presentaci\u00f3n de libro<\/em><br \/>\nEl lunes, 9\/8, a las 19 horas, se presenta el libro &#8220;Marta Minuj\u00edn por Romero Brest&#8221;, editado por  Edgardo Gim\u00e9nez, en el Auditorio del Malba, Av. Figueroa Alcorta 3415. Marcelo Pacheco, curador en jefe del Malba, presenta el libro con un texto de Brest hasta ahora in\u00e9dito. Marta Minuj\u00edn y Edgardo Gim\u00e9nez van a estar presentes en el evento.<\/p>\n","protected":false},"excerpt":{"rendered":"<p>Klicken Sie hier, um die deutsche Version zu lesen. Agenda de la semana 6\/8\/05-13\/8\/05 Centros de exposiciones Centro Cultural Borges, Viamonte\/San Mart\u00edn (Lun-Sab 10-21, Dom 12-21 hs, entrada 3 pesos, estudiantes y jubilados 1,50 pesos; Warhol y Dal\u00ed: entrada 9 pesos, estudiantes y jubilados 5 pesos, chicos menores de 12 a\u00f1os 3 pesos): Andy Warhol, [&hellip;]<\/p>\n","protected":false},"author":1,"featured_media":0,"comment_status":"open","ping_status":"open","sticky":false,"template":"","format":"standard","meta":{"footnotes":""},"categories":[3],"tags":[],"class_list":["post-160","post","type-post","status-publish","format-standard","hentry","category-kalender-agenda"],"_links":{"self":[{"href":"https:\/\/kunstinargentinien.com\/index.php\/wp-json\/wp\/v2\/posts\/160","targetHints":{"allow":["GET"]}}],"collection":[{"href":"https:\/\/kunstinargentinien.com\/index.php\/wp-json\/wp\/v2\/posts"}],"about":[{"href":"https:\/\/kunstinargentinien.com\/index.php\/wp-json\/wp\/v2\/types\/post"}],"author":[{"embeddable":true,"href":"https:\/\/kunstinargentinien.com\/index.php\/wp-json\/wp\/v2\/users\/1"}],"replies":[{"embeddable":true,"href":"https:\/\/kunstinargentinien.com\/index.php\/wp-json\/wp\/v2\/comments?post=160"}],"version-history":[{"count":0,"href":"https:\/\/kunstinargentinien.com\/index.php\/wp-json\/wp\/v2\/posts\/160\/revisions"}],"wp:attachment":[{"href":"https:\/\/kunstinargentinien.com\/index.php\/wp-json\/wp\/v2\/media?parent=160"}],"wp:term":[{"taxonomy":"category","embeddable":true,"href":"https:\/\/kunstinargentinien.com\/index.php\/wp-json\/wp\/v2\/categories?post=160"},{"taxonomy":"post_tag","embeddable":true,"href":"https:\/\/kunstinargentinien.com\/index.php\/wp-json\/wp\/v2\/tags?post=160"}],"curies":[{"name":"wp","href":"https:\/\/api.w.org\/{rel}","templated":true}]}}