{"id":1617,"date":"2008-10-26T10:35:17","date_gmt":"2008-10-26T13:35:17","guid":{"rendered":"http:\/\/kunstinargentinien.com\/index.php\/2008\/10\/26\/post-cine-post-video-post-tv-post-digital\/"},"modified":"2008-10-23T21:58:49","modified_gmt":"2008-10-24T00:58:49","slug":"post-cine-post-video-post-tv-post-digital","status":"publish","type":"post","link":"https:\/\/kunstinargentinien.com\/index.php\/2008\/10\/26\/post-cine-post-video-post-tv-post-digital\/","title":{"rendered":"\u00bfPost-cine, post-video, post-tv, post-digital?"},"content":{"rendered":"<p><a href=\"http:\/\/kunstinargentinien.com\/index.php\/2008\/10\/26\/postkino-postvideo-postfernsehen\/\">Klicken Sie hier, um die deutsche Version zu lesen.<\/a><\/p>\n<p><strong>MEACVAD 08 &#8211; Muestra Euroamericana de Cine, Video y Arte Digital, del 27 al 31 de Octubre 2008<\/strong><\/p>\n<p><img decoding=\"async\" id=\"image1620\" src=\"http:\/\/kunstinargentinien.com\/wp-content\/uploads\/2008\/10\/MEAC.jpg\" alt=\"MEAC.jpg\" \/><\/p>\n<p>La Muestra Euroamericana de Cine, Video y Arte Digital (MEACVAD) es un encuentro anual organizado por la Alianza Francesa, el Goethe-Institut y el Espacio Fundaci\u00f3n Telef\u00f3nica, con el apoyo de representaciones extranjeras, universidades e instituciones nacionales. Durante toda una semana de actividades, realizadores, te\u00f3ricos y acad\u00e9micos de las artes audiovisuales exhiben materiales de cine experimental y de autor, documental de creaci\u00f3n, video experimental y artes digitales interactivas, para debatir sobre el estado de situaci\u00f3n de las artes y los medios audiovisuales.<\/p>\n<p>La edici\u00f3n 2008 de MEACVAD propone como punto de partida la consagraci\u00f3n de la era digital. La idea recurrente de la paulatina muerte de las tecnolog\u00edas originales del cine, el video y la TV viene produciendo, en efecto, una serie de reflexiones y obras, que tratan sobre este fen\u00f3meno inevitable. La desaparici\u00f3n de lo anal\u00f3gico, a la vez, est\u00e1 cambiando algunas reglas de juego en las manifestaciones de la cultura y el audiovisual.<\/p>\n<p>La total digitalizaci\u00f3n de los medios se ha expandido hacia diversas formas: el cine digital, el postdocumental, la TV online, el web art, los V.J.\u00b4s y los eventos en vivo, los videojuegos y el celular como m\u00e1quina de producci\u00f3n hipermedi\u00e1tica. Asimismo, internet y la telefon\u00eda digital se han convertido en las principales interfaces culturales de una vida urbana dominada por el control, el espect\u00e1culo y la vigilancia.<\/p>\n<p>Esta problem\u00e1tica, resultado de que el hombre ha digitalizado por completo su entorno, ser\u00e1 precisamente uno de los ejes centrales de la discusi\u00f3n. Durante la misma, se buscar\u00e1 explorar un estado de situaci\u00f3n a partir de las referencias ineludibles que constituyen hoy las artes audiovisuales, desde el cine experimental y de autor, el videoarte y el documental de creaci\u00f3n, hasta la TV de calidad y las pr\u00e1cticas art\u00edsticas con los nuevos medios.<\/p>\n<p>Invitados de Am\u00e9rica y Europa se reunir\u00e1n as\u00ed durante una semana en Buenos Aires para presentar materiales, exhibir obras, ofrecer seminarios y plantear un debate sobre el audiovisual, las pr\u00e1cticas art\u00edsticas y este estado de transici\u00f3n tecnol\u00f3gico, dominado a nivel masivo por el consumo del espect\u00e1culo.<\/p>\n<p>MEACVAD presenta este a\u00f1o dos nuevas publicaciones: Artes y Medios Audiovisuales: La era Post Anal\u00f3gica, una compilaci\u00f3n de las actas del evento, y Entre Im\u00e1genes, de Raymond Bellour.<\/p>\n<p><strong><em>Invitados<\/em><\/strong><\/p>\n<ul>\n<li>Lucas Bambozzi (Brasil) &#8211; Video artista, acad\u00e9mico, documentalista, realizador, curador<\/li>\n<li>Raymond Bellour (Francia) \u2013 Investigador y te\u00f3rico en artes audiovisuales, C.N.R.S.<\/li>\n<li>Silvia Cacciatori (Uruguay) \u2013 Dise\u00f1adora y realizadora audiovisual<\/li>\n<li>Edgar Endress (Chile) \u2013 Videoartista y realizador audiovisual<\/li>\n<li>Federico Falco (Argentina) \u2013 Video artista, escritor<\/li>\n<li>Carmen Gil Vrolijk (Colombia) \u2013 Artista multimedia y acad\u00e9mica, Universidad de los Andes<\/li>\n<li>Ingo G\u00fcnther (Alemania) \u2013 Artista, realizador audiovisual y acad\u00e9mico<\/li>\n<li>Pablo Lamar (Paraguay) \u2013 Realizador de cine<\/li>\n<li>Antonio Weinrichter (Espa\u00f1a) &#8211; Te\u00f3rico y acad\u00e9mico, especializado en documental<\/li>\n<\/ul>\n<p><strong><em>Actividades previstas<\/em><\/strong><\/p>\n<ul>\n<li>Seminario Entre Im\u00e1genes, Raymond Bellour<\/li>\n<li>Retrospectiva Lucas Bambozzi<\/li>\n<li>Recorrido antol\u00f3gico por la obra de Ingo G\u00fcnther<\/li>\n<li>30 a\u00f1os de video arte, Homenaje a Carlos Trilnick<\/li>\n<li>Visionarios, Programa hist\u00f3rico de cine y video experimental de Am\u00e9rica Latina, curadur\u00eda de Arlindo Machado, Ita\u00fa Cultural de San Pablo\/MAMBA Buenos Aires<\/li>\n<li>Programa Jean-Paul Fargier, Jour apr\u00e8s jour (Jean-Daniel Pollet) y Godard\/Sollers. L\u00b4entretien<\/li>\n<li>Eventos en vivo, una historia, Carmen Gil Vrolijk<\/li>\n<li>Gr\u00e1fica Monumental, proyecto de creaci\u00f3n con GPS, Andrea Di Castro<\/li>\n<li>Documental, un estado de situaci\u00f3n, Antonio Weinrichter\n<li>Presentaci\u00f3n Publicaciones MEACVAD: Libro de actas 08 y Entre Im\u00e1genes, Raymond Bellour<\/li>\n<\/ul>\n<p>Han sido invitados hasta el momento a las diferentes ediciones de la MECVAD: Tania Aedo, Enrique Aguerre, Claudia Aravena, Roy Ascott, Alan Berliner, Alain Bourges, Robert Cahen, Jean-Louis Comolli, Philippe Dubois, Anne-Marie Duguet, Jean-Paul Fargier, Solange Farkas, Cao Guimaraes, David Larcher, Sandra Kogut, Arlindo Machado, Lev Manovich, Bj\u00f8rn Melhus, Patricia Moran, Antonio Muntadas,  Marcel Odenbach, N\u00e9stor Olhagaray, Lourdes Portillo, Eder Santos,Valentina Valentini, Peter Weibel, Siegfried Zielinski, entre otros.<\/p>\n<p>Mas informaci\u00f3n <em><a href=\"http:\/\/www.meacvad.org\/2008\/01_meac.php\">aqu\u00ed<\/a><\/em>.<\/p>\n","protected":false},"excerpt":{"rendered":"<p>Klicken Sie hier, um die deutsche Version zu lesen. MEACVAD 08 &#8211; Muestra Euroamericana de Cine, Video y Arte Digital, del 27 al 31 de Octubre 2008 La Muestra Euroamericana de Cine, Video y Arte Digital (MEACVAD) es un encuentro anual organizado por la Alianza Francesa, el Goethe-Institut y el Espacio Fundaci\u00f3n Telef\u00f3nica, con el [&hellip;]<\/p>\n","protected":false},"author":1,"featured_media":0,"comment_status":"open","ping_status":"open","sticky":false,"template":"","format":"standard","meta":{"footnotes":""},"categories":[4],"tags":[],"class_list":["post-1617","post","type-post","status-publish","format-standard","hentry","category-tipp-der-woche-recomendacion-de-la-semana"],"_links":{"self":[{"href":"https:\/\/kunstinargentinien.com\/index.php\/wp-json\/wp\/v2\/posts\/1617","targetHints":{"allow":["GET"]}}],"collection":[{"href":"https:\/\/kunstinargentinien.com\/index.php\/wp-json\/wp\/v2\/posts"}],"about":[{"href":"https:\/\/kunstinargentinien.com\/index.php\/wp-json\/wp\/v2\/types\/post"}],"author":[{"embeddable":true,"href":"https:\/\/kunstinargentinien.com\/index.php\/wp-json\/wp\/v2\/users\/1"}],"replies":[{"embeddable":true,"href":"https:\/\/kunstinargentinien.com\/index.php\/wp-json\/wp\/v2\/comments?post=1617"}],"version-history":[{"count":0,"href":"https:\/\/kunstinargentinien.com\/index.php\/wp-json\/wp\/v2\/posts\/1617\/revisions"}],"wp:attachment":[{"href":"https:\/\/kunstinargentinien.com\/index.php\/wp-json\/wp\/v2\/media?parent=1617"}],"wp:term":[{"taxonomy":"category","embeddable":true,"href":"https:\/\/kunstinargentinien.com\/index.php\/wp-json\/wp\/v2\/categories?post=1617"},{"taxonomy":"post_tag","embeddable":true,"href":"https:\/\/kunstinargentinien.com\/index.php\/wp-json\/wp\/v2\/tags?post=1617"}],"curies":[{"name":"wp","href":"https:\/\/api.w.org\/{rel}","templated":true}]}}