{"id":1623,"date":"2008-10-29T08:50:40","date_gmt":"2008-10-29T11:50:40","guid":{"rendered":"http:\/\/kunstinargentinien.com\/index.php\/2008\/10\/29\/una-obra-pragmatica-y-romantica\/"},"modified":"2008-11-10T12:56:23","modified_gmt":"2008-11-10T15:56:23","slug":"una-obra-pragmatica-y-romantica","status":"publish","type":"post","link":"https:\/\/kunstinargentinien.com\/index.php\/2008\/10\/29\/una-obra-pragmatica-y-romantica\/","title":{"rendered":"Una obra pragm\u00e1tica y rom\u00e1ntica"},"content":{"rendered":"<p><strong>El artista alem\u00e1n Ingo G\u00fcnther en la Muestra Euroamericana de Cine, Video y Arte Digital MEACVAD<\/strong><\/p>\n<p><img decoding=\"async\" id=\"image1613\" alt=Ingo2.jpg src=\"http:\/\/kunstinargentinien.com\/wp-content\/uploads\/2008\/10\/Ingo2.jpg\" \/><\/p>\n<p>En el marco de MEACVAD08, el artista de los medios Ingo G\u00fcnther presentar\u00e1 una antolog\u00eda de su obra el jueves 30 y el viernes 31 de octubre a las 21 hs. en el Goethe-Institut. Av Corrientes 319, con entrada libre y traducci\u00f3n simult\u00e1nea<\/p>\n<p>Ingo G\u00fcnter es inasible de un modo muy particular. Su nombre no aparece con frecuencia en las antolog\u00edas de arte de los medios pero s\u00ed en otros lugares inesperados: como conferencista en la universidad camboyana de Phnom Phen, en la Academia de Ciencias de Viena o en una conferencia sobre el cambio clim\u00e1tico organizada por la ONU. A decir verdad, este artista (pero tambi\u00e9n profesor en la Academia de Arte de los Medios de Colonia, periodista, antiguo director de una agencia de datos satelitales y fundador de la primera estaci\u00f3n de televisi\u00f3n independiente de Europa del Este, el Kanal X de Leipzig) fue uno de los primeros que integr\u00f3 los medios de comunicaci\u00f3n global en su trabajo cotidiano. Un agente de las nuevas condiciones, pero tambi\u00e9n fuertemente vinculado al universo de la sensaciones, que estudi\u00f3 con Joseph Beuys y Nam Jun Paik, entre otros.<\/p>\n<p>Ingo G\u00fcnther (Dortmund, Alemania, 1957) pasa la mayor parte del tiempo en Nueva York. Lo obsesionan las relaciones entre pol\u00edtica y globalizaci\u00f3n (&#8220;toda forma pol\u00edtica proviene de redes&#8221;, &#8220;la polis es una expresi\u00f3n de la conciencia de la integraci\u00f3n en red&#8221;), la materia como un lujo de unos pocos &#8220;y las redes como el lugar en el que pueden desahogarse todos los dem\u00e1s&#8221;, los problemas que acucian al planeta, las tensiones entre la abundancia (de lo simb\u00f3lico) y la escasez (de lo real).<\/p>\n<p>Un caso a la vez l\u00edmite y paradigm\u00e1tico de su obra es su <a href=\"http:\/\/refugee.net\/\">proyecto La Rep\u00fablica de los Refugiados<\/a>, una fundaci\u00f3n que busca en todo el mundo accionistas para el primer estado &#8220;supranacional y supraterritorial&#8221;. &#8220;Los refugiados no s\u00f3lo son un problema acuciante sino tambi\u00e9n una soluci\u00f3n capital. Considerados como una red transglobal y provistos de una forma de estado propia, son los mejores candidatos para conformar la vanguardia pol\u00edtico ideol\u00f3gica del pr\u00f3ximo milenio&#8221;, escribe.<\/p>\n<p>La obra de G\u00fcnther, tan pragm\u00e1tica como rom\u00e1ntica, obtuvo numerosos premios y se pudo ver en los centros de arte m\u00e1s importantes del mundo: las bienales de Venecia y Fukui, en Jap\u00f3n, la Documenta de Kassel, la Ars Electronica de Linz y la MultiMediale del ZMK alem\u00e1n.<\/p>\n<p>M\u00e1s info: <a href=\"http:\/\/www.republik.com\/\">republik.com<\/a>, <a href=\"http:\/\/www.refugee.net\/\">refugee.net<\/a>.<\/p>\n","protected":false},"excerpt":{"rendered":"<p>El artista alem\u00e1n Ingo G\u00fcnther en la Muestra Euroamericana de Cine, Video y Arte Digital MEACVAD En el marco de MEACVAD08, el artista de los medios Ingo G\u00fcnther presentar\u00e1 una antolog\u00eda de su obra el jueves 30 y el viernes 31 de octubre a las 21 hs. en el Goethe-Institut. Av Corrientes 319, con entrada [&hellip;]<\/p>\n","protected":false},"author":1,"featured_media":0,"comment_status":"open","ping_status":"open","sticky":false,"template":"","format":"standard","meta":{"footnotes":""},"categories":[4],"tags":[],"class_list":["post-1623","post","type-post","status-publish","format-standard","hentry","category-tipp-der-woche-recomendacion-de-la-semana"],"_links":{"self":[{"href":"https:\/\/kunstinargentinien.com\/index.php\/wp-json\/wp\/v2\/posts\/1623","targetHints":{"allow":["GET"]}}],"collection":[{"href":"https:\/\/kunstinargentinien.com\/index.php\/wp-json\/wp\/v2\/posts"}],"about":[{"href":"https:\/\/kunstinargentinien.com\/index.php\/wp-json\/wp\/v2\/types\/post"}],"author":[{"embeddable":true,"href":"https:\/\/kunstinargentinien.com\/index.php\/wp-json\/wp\/v2\/users\/1"}],"replies":[{"embeddable":true,"href":"https:\/\/kunstinargentinien.com\/index.php\/wp-json\/wp\/v2\/comments?post=1623"}],"version-history":[{"count":0,"href":"https:\/\/kunstinargentinien.com\/index.php\/wp-json\/wp\/v2\/posts\/1623\/revisions"}],"wp:attachment":[{"href":"https:\/\/kunstinargentinien.com\/index.php\/wp-json\/wp\/v2\/media?parent=1623"}],"wp:term":[{"taxonomy":"category","embeddable":true,"href":"https:\/\/kunstinargentinien.com\/index.php\/wp-json\/wp\/v2\/categories?post=1623"},{"taxonomy":"post_tag","embeddable":true,"href":"https:\/\/kunstinargentinien.com\/index.php\/wp-json\/wp\/v2\/tags?post=1623"}],"curies":[{"name":"wp","href":"https:\/\/api.w.org\/{rel}","templated":true}]}}