{"id":1642,"date":"2008-11-15T10:08:17","date_gmt":"2008-11-15T13:08:17","guid":{"rendered":"http:\/\/kunstinargentinien.com\/index.php\/2008\/11\/15\/agenda-kalender-137\/"},"modified":"2008-12-02T13:31:02","modified_gmt":"2008-12-02T16:31:02","slug":"agenda-kalender-137","status":"publish","type":"post","link":"https:\/\/kunstinargentinien.com\/index.php\/2008\/11\/15\/agenda-kalender-137\/","title":{"rendered":"Agenda \/ Kalender"},"content":{"rendered":"<p><a href=\"http:\/\/kunstinargentinien.com\/index.php\/2008\/11\/15\/1643\/\">Klicken Sie hier, um die deutsche Version zu lesen.<\/a><\/p>\n<p><strong>Agenda de Muestras 15\/11\/08-22\/11\/08<\/strong><\/p>\n<p><em><strong>Centros de exposiciones<\/strong><\/em><\/p>\n<ul>\n<li><a href=\"http:\/\/www.malba.org.ar\/web\/\">MALBA<\/a> (Museo de Arte Latinoamericano de Buenos Aires), Av. Figueroa Alcorta 3415 (Jue-Lun y feriados 12-20 hs, martes cerrado, Mi\u00e9rcoles hasta 21 hs, entrada libre. Los otros d\u00edas: entrada 15 pesos, docentes y mayores de 65 a\u00f1os 7,50 pesos, estudiantes, menores de 12 a\u00f1os y discapacitados gratis): &#8220;Contempor\u00e1neo 23: Mercado&#8221;. Proyecto: Cristina Schiavi. Artistas: Gabriel Baggio, Elba Bairon, Nushi Muntaabski y Cristina Schiavi. Tallador de frutas: Gabriel Ferraris. 09.10.-24.11.<\/li>\n<li><a href=\"http:\/\/www.mnba.org.ar\/\">Museo Nacional de Bellas Artes<\/a> (MNBA), Av. del Libertador 1473 (Mar-Vie 12.30-19.30, Sab y Dom 9.30-19.30 hs. Entrada libre): &#8220;Mirando la Historia, en la Colecci\u00f3n Fotogr\u00e1fica del MNBA&#8221;. 2\u00ba piso. 14.10.-30.11. \/ &#8220;Latitudes: Maestros Latinoamericanos en la Colecci\u00f3n FEMSA&#8221;. 1\u00ba piso. Desde 04.11.<\/li>\n<li><a href=\"http:\/\/www.ccborges.org.ar\/\">Centro Cultural Borges<\/a>, Viamonte\/San Mart\u00edn (Lun-Sab 10-21, Dom 12-21 hs. Entrada 8 pesos, jubilados y estudiantes 5 pesos):<br \/>\nKarina El Azem, obras 1993-2008. Curadora: Patricia Rizzo. 30.10.-23.11. \/ &#8220;World Press Photo 2008&#8221;, exposici\u00f3n que re\u00fane las fotograf\u00edas m\u00e1s espectaculares tomadas por los fot\u00f3grafos de prensa de todo el mundo en los \u00faltimos doce meses. 06.11.-27.11. \/ &#8220;ArtVertising 2008&#8221; &#8211; Arte por Publicitarios, 3ra edici\u00f3n. Desde 06.11.<\/li>\n<\/ul>\n<p><em><strong>Otras exposiciones<\/strong><\/em><\/p>\n<ul>\n<li>Mariano Sard\u00f3n, &#8220;Telefon\u00edas&#8221;. Proyecto de investigaci\u00f3n interdisciplinario in\u00e9dito que propone explorar la interacci\u00f3n entre el Espacio Fundaci\u00f3n Telef\u00f3nica y la hist\u00f3rica Central Juncal acerc\u00e1ndonos a los procesos tecnol\u00f3gicos de manera reflexiva, l\u00fadica y est\u00e9tica. <a href=\"http:\/\/www.espacioft.org.ar\/\">Espacio Fundaci\u00f3n Telef\u00f3nica<\/a>, Arenales 1540. Mar-Dom 14-20.30 hs. 22.09.-22.12.<\/li>\n<li>&#8220;Coleccionables y coleccionistas 2008&#8221;. <a href=\"http:\/\/www.mnad.org.ar\/\">Museo Nacional de Arte Decorativo<\/a>, Av. del Libertador 1902. Mar-Dom 14-19 hs. 25.09.-23.11.<\/li>\n<li>Josef Sudek, fotograf\u00edas. Colecciones de la Galer\u00eda de Moravia en Brno, Rep\u00fablica Checa. Curadores: Jorge Cometti, Leila Makarius, Anton\u00edn Dufek. Museo de Arte Hispanoamericano Isaac Fern\u00e1ndez Blanco, Suipacha 1422. Mar-Vie 14-19, Sab, Dom y feriados 12-19 hs. 07.10.-07.12.<\/li>\n<li>&#8220;Quinquela, entre Fader y Berni. Colecci\u00f3n del Museo de Bellas Artes de La Boca&#8221;, muestra antol\u00f3gica del gran artista boquense Benito Quinquela Mart\u00edn y de obras realizada por otros pintores de su tiempo, que integraban su colecci\u00f3n personal. Curadora: Diana B. Wechsler. Museo de la Universidad Nacional de Tres de Febrero (MUNTREF), Valent\u00edn G\u00f3mez 4838 (frente a la estaci\u00f3n), Caseros, Prov. de Buenos Aires. 08.10.-27.12.<\/li>\n<li>Fernando Lancellotti, &#8220;Quiz\u00e1s no vayas a ninguna parte&#8221;. Sala 1. \/ Juan Cabrera, Paz Mari, Alexandra Kehayoglou, &#8220;Storyboard&#8221;. Curadora: Patricia Rizzo. Sala 2. <a href=\"http:\/\/www.wussmann.com\/\">Wussmann<\/a>, Venezuela 570, San Telmo. 16.10.-22.11.<\/li>\n<li>Marcela Cabutti, &#8220;Mir\u00e1 cu\u00e1ntos barcos a\u00fan navegan!&#8221;. \/ Guido Yannetti, &#8220;Sonido Ambiente&#8221;. \/ Florencia Levy, &#8220;<em>El maestro herrero<\/em> parte primera&#8221;. Sala Video. <a href=\"http:\/\/www.arte713.com\/?cId=650\">713 Arte Contempor\u00e1neo<\/a>, Defensa 713, San Telmo. Lun-Sab 13-19 hs. 16.10.-22.11.<\/li>\n<li>&#8220;Grandes Fracasos&#8221;. Curadur\u00eda: M\u00e1ximo Jacoby. En una sociedad donde el \u00e9xito es la carta de presentaci\u00f3n, y a veces el \u00fanico deseo posible, &#8220;Grandes Fracasos&#8221; muestra el lado B, lo que queda afuera, el descarte, de artistas, intelectuales y periodistas. El fracaso en el arte como lugar posible de producci\u00f3n, reflexi\u00f3n e inspiraci\u00f3n en los m\u00e1rgenes del mandato de la mercanc\u00eda. Sala A. \/ Alfonso Barbieri, dibujos 1990\u20132001. Curador: M\u00e1ximo Jacoby. Espacio de Arte B. Centro Cultural Rojas, Av. Corrientes 2038. Lun-Sab 9-20 hs. 17.10.-28.11.<\/li>\n<li>&#8220;La Munich contempor\u00e1nea.01&#8221;, instalaciones, video arte, performances y m\u00fasica de Patricio Larrambebere, Ezequiel Semo, Ana Montecucco, Pablo Rosales, San Poggio, Edgardo Castro, Mar\u00eda Antolini, Roxana Buttazzoni, Leticia El Halli Obeid, Florencia Levy, Maite Pel\u00e1ez, Javier Plano, Adriel Ramos, Juan Sorrentino y Mariano Vilela. Coordinaci\u00f3n general: Horacio Torres. Programaci\u00f3n: Alejandro Somaschini. Centro de Museos de Buenos Aires, ex Cervecer\u00eda Munich, Av. de los Italianos 851, Puerto Madero. Lun-Vie 14-18, Sab, Dom y feriados 10-19 hs. Visitas guiadas: cada hora. Proyecci\u00f3n de videos: Sab 10-19 hs. Entrada: $1 Sab y Dom; Lun-Vie gratis. 18.10.-22.11.<\/li>\n<li>Roberto Aizenberg. Sala Principal. \/ Adri\u00e1n Villar Rojas, &#8220;Lo que el fuego me trajo&#8221;. NuevoEspacio. <a href=\"http:\/\/www.ruthbenzacar.com\/index.php\">Ruth Benzacar<\/a>, Florida 1000. 22.10.-22.11.<\/li>\n<li>Diego Perrotta, &#8220;El Pa\u00eds Volc\u00e1n&#8221;, pinturas y objetos. <a href=\"http:\/\/www.empatia-arte.com\/\">Galer\u00eda Empat\u00eda<\/a>, Carlos Pellegrini 1255. Lun-Vie 11-20, Sab 10-13 hs. 23.10.-22.11.<\/li>\n<li>Alejandra Repetto y Ramiro Sacco, &#8220;De luz y silencio&#8221;. Organizaci\u00f3n: PLat Pensamiento Lateral. Curador: Federico Platener. Espacio Arguibel, Andr\u00e9s Arguibel 2826, Las Ca\u00f1itas. Todos los d\u00edas 19-23 hs. 24.10.-17.11.<\/li>\n<li>Patricio Larrambebere, &#8220;Boviander&#8221;, pinturas. <a href=\"http:\/\/www.insightarte.com.ar\/\">Insight Arte<\/a>, Av. Callao 1777, PB. 27.10.-21.11.<\/li>\n<li>Gabriel Sainz, &#8220;Esa ant\u00edgua inocencia&#8221;, acr\u00edlicos. Galer\u00eda Holz, Arroyo 862. 31.10.-17.11.<\/li>\n<li>Hermenegildo S\u00e1bat, &#8220;H\u00e9roes de la Dependencia&#8221;. Espacio de Arte AMIA, Pasteur 633. Lun-Jue 10-19, Vie 10-16 hs. 05.11.-28.11.<\/li>\n<li>Laura C\u00f2dega, &#8220;Allanamiento&#8221;. Oficina Proyectista, Per\u00fa 84, 6to piso, Oficina 82. Mie, Jue y Vie 18-20 hs. 06.11.-28.11.<\/li>\n<li>Sebasti\u00e1n Freire, &#8220;Rainbow&#8221;, fotograf\u00edas. Sala 1. \/ Malena Pizani, &#8220;del reposo&#8221;, h\u00e1bitat. Sala 2. \/ Coty Alberione, &#8220;I love you&#8221;, pinturas. Sala 3. \/ &#8220;Galer\u00eda blanda&#8221;, instalaci\u00f3n de esculturas blandas de artistas de la Galer\u00eda Muchatela. Sala 4. <a href=\"http:\/\/www.crimson-arte.com\/\">Crimson Arte<\/a>, F. Acu\u00f1a de Figueroa 1800. Mar-Vie 14-20 hs. 07.11.-28.11., 17 hs.<\/li>\n<li>&#8220;Para\u00edso&#8221;, intervenci\u00f3n en un espacio. Artistas: Graciela Barco, Elsa Bodega, Eugenia Cicercia, Gabriela Cocciolo, Stella Conde, Ana Mar\u00eda P\u00e9rez Corrado, Nelly Cucchi, Smayl Dutengefer, Oscar Laje, Natalia L\u00f3pez, Jorge Maranga, Norma Marrero, Elena Rosell\u00f3. Coordinaci\u00f3n: Stella Sidi. Aluvi\u00f3n Libros, Viamonte 989, Subsuelo. Lun-Vie 15-19, Sab 11-13 hs. 07.11.-21.11.<\/li>\n<li>&#8220;Artistas en red&#8221;, exposici\u00f3n de la galer\u00eda virtual <a href=\"http:\/\/www.redgaleria.com\/\">Redgaler\u00eda<\/a>. Fotograf\u00edas, pinturas, dibujos y obras digitales de Sergio Avello, Marta Cali, Juan Jos\u00e9 Cambre, Leandro Cappadona, Natalia Festa, Albano Garc\u00eda, M\u00f3nica Giron, Gabriel Grippo, Pompi Gutnisky, Anna-Lisa Marjak, Mat\u00edas M\u00e9ndez, Alejandra Padilla, Mat\u00edas Perego y Facundo de Zuvir\u00eda. Intervenciones en el Hotel Boquitas Pintadas, Estados Unidos 1393 (esquina San Jos\u00e9). Lun-Vie 15-20 hs. 07.11.-30.12.<\/li>\n<li>Omar Panosetti, &#8220;Mondopano II&#8221;, pinturas. Centro Cultural Recoleta, Sala 10, Jun\u00edn 1930. Mar-Vie 14-21, Sab y Dom 10-21 hs. 13.11.-08.12.<\/li>\n<li>Olga Autunno, &#8220;Marcas en el paisaje&#8221;, fotograf\u00edas. Atica Galer\u00eda de Arte, Libertad 1240, PB &#8220;9&#8221;. Lun-Vie 11-13 y 15-20, Sab 11-13.30 hs. Inauguraci\u00f3n: 19.11., 19 hs. Hasta 20.12.<\/li>\n<\/ul>\n","protected":false},"excerpt":{"rendered":"<p>Klicken Sie hier, um die deutsche Version zu lesen. Agenda de Muestras 15\/11\/08-22\/11\/08 Centros de exposiciones MALBA (Museo de Arte Latinoamericano de Buenos Aires), Av. Figueroa Alcorta 3415 (Jue-Lun y feriados 12-20 hs, martes cerrado, Mi\u00e9rcoles hasta 21 hs, entrada libre. Los otros d\u00edas: entrada 15 pesos, docentes y mayores de 65 a\u00f1os 7,50 pesos, [&hellip;]<\/p>\n","protected":false},"author":1,"featured_media":0,"comment_status":"open","ping_status":"open","sticky":false,"template":"","format":"standard","meta":{"footnotes":""},"categories":[3],"tags":[],"class_list":["post-1642","post","type-post","status-publish","format-standard","hentry","category-kalender-agenda"],"_links":{"self":[{"href":"https:\/\/kunstinargentinien.com\/index.php\/wp-json\/wp\/v2\/posts\/1642","targetHints":{"allow":["GET"]}}],"collection":[{"href":"https:\/\/kunstinargentinien.com\/index.php\/wp-json\/wp\/v2\/posts"}],"about":[{"href":"https:\/\/kunstinargentinien.com\/index.php\/wp-json\/wp\/v2\/types\/post"}],"author":[{"embeddable":true,"href":"https:\/\/kunstinargentinien.com\/index.php\/wp-json\/wp\/v2\/users\/1"}],"replies":[{"embeddable":true,"href":"https:\/\/kunstinargentinien.com\/index.php\/wp-json\/wp\/v2\/comments?post=1642"}],"version-history":[{"count":0,"href":"https:\/\/kunstinargentinien.com\/index.php\/wp-json\/wp\/v2\/posts\/1642\/revisions"}],"wp:attachment":[{"href":"https:\/\/kunstinargentinien.com\/index.php\/wp-json\/wp\/v2\/media?parent=1642"}],"wp:term":[{"taxonomy":"category","embeddable":true,"href":"https:\/\/kunstinargentinien.com\/index.php\/wp-json\/wp\/v2\/categories?post=1642"},{"taxonomy":"post_tag","embeddable":true,"href":"https:\/\/kunstinargentinien.com\/index.php\/wp-json\/wp\/v2\/tags?post=1642"}],"curies":[{"name":"wp","href":"https:\/\/api.w.org\/{rel}","templated":true}]}}