{"id":16517,"date":"2013-08-13T12:46:11","date_gmt":"2013-08-13T15:46:11","guid":{"rendered":"http:\/\/kunstinargentinien.com\/?p=16517"},"modified":"2013-08-13T16:55:55","modified_gmt":"2013-08-13T19:55:55","slug":"traumen-mit-den-beinen","status":"publish","type":"post","link":"https:\/\/kunstinargentinien.com\/index.php\/2013\/08\/13\/traumen-mit-den-beinen\/","title":{"rendered":"Die Leichtigkeit des Lebens genie\u00dfen"},"content":{"rendered":"<p><strong>Tangofestival und -WM von Buenos Aires startet morgen<\/p>\n<p><em>Von Maren van Treel<\/em><\/strong><\/p>\n<p><a href=\"http:\/\/kunstinargentinien.com\/wp-content\/uploads\/2013\/08\/tanghetto.jpg\"><img loading=\"lazy\" decoding=\"async\" src=\"http:\/\/kunstinargentinien.com\/wp-content\/uploads\/2013\/08\/tanghetto.jpg\" alt=\"\" title=\"tanghetto\" width=\"500\" height=\"326\" class=\"aligncenter size-full wp-image-16584\" srcset=\"https:\/\/kunstinargentinien.com\/wp-content\/uploads\/2013\/08\/tanghetto.jpg 500w, https:\/\/kunstinargentinien.com\/wp-content\/uploads\/2013\/08\/tanghetto-300x195.jpg 300w\" sizes=\"auto, (max-width: 500px) 100vw, 500px\" \/><\/a><br \/>\n&#8220;Ich liebe den Tanz, denn er befreit den Menschen von der Schwere aller Dinge&#8221;, sagte einst Augustinus von Hippo. Die Leichtigkeit des Lebens zu genie\u00dfen, dazu l\u00e4dt das Tangofestival von Buenos Aires vom 14. bis zum 27. August ein. Parallel findet die Tangoweltmeisterschaft in der Hauptstadt statt.<\/p>\n<p>Er\u00f6ffnet wird das Festival vom Ensemble &#8220;Sexteto Mayor&#8221;, das auch sein 40-j\u00e4hriges Bestehen feiert. W\u00e4hrend der zwei Wochen haben die Besucher die M\u00f6glichkeit zum Zuschauen, aber auch, selbst zu tanzen. So gibt es Konzerte, Milongas, Tanzshows, einen internationalen Tangowettbewerb, aber auch Tangostunden.<\/p>\n<p>Eine besondere Ehrung gilt dieses Jahr dem Komponisten Gerardo Gandini, der im M\u00e4rz verstarb. Sein Werk &#8220;Tangos y Postangos para Big Band&#8221; wird ebenfalls zu sehen sein. Das Festival verteilt sich \u00fcber mehrere Teile der Stadt und alle Veranstaltungen sind kostenlos.<\/p>\n<p>Herwig Mitteregger bezeichnete das Tanzen als &#8220;Tr\u00e4umen mit den Beinen&#8221;. In diesem Sinne l\u00e4dt Buenos Aires in diesen Wochen zu einer traumhaften Zeit. Weitere Informationen auf der <a href=\"http:\/\/festivales.buenosaires.gob.ar\/tango\/festivalymundial13\/web\/es\/index.html\">Webseite des Festivals<\/a>.<\/p>\n<p><strong>Foto:<\/strong><br \/>\nTanghetto.<\/p>\n","protected":false},"excerpt":{"rendered":"<p>Tangofestival und -WM von Buenos Aires startet morgen Von Maren van Treel &#8220;Ich liebe den Tanz, denn er befreit den Menschen von der Schwere aller Dinge&#8221;, sagte einst Augustinus von Hippo. Die Leichtigkeit des Lebens zu genie\u00dfen, dazu l\u00e4dt das Tangofestival von Buenos Aires vom 14. bis zum 27. August ein. Parallel findet die Tangoweltmeisterschaft [&hellip;]<\/p>\n","protected":false},"author":1,"featured_media":0,"comment_status":"open","ping_status":"open","sticky":false,"template":"","format":"standard","meta":{"footnotes":""},"categories":[17,4],"tags":[],"class_list":["post-16517","post","type-post","status-publish","format-standard","hentry","category-theater-teatro","category-tipp-der-woche-recomendacion-de-la-semana"],"_links":{"self":[{"href":"https:\/\/kunstinargentinien.com\/index.php\/wp-json\/wp\/v2\/posts\/16517","targetHints":{"allow":["GET"]}}],"collection":[{"href":"https:\/\/kunstinargentinien.com\/index.php\/wp-json\/wp\/v2\/posts"}],"about":[{"href":"https:\/\/kunstinargentinien.com\/index.php\/wp-json\/wp\/v2\/types\/post"}],"author":[{"embeddable":true,"href":"https:\/\/kunstinargentinien.com\/index.php\/wp-json\/wp\/v2\/users\/1"}],"replies":[{"embeddable":true,"href":"https:\/\/kunstinargentinien.com\/index.php\/wp-json\/wp\/v2\/comments?post=16517"}],"version-history":[{"count":8,"href":"https:\/\/kunstinargentinien.com\/index.php\/wp-json\/wp\/v2\/posts\/16517\/revisions"}],"predecessor-version":[{"id":16586,"href":"https:\/\/kunstinargentinien.com\/index.php\/wp-json\/wp\/v2\/posts\/16517\/revisions\/16586"}],"wp:attachment":[{"href":"https:\/\/kunstinargentinien.com\/index.php\/wp-json\/wp\/v2\/media?parent=16517"}],"wp:term":[{"taxonomy":"category","embeddable":true,"href":"https:\/\/kunstinargentinien.com\/index.php\/wp-json\/wp\/v2\/categories?post=16517"},{"taxonomy":"post_tag","embeddable":true,"href":"https:\/\/kunstinargentinien.com\/index.php\/wp-json\/wp\/v2\/tags?post=16517"}],"curies":[{"name":"wp","href":"https:\/\/api.w.org\/{rel}","templated":true}]}}