{"id":1684,"date":"2009-01-03T10:19:20","date_gmt":"2009-01-03T13:19:20","guid":{"rendered":"http:\/\/kunstinargentinien.com\/index.php\/2009\/01\/03\/agenda-kalender-144\/"},"modified":"2009-01-24T14:11:34","modified_gmt":"2009-01-24T17:11:34","slug":"agenda-kalender-144","status":"publish","type":"post","link":"https:\/\/kunstinargentinien.com\/index.php\/2009\/01\/03\/agenda-kalender-144\/","title":{"rendered":"Agenda \/ Kalender"},"content":{"rendered":"<p><a href=\"http:\/\/kunstinargentinien.com\/index.php\/2009\/01\/03\/kalender-agenda-149\/\">Klicken Sie hier, um die deutsche Version zu lesen.<\/a><\/p>\n<p><strong>Agenda de Muestras 03\/01\/09-10\/01\/09<\/strong><\/p>\n<div align=center><img decoding=\"async\" id=\"image1683\" alt=Milo2.jpg src=\"http:\/\/kunstinargentinien.com\/wp-content\/uploads\/2008\/12\/Milo2.jpg\" \/><br \/>\n<em>En la galer\u00eda <a href=\"http:\/\/www.danielmaman.com\/\">Daniel Maman Fine Art<\/a>, sucursal Punta del Este, Uruguay, se inaugurar\u00e1 hoy una muestra de pinturas del exitoso artista argentino Milo Lockett.<\/em><\/div>\n<p><em><strong>Centros de exposiciones<\/strong><\/em><\/p>\n<ul>\n<li><a href=\"http:\/\/www.malba.org.ar\/web\/\">MALBA<\/a> (Museo de Arte Latinoamericano de Buenos Aires), Av. Figueroa Alcorta 3415 (Jue-Lun y feriados 12-20 hs, martes cerrado, Mi\u00e9rcoles hasta 21 hs, entrada libre. Los otros d\u00edas: entrada 15 pesos, docentes y mayores de 65 a\u00f1os 7,50 pesos, estudiantes, menores de 12 a\u00f1os y discapacitados gratis): &#8220;Asociaci\u00f3n Amigos del Arte 1924-1942&#8221;, recorrido por la historia de la instituci\u00f3n cultural m\u00e1s importante de la primera parte del siglo XX en la Argentina. Curadores: Patricia M. Artundo y Marcelo E. Pacheco. Sala 5 (2\u00ba piso). 27.11.-febrero. \/ &#8220;Dise\u00f1o en proceso&#8221;. Participan: Maximiliano Cifuni, Leandro Laurencena, Hern\u00e1n Fretto, Dami\u00e1n Mej\u00edas y Alejo Estebecorena. Curadora invitada: Anabella Rondina. Hasta 02.02. \/ &#8220;Adquisiciones, donaciones y comodatos&#8221;. Sala 3, 1\u00ba piso. Hasta abril.<\/li>\n<li><a href=\"http:\/\/www.mnba.org.ar\/\">Museo Nacional de Bellas Artes<\/a> (MNBA), Av. del Libertador 1473 (Mar-Vie 12.30-19.30, Sab y Dom 9.30-19.30 hs. Entrada libre): &#8220;Latitudes: Maestros Latinoamericanos en la Colecci\u00f3n FEMSA&#8221;. 1\u00ba piso. 04.11.-04.01. \/ Jacques Bedel, &#8220;Aproximaciones&#8221;. PB, Pabell\u00f3n. 20.11.-02.02.<\/li>\n<li>Centro Cultural Recoleta, Jun\u00edn 1930 (Mar-Vie 14-21, Sab y Dom 10-21 hs): &#8220;\u00a1Ojo,eh!&#8221;, pinturas, dibujos e instalaciones. Taller Diego Perrotta. Sala 13, 1\u00ba piso. 11.12.-04.01.<\/li>\n<li><a href=\"http:\/\/www.ccborges.org.ar\/\">Centro Cultural Borges<\/a>, Viamonte\/San Mart\u00edn (Lun-Sab 10-21, Dom 12-21 hs. Entrada 8 pesos, jubilados y estudiantes 5 pesos): R\u00f3mulo Macci\u00f3, &#8220;Caprichos&#8221;, pinturas. 23.12.-15.03.<\/li>\n<\/ul>\n<p><em><strong>Otras exposiciones<\/strong><\/em><\/p>\n<ul>\n<li>&#8220;Marcel Duchamp, Una obra que no es una obra \u2018de arte\u2019&#8221;. <a href=\"http:\/\/www.proa.org\/esp\/\">Fundaci\u00f3n Proa<\/a>, Av. Pedro de Mendoza 1929, La Boca. Mar-Dom 11-19 hs. 22.11.-01.02.<\/li>\n<li>Hern\u00e1n Gorbatt, In\u00e9s Vecchietti, Florencia Buezas, &#8220;Urgencias&#8221;, pinturas. Curador: H\u00e9ctor M\u00e9dici. Pasaje 17, Pasaje de la Piedad N\u00ba 17\/Bm\u00e9. Mitre 1575 timbre 17. Lun-Vie 11-14 y 15-19 hs. 05.12.-30.01.<\/li>\n<li>Diego Bianchi, &#8220;Las formas que no son&#8221;. Alberto Sendr\u00f3s, Pasaje Tres Sargentos 359. 11.12.-30.01.<\/li>\n<li>&#8220;Par\u00eds-Tigre en Colectivo&#8221;, obras de los artistas argentinos residentes en Par\u00eds Julio Le Parc, Antonio Segu\u00ed, Mario Gurfein, Haby Bonomo, Fernando Mazza, Roberto Plate, entre otros. <a href=\"http:\/\/www.mat.gov.ar\/\">Museo de Arte Tigre (MAT)<\/a>, Paseo Victorica 972, Tigre. Mie-Vie 12-19, Sab y Dom 9-19 hs. 13.12.-03.03.<\/li>\n<li>&#8220;La Munich contempor\u00e1nea.02_balneario&#8221;. Coordinaci\u00f3n: Horacio Torres. Programaci\u00f3n: Alejandro Somaschini. Artistas: Marcos L\u00f3pez, Juli\u00e1n D\u00b4angiolillo, Paula Senderowicz, Daniel Basso, Marino Balbuena, Javier Barilaro, Guido Ignatti, Mariano Llin\u00e1s, Gustavo Giannuzzi, Zorros Petardos Salvajes. Centro de Museos de Buenos Aires, ex-Cervecer\u00eda Munich, Av. de los Italianos 851, Costanera Sur. Lun-Vie 14-18, Sab, Dom y feriados 10-19 hs. Visitas guiadas: cada hora. Entrada: $1 Sab y Dom; Lun-Vie gratis. 13.12.-22.02.<\/li>\n<li>&#8220;\u00bfEs posible no amar a Espinosa?&#8221; Exposici\u00f3n de artistas representativos del arte contempor\u00e1neo de Uruguay curada por la directora del Museo Nacional de Artes Visuales de Montevideo y artista Jacqueline Lacasa. \/ &#8220;Ramificado&#8221;. Intervenci\u00f3n de la artista rosarina Adriana La Sala que ofreci\u00f3 al edificio una ampelopsis que crece sobre uno de los silos. MACRO, Bv. Oro\u00f1o y el r\u00edo Paran\u00e1, Rosario. Jue-Mar 14-20 hs. Visitas diarias 15 y 18 hs. Desde 01.01.<\/li>\n<li>Milo Lockett, pinturas. <a href=\"http:\/\/www.danielmaman.com\/\">Daniel Maman Fine Art<\/a>, Calle 29 (Las Gaviotas) y 18, Loc. 2, Punta del Este, Uruguay. Inauguraci\u00f3n: 03.01., 20 hs.<\/li>\n<li>&#8220;Cara o Ceca &#8211; Miradas sobre el dinero en el arte&#8221;, obras de Esteban \u00c1lvarez, Mart\u00edn Bonadeo, Yoan Capote, M\u00e1ximo Gonz\u00e1lez, Antoni Muntadas, Rub\u00e9n Santiago, Cristian Segura. Muestra online en <a href=\"http:\/\/www.redgaleria.com\/\">RedGaler\u00eda<\/a>. 03.01.-28.02.<\/li>\n<\/ul>\n","protected":false},"excerpt":{"rendered":"<p>Klicken Sie hier, um die deutsche Version zu lesen. Agenda de Muestras 03\/01\/09-10\/01\/09 En la galer\u00eda Daniel Maman Fine Art, sucursal Punta del Este, Uruguay, se inaugurar\u00e1 hoy una muestra de pinturas del exitoso artista argentino Milo Lockett. Centros de exposiciones MALBA (Museo de Arte Latinoamericano de Buenos Aires), Av. Figueroa Alcorta 3415 (Jue-Lun y [&hellip;]<\/p>\n","protected":false},"author":1,"featured_media":0,"comment_status":"open","ping_status":"open","sticky":false,"template":"","format":"standard","meta":{"footnotes":""},"categories":[3],"tags":[],"class_list":["post-1684","post","type-post","status-publish","format-standard","hentry","category-kalender-agenda"],"_links":{"self":[{"href":"https:\/\/kunstinargentinien.com\/index.php\/wp-json\/wp\/v2\/posts\/1684","targetHints":{"allow":["GET"]}}],"collection":[{"href":"https:\/\/kunstinargentinien.com\/index.php\/wp-json\/wp\/v2\/posts"}],"about":[{"href":"https:\/\/kunstinargentinien.com\/index.php\/wp-json\/wp\/v2\/types\/post"}],"author":[{"embeddable":true,"href":"https:\/\/kunstinargentinien.com\/index.php\/wp-json\/wp\/v2\/users\/1"}],"replies":[{"embeddable":true,"href":"https:\/\/kunstinargentinien.com\/index.php\/wp-json\/wp\/v2\/comments?post=1684"}],"version-history":[{"count":0,"href":"https:\/\/kunstinargentinien.com\/index.php\/wp-json\/wp\/v2\/posts\/1684\/revisions"}],"wp:attachment":[{"href":"https:\/\/kunstinargentinien.com\/index.php\/wp-json\/wp\/v2\/media?parent=1684"}],"wp:term":[{"taxonomy":"category","embeddable":true,"href":"https:\/\/kunstinargentinien.com\/index.php\/wp-json\/wp\/v2\/categories?post=1684"},{"taxonomy":"post_tag","embeddable":true,"href":"https:\/\/kunstinargentinien.com\/index.php\/wp-json\/wp\/v2\/tags?post=1684"}],"curies":[{"name":"wp","href":"https:\/\/api.w.org\/{rel}","templated":true}]}}