{"id":16989,"date":"2013-09-24T12:54:46","date_gmt":"2013-09-24T15:54:46","guid":{"rendered":"http:\/\/kunstinargentinien.com\/?p=16989"},"modified":"2013-09-28T12:55:43","modified_gmt":"2013-09-28T15:55:43","slug":"kook-aus-berlin-auf-dem-filba","status":"publish","type":"post","link":"https:\/\/kunstinargentinien.com\/index.php\/2013\/09\/24\/kook-aus-berlin-auf-dem-filba\/","title":{"rendered":"KOOK aus Berlin auf dem FILBA"},"content":{"rendered":"<p><strong>Lesungen, Gespr\u00e4che und Performances von deutschen und argentinischen K\u00fcnstlern<\/strong><\/p>\n<p><a href=\"http:\/\/kunstinargentinien.com\/wp-content\/uploads\/2013\/09\/kook.jpg\"><img loading=\"lazy\" decoding=\"async\" src=\"http:\/\/kunstinargentinien.com\/wp-content\/uploads\/2013\/09\/kook.jpg\" alt=\"\" title=\"kook\" width=\"400\" height=\"264\" class=\"aligncenter size-full wp-image-17043\" srcset=\"https:\/\/kunstinargentinien.com\/wp-content\/uploads\/2013\/09\/kook.jpg 400w, https:\/\/kunstinargentinien.com\/wp-content\/uploads\/2013\/09\/kook-300x198.jpg 300w\" sizes=\"auto, (max-width: 400px) 100vw, 400px\" \/><\/a><br \/>\nDas Goethe-Institut Buenos Aires und das <a href=\"http:\/\/filba.org.ar\/\">Internationale Literaturfestival FILBA<\/a>, das vom 25. September bis zum 2. Oktober in Buenos Aires stattfindet, pr\u00e4sentieren zum ersten Mal in S\u00fcdamerika eins der aktivsten K\u00fcnstlernetzwerke aus Berlin: KOOK. Gemeinsam nach Buenos Aires kommen Daniela Seel (Lyrikerin, KOOK-Mitglied und Gr\u00fcnderin des Verlags kookbooks), Alexander Gumz (Lyriker, Redakteur und Veranstalter bei KOOK) und Susie Asado (Songwriterin und S\u00e4ngerin beim Texttonlabel KOOK). Sie werden an Lesungen, Gespr\u00e4chen und Performances mit lokalen G\u00e4sten teilnehmen, darunter Emilio Garc\u00eda Wehbi, Leticia Mazur, Pablo Dacal, Laura Wittner, Fabi\u00e1n Casas, Gustavo L\u00f3pez (Ediciones Vox), Fernando De Leonardis, Juana Sinm\u00e1s, Osvaldo Vigna und Naty Menstrual.<\/p>\n<p>&#8220;Das amortisiert sich nicht&#8221; war das Motto des zehnj\u00e4hrigen Jubil\u00e4ums des unabh\u00e4ngigen Verlags <a href=\"http:\/\/www.kookbooks.de\/\">kookbooks<\/a>, das im Mai im Berliner Theaterdiscounter gefeiert wurde. Das Zitat stammt aus einem Gedicht von Tristan Marquardt, einem der j\u00fcngsten Autoren des Verlagskatalogs. Der Theaterdiscounter ist eine Spiel- und Produktionsst\u00e4tte f\u00fcr zeitgen\u00f6ssisches Theater im Zentrum Berlins, unweit vom Alexanderplatz. Es wird von einer Gruppe frei arbeitender Theaterschaffender betrieben, die in ihrer Arbeit einen offensiven Umgang mit den realen, mitunter prek\u00e4ren Produktionsbedingungen der freien Szene pflegen.<\/p>\n<p>Das <a href=\"http:\/\/www.kook-label.de\/\">Texttonlabel KOOK<\/a> startete 1998 als &#8220;K\u00fcnstler f\u00fcr K\u00fcnstler&#8221;-Label von drei Berliner Musikbands. Heute ist es ein Netzwerk, das auf Ver\u00f6ffentlichungen und Veranstaltungen von und mit rund 400 K\u00fcnstlern aus den Bereichen Musik, Literatur, bildende Kunst, Film und Performance setzen kann. Hervorgehend aus dem Labelnetzwerk gr\u00fcndete Daniela Seel 2003 den Verlag kookbooks. F\u00fcr die taz war es damals die &#8220;spektakul\u00e4rste&#8221;, f\u00fcr das B\u00f6rsenblatt des deutschen Buchhandels die &#8220;erfrischendste&#8221; Verlagsgr\u00fcndung der letzten Jahre.<\/p>\n<p>Das Goethe-Institut und das FILBA (Festival Internacional de Literatura en Buenos Aires) haben einige der Vertreter dieses K\u00fcnstlernetzwerks zu einer Art Labor mit argentinischen K\u00fcnstlern und K\u00fcnstlerinnen eingeladen. Was soll dabei passieren? Die K\u00fcnstler setzen sich zuerst \u00fcber das Hindernis der Sprachen hinweg und experimentieren (erst aus der Entfernung, dann vor Ort) mit neuen Formen der Text-Ton-Pr\u00e4sentation, die \u00fcber die konventionellen Lesungen hinausgehen. Auf diese Weise bearbeitet Alexander Gumz seine Texte in einer Tanz-und Wort-Performance, die von der Choreographin Leticia Mazur geleitet wird, in \u00dcbersetzung von Pablo Gianera.<\/p>\n<p>Emilio Garc\u00eda Wehbi erstellt f\u00fcr Daniela Seel eine audiovisuelle Performance und verwendet dabei Gedichte, die Martina Fern\u00e1ndez Polcuch und Carla Imbrogno \u00fcbersetzt haben. Und w\u00e4hrend Cecilia Pav\u00f3n Texte aus dem Blog von Josepha Conrad \u00fcbersetzt, wagt die Songschreiberin Susie Asado ein lyrisch-musikalisches Sprachspiel zusammen mit dem argentinischen Musiker Pablo Dacal.<\/p>\n<p>Das Ergebnis dieses Labors wird im Rahmen des FILBA pr\u00e4sentiert. Au\u00dferdem werden die G\u00e4ste aus Deutschland gemeinsam mit argentinischen K\u00fcnstlern an einem Gespr\u00e4ch \u00fcber Lyrik-Edition und an einem literarischen Kabarett teilnehmen.<\/p>\n<p>Im Anschluss daran werden Daniela Seel und Alexander Gumz Anfang Oktober nach Santiago de Chile reisen, wo die 5. Ausgabe des FILBA ebenfalls einen Sitz hat. Susie Asado und Pablo Dacal werden zudem ihre Arbeit ein zweites Mal im Rahmen des Internationalen Poesiefestivals in der Stadt Rosario vorstellen.<\/p>\n<p><strong>Veranstaltungsprogramm in Buenos Aires:<\/strong><\/p>\n<ul>\n<li>27.9., 20.30 Uhr. &#8220;Asado Dacal&#8221;: Susie Asado &#038; Pablo Dacal. Malba, Av. Figueroa Alcorta 3415. (+ 28.9. auf dem Internationalen Poesiefestival in Rosario)<\/li>\n<li>27.9., ab 21.30 Uhr, &#8220;Literarisches Kabarett&#8221; mit Laura Wittner, Fabi\u00e1n Casas, Fernando De Leonardis, Juana Sinm\u00e1s, Osvaldo Vigna (mit Gitarrenbegleitung von Diego Moller und Cristian Remec), Naty Menstrual, Roxana Miranda, Daniela Seel, Alexander Gumz und Susie Asado. \u00dcbersetzung: Pablo Gianera, Cecilia Pav\u00f3n, Martina Fern\u00e1ndez Polcuch, Carla Imbrogno. Eterna Cadencia, Honduras 5574.<\/li>\n<li>28.9., 18 Uhr; &#8220;Das amortisiert sich nicht&#8221;: Kunst braucht M\u00e4zene. Gespr\u00e4ch mit Daniela Seel, Alexander Gumz, Carlos Mux (LUX), Marina Gersberg (P\u00e1nico El P\u00e1nico) und Gustavo L\u00f3pez (Ediciones Vox, Bah\u00eda Blanca). Moderation: Gabriela Massuh. Malba (s.o.).<\/li>\n<li>29.9., 18 Uhr: &#8220;Bit\u00e1cora del FILBA&#8221;: Mit Harkaitz Cano, Emiliano Monge, Susie Asado, In\u00e9s Garland, Esther Cross und Federico Falco. Pr\u00e4sentation: Amalia Sanz. Malba (s.o.).<\/li>\n<li>29.9., 20 Uhr: &#8220;Die Wahrscheinlichkeit, dass weisse Tiere durch den Boden brechen&#8221;: Mit Alexander Gumz und Leticia Mazur. \u00dcbersetzung: Pablo Gianera. Licht: Mat\u00edas Send\u00f3n, Assistenz: Georgina Forconesi, Regie: Leticia Mazur. Malba (s.o.).<\/li>\n<li>29.9., 21.30 Uhr: &#8220;Aurora&#8221;: \u00dcber ein Gedicht von Daniela Seel. K\u00fcnstlerteam: Maricel Alvarez, Carolina Cervetto, Daniela Cervetto, Valeria Dalmon, Emilio Garc\u00eda Wehbi, Nora Lezano, Horacio Marassi, Julieta Potenze, Daniela Seel, Amalia Tercel\u00e1n. \u00dcbersetzung: Carla Imbrogno und Martina Fern\u00e1ndez Polcuch. K\u00fcnstlerischer Leiter: Emilio Garc\u00eda Wehbi. Malba (s.o.).<\/li>\n<\/ul>\n<p>Mehr Infos <a href=\"http:\/\/www.goethe.de\/kue\/lit\/mvi\/en5820096.htm\"><em>hier<\/em><\/a>.<\/p>\n","protected":false},"excerpt":{"rendered":"<p>Lesungen, Gespr\u00e4che und Performances von deutschen und argentinischen K\u00fcnstlern Das Goethe-Institut Buenos Aires und das Internationale Literaturfestival FILBA, das vom 25. September bis zum 2. Oktober in Buenos Aires stattfindet, pr\u00e4sentieren zum ersten Mal in S\u00fcdamerika eins der aktivsten K\u00fcnstlernetzwerke aus Berlin: KOOK. Gemeinsam nach Buenos Aires kommen Daniela Seel (Lyrikerin, KOOK-Mitglied und Gr\u00fcnderin des [&hellip;]<\/p>\n","protected":false},"author":1,"featured_media":0,"comment_status":"open","ping_status":"open","sticky":false,"template":"","format":"standard","meta":{"footnotes":""},"categories":[20,4],"tags":[],"class_list":["post-16989","post","type-post","status-publish","format-standard","hentry","category-literatur-literatura","category-tipp-der-woche-recomendacion-de-la-semana"],"_links":{"self":[{"href":"https:\/\/kunstinargentinien.com\/index.php\/wp-json\/wp\/v2\/posts\/16989","targetHints":{"allow":["GET"]}}],"collection":[{"href":"https:\/\/kunstinargentinien.com\/index.php\/wp-json\/wp\/v2\/posts"}],"about":[{"href":"https:\/\/kunstinargentinien.com\/index.php\/wp-json\/wp\/v2\/types\/post"}],"author":[{"embeddable":true,"href":"https:\/\/kunstinargentinien.com\/index.php\/wp-json\/wp\/v2\/users\/1"}],"replies":[{"embeddable":true,"href":"https:\/\/kunstinargentinien.com\/index.php\/wp-json\/wp\/v2\/comments?post=16989"}],"version-history":[{"count":5,"href":"https:\/\/kunstinargentinien.com\/index.php\/wp-json\/wp\/v2\/posts\/16989\/revisions"}],"predecessor-version":[{"id":17045,"href":"https:\/\/kunstinargentinien.com\/index.php\/wp-json\/wp\/v2\/posts\/16989\/revisions\/17045"}],"wp:attachment":[{"href":"https:\/\/kunstinargentinien.com\/index.php\/wp-json\/wp\/v2\/media?parent=16989"}],"wp:term":[{"taxonomy":"category","embeddable":true,"href":"https:\/\/kunstinargentinien.com\/index.php\/wp-json\/wp\/v2\/categories?post=16989"},{"taxonomy":"post_tag","embeddable":true,"href":"https:\/\/kunstinargentinien.com\/index.php\/wp-json\/wp\/v2\/tags?post=16989"}],"curies":[{"name":"wp","href":"https:\/\/api.w.org\/{rel}","templated":true}]}}