{"id":170,"date":"2005-08-27T00:05:20","date_gmt":"2005-08-27T03:05:20","guid":{"rendered":"http:\/\/kunstinargentinien.com\/index.php\/2005\/08\/27\/kalender-agenda\/"},"modified":"2005-08-31T08:09:49","modified_gmt":"2005-08-31T11:09:49","slug":"kalender-agenda","status":"publish","type":"post","link":"https:\/\/kunstinargentinien.com\/index.php\/2005\/08\/27\/kalender-agenda\/","title":{"rendered":"Kalender \/ Agenda"},"content":{"rendered":"<p><a href=\"http:\/\/kunstinargentinien.com\/index.php\/2005\/08\/27\/agenda-kalender\/\">Click aqu\u00ed para leer la versi\u00f3n en castellano.<\/a><\/p>\n<p><strong>Ausstellungs-Kalender 27.08.05-03.09.05<\/strong><\/p>\n<p><em>Ausstellungszentren<\/em><\/p>\n<ul>\n<li>Centro Cultural Borges, Viamonte\/San Mart\u00edn (Mo-Sa 10-21, So 12-21 Uhr, Eintritt 3 Pesos, Studenten und Rentner 1,50 Pesos; Warhol: Eintritt 9 Pesos, Studenten und Rentner 5 Pesos, Kinder unter 12 Jahren 3 Pesos): Andy Warhol, graphisches Werk, Dokumente.  7.6.-2.10. \/ Adriana Fiterman, \u201eCorte\u201c, Gem\u00e4lde. 4.8.-28.9. \/ Gabriel L\u00f3pez Santiso, \u201eEncadenamiento del color\u201c, Gem\u00e4lde. 4.8.-28.8.<\/li>\n<p><!--more--><\/p>\n<li>Centro Cultural Recoleta, Jun\u00edn 1930 (Di-Fr 14-21, Sa, So und feiertags 10-21 Uhr, Eintritt 1 Peso): Rogelio Polesello, Retrospektive (Cronopios-Saal). 12.7.-28.8. \/ Gabriel Gr\u00fcn\/Lorena Guzman, \u201eMitolog\u00eda\u201c (Saal 10). 9.8.-11.9. \/ \u201e(ausencias-libros-complicidades)\u201c, Werke von Marga Steinwasser, Graciela Schifrin Lorenzano und Claudia Contreras anl\u00e4sslich des 11. Jahrestags des Bombenanschlags auf die AMIA (S\u00e4le 1 und 2). 11.8.-11.9. \/ Jorge Carbajal\/Dina Spivak, \u201eSERIE-DAD\u201c (Saal 12). 12.8.-4.9. \/ Roberto Graziano, \u201eA las cinco de la tarde&#8230;\u201c (Saal 4). 12.8.-11.9. \/ Antonio De Resurreci\u00f3n, \u201eLos Juegos\/ Bajo el Agua\u201c (Saal 8). 12.8.-4.9. \/ Rosemarie Allers, \u201ePicnic en el precipicio\u201c, Gem\u00e4lde (Saal 6). 12.8.-4.9. \/ Soledad Stagnaro, \u201eDibugramas\u201c (Espacio Historieta). Seit 18.8. \/ H\u00e9ctor Medici, \u201eop.cit.\u201c (Saal \u201eC\u201c). 23.8.-25.9.\u00ad<\/li>\n<li>Centro Cultural de Espa\u00f1a en Buenos Aires CCEBA, Florida 943 (Mo-Fr 10.30-20 Uhr): \u201eObjetos de deseo, objetos de seducci\u00f3n. Sechs zeitgen\u00f6ssische spanische Fotografen\u201c, Werke von Xoan Anleo, Ciuco Guti\u00e9rrez, Rafael Lia\u00f1o, Chema Madoz, Rosa Mu\u00f1oz, Jos\u00e9 Luis Santalla (Hauptsaal) \/ Marcela Astorga, \u201eSin t\u00edtulo\u201c, Installation (M1) \/ Delia Cancela, \u201eFavoritos\u201c, Installation (M2) \/ Liniers, \u201eSe\u00f1oras y se\u00f1ores en apuros por ac\u00e1\u201c, Intervention (M3) \/ Enrique Deschutter, \u201eCeremonia\u201c, Klang-Installation (M3) \/ Cristian Segura, \u201ePizarras\u201c, Intervention (M4). 27.7.-2.9.<\/li>\n<li>MALBA, Av. Figueroa Alcorta 3415 (Do-Mo 12-20, Mi 12-21 Uhr, dienstags geschlossen, Eintritt 7 Pesos, Dozenten und Senioren \u00fcber 65 Jahre 3,50 Pesos, Rentner und Kinder unter 12 Jahre gratis, mittwochs Eintritt frei): \u201eAdquisiciones, donaciones y comodatos\u201c (30 neu erworbene Werke der Sammlung Costantini, u.a. von Dino Bruzzone, Elba Bairon, Flavia da Rin, Pablo Siquier und Horacio Coppola). 20.7.-12.9.<\/li>\n<li>Museo Nacional de Bellas Artes, Av. del Libertador 1473 (Di-So 13.30-19.30, Sa 9.30-19.30 Uhr): Mar\u00eda Simon, Skulpturen, Graphiken, Textilkunst \/ Alberto Delmonte, Werke 1985-2005 (Pabell\u00f3n). 27.7.-4.9. \/ Lucio Boschi, \u201eUna Argentina\u201c, Fotos. Seit 3.8.<\/li>\n<li>Fundaci\u00f3n Federico Jorge Klemm\/Academia Nacional de Bellas Artes, Marcelo T. de Alvear 626 (Mo-Fr 11-20 Uhr): Ricardo Blanco, \u201eEsto no es una silla\u201c. Seit 3.8. \/ \u201eAfiches Lirolay\u201c 1960-1981. Seit 9.8.\u00ad<\/li>\n<li>San Mart\u00edn-Theater, Av. Corrientes 1530 (t\u00e4glich 11 Uhr bis Ende der letzten Theatervorstellung): Diego Levy, \u201eSangre\u201c, Foto-Essay (FotoGaler\u00eda).  2.8.-4.9. \/ Regina Schmeken (Deutschland), \u201eFotograf\u00edas 1989-2000\u201c. Er\u00f6ffnung: 6.9., 19 Uhr. Bis 2.10. \/ \u201eLa m\u00e1scara\u201c, Werke von Carlos Furman, El\u00edas Mekler, Alejandra L\u00f3pez, Juan Travnik, Emilio Garc\u00eda Wehbi. Er\u00f6ffnung: 6.9., 19 Uhr. Bis 16.10.\u00ad<\/li>\n<\/ul>\n<p><em>Sonstige Ausstellungen<\/em><\/p>\n<ul>\n<li>Sylvestre Gobart, Osvaldo Grimoldi, Michel Marcu, Laura Messing, Foto-Ausstellungen. Arte x Arte, Lavalleja 1062 (H\u00f6he C\u00f3rdoba 4200). Mo-Sa 13-19 Uhr. 5.7.-30.8.<\/li>\n<li>\u201ePierre Verger. Retrato de Sudam\u00e9r\u00edca. Fotograf\u00edas 1939-1959\u201c. Museo Isaac Fern\u00e1ndez Blanco, Suipacha 1422. Di-So 14-19 Uhr. Eintritt 3 Pesos, \u201eresidentes\u201c 1 Peso. 6.7.-4.9.<\/li>\n<li>\u201eArte del Siglo XX\u201c: Sammlung des Museums Rufino Tamayo, Mexiko. Fundaci\u00f3n Proa, Av. Pedro de Mendoza 1929, La Boca. Di-So 12-19 Uhr. Eintritt 3 Pesos, Studenten 2 Pesos, Rentner 1 Peso. 7.7.-18.9.<\/li>\n<li>\u201e\u00a1Manda Fruta!\u201c, Fotos von Alejandro Boggan und Edgardo Delfino. Kurator: Julio S\u00e1nchez. Tono Rojo, Schiaffino 2138. Mo-So 11-24 Uhr. 13.7.-3.9.\u00ad<\/li>\n<li>\u201eV\u00eda Sat\u00e9lite\u201c, zeitgen\u00f6ssische Kunst aus Peru, Fotos, Videos und Web-Kunst. Espacio Fundaci\u00f3n Telef\u00f3nica, Arenales 1540. Mo-Fr 14-20.30 Uhr. 15.7.-4.9.<\/li>\n<li>Rep, \u201eHomenaje a 2 amigos: Cervantes y Berni\u201c. Centro Cultural San Mart\u00edn, Sarmiento 1551. Mo-So 15-21 Uhr. 19.7.-5.9.\u00ad<\/li>\n<li>Eduardo Audivert, Gem\u00e4lde. Colecci\u00f3n Alvear de Zurbar\u00e1n, Av. Alvear 1658. Mo-Sa 11-21, So 11-20 Uhr. 25.7.-28.8.<\/li>\n<p>\u00ad<\/p>\n<li>Carlos Carmona, Zeichnungen \/ Carlos Sarda, Gem\u00e4lde. Isabel Anchorena, Arenales 1239, Rue des Artisans, 4 \u201eH\u201c. Mo-Fr 11-19.30. Sa 11-13 Uhr. 28.7.-12.9.\u00ad<\/li>\n<p>\u00ad<\/p>\n<li>Ernesto Bertani, \u201eRosa-Rosa\u201c, Gem\u00e4lde. Zurbar\u00e1n, Cerrito 1522. Mo-Fr 11-21, Sa 10-13 Uhr. K\u00fcnstlerf\u00fchrungen: Fr 18-20 Uhr. 2.8.-10.9.\u00ad<\/li>\n<p>\u00ad<\/p>\n<li>Marian Cvik Weber, \u201eSue\u00f1o con perros negros\u201c, Textilkunst. Elsi del R\u00edo, Ar\u00e9valo 1748, Palermo Hollywood. Di-Fr 15-20, Sa 11-14 Uhr. 2.8.-3.9.\u00ad<\/li>\n<p>\u00ad<\/p>\n<li>\u201eDesde la Ventana\u201c (Werke von Fabi\u00e1n Attila, Silvana Blasbalg, Cho Yong Hwa, Liliana Golubinsky, Graciela Ieger u.v.a.). Schweizerisch-Argentinische Handelskammer, Leandro N. Alem 1974, 10. Stock. Mo und Fr 9-17 Uhr. Tel.: 4311-7187. 2.8.-30.9.<\/li>\n<p>\u00ad<\/p>\n<li>\u201eColectivo y Singular &#8211; Obras con Historia\u201c. Daniel Maman Fine Art, Av. del Libertador 2475. Mo-Fr 11-20, Sa 11-15 Uhr. 2.8.-30.8.\u00ad<\/li>\n<p>\u00ad<\/p>\n<li>Diego Perrotta, \u201eSerie Acu\u00e1tica\u201c, Aquarelle und Keramiken. Fundaci\u00f3n Alberto El\u00eda\/Mario Robirosa, Azcu\u00e9naga 1739. Mo-Fr 11-20.30 Uhr. 3.8.-2.9.\u00ad<\/li>\n<li>Miguel Rothschild, \u201eCelestial\u201c (Hauptsaal), M\u00e1ximo Gonzalez, \u201ePISAR\u201c (NuevoEspacio). Ruth Benzacar, Florida 1000. Mo-Fr 11.30-20, Sa 10.30-13.30 Uhr. 3.8.-3.9.\u00ad<\/li>\n<p>\u00ad<\/p>\n<li>Antonio Berni, graphisches Werk 1951-1977. Kuratorin: Laura Buccellato. MUNTREF, Universidad Tres de Febrero, Valent\u00edn G\u00f3mez 4838, Caseros, Prov. Bs.As. Mo-Sa 11-20 Uhr. 3.8.-27.8.<\/li>\n<p>\u00ad\u00ad<\/p>\n<li>Lola Goldstein, Malerei auf Papier \/ Mariela Scafati, Malerei auf Keramik. La Bibliotheque, Uruguay 1223, PB \u201e7\u201c. Mo-Fr 15-20 Uhr. Organisiert von \u201eBelleza &#038; Felicidad\u201c. 3.8.-31.8.<\/li>\n<p>\u00ad\u00ad<\/p>\n<li>Raquel Gociol, Anal\u00eda Gomez, Vanina Paredes, Marcela Villagr\u00e1n, Fotos. Asociaci\u00f3n Cultural Pestalozzi, Freire 1882, Belgrano R. Mo-Fr 14-19 Uhr. 3.8.-31.8.<\/li>\n<p>\u00ad\u00ad<\/p>\n<li>Patricia Schenfeld, \u201eFiguras y Silencios\u201c, Fotos. Kurator: Juan Travnik. British Arts Centre, Suipacha 1333. 3.8.-31.8.\u00ad<\/li>\n<p>\u00ad<\/p>\n<li>\u201eFotograf\u00eda contempor\u00e1nea\u201c (Werke von Fotografen, die im \u201eTorre de los Ingleses\u201c ausgestellt haben: Arturo Aguiar, Maria Antolini, Fabi\u00e1n Cabral, Marcelo de la Fuente, Fernando Goin, Diego Gr\u00fcnstein, Maximo MacDonnell, Pablo Mehanna, Gabriela Mittulo, Aldo Paparella, Diana Saimovici, Daniel Trama. Kurator: Horacio Torres). La Casona de los Olivera, Parque Avellaneda, Av. Directorio\/Lacarra. Mi-Fr 15-19, Sa und So 11-19 Uhr. Seit 6.8.\u00ad<\/li>\n<p>\u00ad<\/p>\n<li>Mariana Zubiaurre, \u201eMet\u00e1foras abstractas\u201c, Gem\u00e4lde (Saal I) \/ Juan Carlos Silva, Fotos (Saal II) \/ \u201eProyecto Cubo\u201c, Werke von B\u00e1rbara Steimberg, Paula Otegui, Sebasti\u00e1n Pastorino, Claudia Fern\u00e1ndez (Saal III). Kurator: N\u00e9stor Zonana. Bis Juni 2006. Pabell\u00f3n 4, Uriarte 1332. Mo-Sa 16-20 Uhr. 9.8.-27.8.\u00ad<\/li>\n<p>\u00ad\u00ad<\/p>\n<li>Alfonso Castillo, Mar\u00eda Cristina Fresca, Ada Porcel, Fotos. EspacioArteAeroparque, Stadtflughafen Jorge Newbery, Sektor A, Erdgeschoss. Seit 9.8.<\/li>\n<p>\u00ad<\/p>\n<li>\u201eTras las huellas del Ingenioso Hidalgo\u201c, argentinische K\u00fcnstler als Illustratoren des \u201eDon Quijote\u201c. Pabell\u00f3n de las Bellas Artes, UCA, Alicia Moreau de Justo 1300, Puerto Madero. Di-So 11-20 Uhr, montags geschlossen. Seit 10.8.\u00ad<\/li>\n<p>\u00ad<\/p>\n<li>Celina Gonz\u00e1lez Sueyro, Installationen \/ Paola Vega, Gem\u00e4lde. Belleza y Felicidad, Acu\u00f1a de Figueroa 900\/Guardia Vieja. Mo-Fr 11-20.30, Sa 11-14 Uhr. 13.8.-20.9.\u00ad<\/li>\n<p>\u00ad<\/p>\n<li>Osvaldo Decastelli, \u201eJuegos de artista\u201c. Galer\u00eda Decastelli, Chile 354, San Telmo. T\u00e4glich 10.30-18.30 Uhr. 15.8.-18.9.\u00ad<\/li>\n<p>\u00ad<\/p>\n<li>Carlos Alonso, \u201ePinturas 1976-1996\u201c. Casa de la Cultura del Fondo Nacional de las Artes, Rufino de Elizalde 2831. Di-So 15-19 Uhr. 16.8.-23.9.<\/li>\n<p>\u00ad<\/p>\n<li>Francone-Di Paola-Lozano-Soibelman. Del Infinito, Quintana 325, PB. Mo-Fr 11-20 Uhr. Seit 17.8.<\/li>\n<p>\u00ad\u00ad<\/p>\n<li>Ary Brizzi, Gem\u00e4lde und Skulpturen. Castagnino\/Rold\u00e1n Espacio de Arte, Juncal 743. Mo-Fr 10-20, Sa 10-13 Uhr. 18.8.-10.9.\u00ad<\/li>\n<li>\u201eR\u00e1pido y furioso I\u201c, Werke von Gabriela Forcadell, Alberto Goldenstein, Luciana Lamothe. Kurator: Leopoldo Estol. Alberto Sendr\u00f3s, Pasaje Tres Sargentos 359. 18.8.-30.8.\u00ad<\/li>\n<li>H\u00e9ctor Anguita, Gem\u00e4lde. Museo Metropolitano, Castex 3217. Mo-Fr 14-19.30, Sa 12-18.30 Uhr. 22.8.-5.9.\u00ad<\/li>\n<li>Bec\u00fa, Vecino, Bonzo, Gem\u00e4lde. Sara Garc\u00eda Uriburu, Uruguay 1223. Mo-Fr 11-13 und 16-20, Sa 11-13 Uhr. 24.8.-24.9.\u00ad<\/li>\n<li>Germ\u00e1n Carvajal, \u201eConstrucciones\u201c. Principium, Esmeralda 1357. Mo-Fr 11-20, Sa 11-13 Uhr. 24.8.-24.9.\u00ad\u00ad<\/li>\n<li>Luis Heriberto Montoya Ortiz, Gem\u00e4lde. Galer\u00eda El Socorro, Suipacha 1331. Mo-Fr 10.30-20.30, Sa 10.30-13 Uhr. 24.8.-12.9.\u00ad\u00ad<\/li>\n<li>\u201e15 x 15\u201c, 15 Fotografen, vorgestellt von 15 Kritikern: Tom\u00e1s Lerner (Eva Grinstein), Hern\u00e1n Reyes (Mercedes Casanegra), Guadalupe Miles (Rodrigo Alonso), Anabel Vanoni (Graciela Taquini), Bruno Stecconi (Corinne Sacca Abadi), Jorge Mi\u00f1o (Julio S\u00e1nchez), Os\u00edas Yanov (Valeria Gonz\u00e1lez), Luna Pavia (Alicia Arteaga), Fernando Brizuela (Ana Mart\u00ednez Quijano), Alejandro Schmidt (Manuel Neves), Edgardo Delfino (Rosa Mar\u00eda Ravera), Axel Indik (Albino Dieguez Videla), Miguel Mitlag (Adriana Rosenberg), Arturo Aguiar (Ana Mar\u00eda Battistozzi), Gustavo Groh (Victoria Verlichak). Praxis, Arenales 1311. Mo-Fr 10.30-20, Sa 10.30-14 Uhr. 26.8.-28.9.\u00ad\u00ad<\/li>\n<li>Susana Saravia, Gem\u00e4lde \/ Jorge Sarsale, Gem\u00e4lde. El Borde, Uriarte 1356. Mo-Sa 14-20 Uhr. 26.8.-23.9.\u00ad<\/li>\n<p>\u00ad<\/p>\n<li>Workshop mit Gabriela Aberastury. La Recova de Posadas, Posadas 1069. 26.8.-4.9.\u00ad<\/li>\n<li>Adriana Moracci, \u201eEspacios y Musas\u201c, Fotos der \u201eEscuela de Bellas Artes &#8216;Ernesto de la C\u00e1rcova&#8217;\u201c. Museo de Arquitectura (MARQ), Av. del Libertador 999\/Callao. Mo-Fr 14-20, Sa-So 13-18 Uhr. Bis 31.8.\u00ad<\/li>\n<li>Claudia Contreras, \u201ecomplicidad cotidiana\u201c. Museo de la Memoria, Av. del Valle\/Callao, Rosario. So-Fr 9-18 Uhr. Bis 2.9.\u00ad<\/li>\n<li>Agust\u00edn Blanco, \u201ePatriotas\u201c. Torre Monumental (Ex-Torre de los Ingleses), Retiro. Di-So 12-19 Uhr. Bis 4.9. Performance 27.8., 17 Uhr. <\/li>\n<li>\u201e12 Sibilas de San Pedro Telmo\u201c, Gem\u00e4lde aus dem 18. Jh. Museo de Arte Decorativo, Av. del Libertador 1902. Di-So 14-19 Uhr. Bis 8.9.\u00ad<\/li>\n<li>Wandgem\u00e4lde \u201eHomenaje a Buenos Aires\u201c von Guillermo Roux. BankBoston, Della Paolera 265, Catalinas. F\u00fchrungen Mo, Mi, Fr 18 Uhr nach telefonischer Anmeldung: 4820-2362. Es gibt Platz f\u00fcr 20 Personen, die F\u00fchrung dauert 35 Min. Bis 31.8.\u00ad<\/li>\n<li>Mario Sanzano, Gem\u00e4lde. Colecci\u00f3n Alvear de Zurbar\u00e1n, Av. Alvear 1658. Mo-Sa 10.30-21, So 11-20 Uhr. Er\u00f6ffnung: 29.8., 19 Uhr. Bis 25.9.\u00ad<\/li>\n<li>\u201ePortu\u00f1ol\/Portunhol\u201c (Gemeinschaftsausstellung von 70 K\u00fcnstlern, u.a. Agust\u00edn Blanco, Mart\u00edn Bonadeo, Colecci\u00f3n Vereda Brasil, Silvina D\u2019Alessandro, Mart\u00edn Kovensky, Hilda Paz, Duda Teixeira, Daniel Trama, Florencia Walfisch. Kuratorinnen: Ivana Mart\u00ednez Vollaro und Karina Granieri). Fundaci\u00f3n Centro de Estudios Brasileiros FUNCEB, Esmeralda 956. Er\u00f6ffnung: 30.8., 19 Uhr. Bis 27.9.\u00ad<\/li>\n<li>Elizabeth Peluffo, Tuschzeichnungen. Atica, Libertad 1240, P.B. \u201e9\u201c. Mo-Fr 11-13 und 15-20, Sa 11-13.30 Uhr. Er\u00f6ffnung: 30.8., 19 Uhr. Bis 24.9.\u00ad\u00ad<\/li>\n<li>Ana Mar\u00eda Donato, \u201emar y r\u00edo\u201c, Gem\u00e4lde. Suipacha, Suipacha 1248. Mo-Fr 11-20, Sa 11-13 Uhr. Er\u00f6ffnung: 31.8., 19 Uhr. Bis 17.9.\u00ad<\/li>\n<p>\u00ad<\/p>\n<li>Juan Jos\u00e9 Cambre, Gem\u00e4lde. Wussmann, Venezuela 570, San Telmo. Er\u00f6ffnung: 31.8., 19 Uhr. Bis 29.10.<\/li>\n<li>Patricio Larrambebere\/Mart\u00edn P\u00e9rez Aguirre, \u201eEl franquero\u201c, Fotos. Kurator: Diego Perrotta. La Tribu, Lambar\u00e9 873. T\u00e4glich 12-22 Uhr. Er\u00f6ffnung: 1.9., 19 Uhr. Bis 23.9.\u00ad<\/li>\n<\/ul>\n","protected":false},"excerpt":{"rendered":"<p>Click aqu\u00ed para leer la versi\u00f3n en castellano. Ausstellungs-Kalender 27.08.05-03.09.05 Ausstellungszentren Centro Cultural Borges, Viamonte\/San Mart\u00edn (Mo-Sa 10-21, So 12-21 Uhr, Eintritt 3 Pesos, Studenten und Rentner 1,50 Pesos; Warhol: Eintritt 9 Pesos, Studenten und Rentner 5 Pesos, Kinder unter 12 Jahren 3 Pesos): Andy Warhol, graphisches Werk, Dokumente. 7.6.-2.10. \/ Adriana Fiterman, \u201eCorte\u201c, Gem\u00e4lde. [&hellip;]<\/p>\n","protected":false},"author":1,"featured_media":0,"comment_status":"open","ping_status":"open","sticky":false,"template":"","format":"standard","meta":{"footnotes":""},"categories":[3],"tags":[],"class_list":["post-170","post","type-post","status-publish","format-standard","hentry","category-kalender-agenda"],"_links":{"self":[{"href":"https:\/\/kunstinargentinien.com\/index.php\/wp-json\/wp\/v2\/posts\/170","targetHints":{"allow":["GET"]}}],"collection":[{"href":"https:\/\/kunstinargentinien.com\/index.php\/wp-json\/wp\/v2\/posts"}],"about":[{"href":"https:\/\/kunstinargentinien.com\/index.php\/wp-json\/wp\/v2\/types\/post"}],"author":[{"embeddable":true,"href":"https:\/\/kunstinargentinien.com\/index.php\/wp-json\/wp\/v2\/users\/1"}],"replies":[{"embeddable":true,"href":"https:\/\/kunstinargentinien.com\/index.php\/wp-json\/wp\/v2\/comments?post=170"}],"version-history":[{"count":0,"href":"https:\/\/kunstinargentinien.com\/index.php\/wp-json\/wp\/v2\/posts\/170\/revisions"}],"wp:attachment":[{"href":"https:\/\/kunstinargentinien.com\/index.php\/wp-json\/wp\/v2\/media?parent=170"}],"wp:term":[{"taxonomy":"category","embeddable":true,"href":"https:\/\/kunstinargentinien.com\/index.php\/wp-json\/wp\/v2\/categories?post=170"},{"taxonomy":"post_tag","embeddable":true,"href":"https:\/\/kunstinargentinien.com\/index.php\/wp-json\/wp\/v2\/tags?post=170"}],"curies":[{"name":"wp","href":"https:\/\/api.w.org\/{rel}","templated":true}]}}