{"id":17310,"date":"2013-10-18T13:37:55","date_gmt":"2013-10-18T16:37:55","guid":{"rendered":"http:\/\/kunstinargentinien.com\/?p=17310"},"modified":"2013-10-21T13:41:56","modified_gmt":"2013-10-21T16:41:56","slug":"9sar13-9-semana-del-arte-rosario","status":"publish","type":"post","link":"https:\/\/kunstinargentinien.com\/index.php\/2013\/10\/18\/9sar13-9-semana-del-arte-rosario\/","title":{"rendered":"9SAR\/13 &#8211; 9\u00aa Semana del Arte Rosario"},"content":{"rendered":"<p><strong>9\u00aa Semana del Arte Rosario<\/strong><\/p>\n<p><a href=\"http:\/\/kunstinargentinien.com\/wp-content\/uploads\/2013\/10\/9SAR.jpg\"><img loading=\"lazy\" decoding=\"async\" src=\"http:\/\/kunstinargentinien.com\/wp-content\/uploads\/2013\/10\/9SAR.jpg\" alt=\"\" title=\"9SAR\" width=\"226\" height=\"169\" class=\"alignright size-full wp-image-17313\" \/><\/a>Del 19 al 26 de octubre se desarrollar\u00e1 en diferentes espacios de la ciudad la novena edici\u00f3n de <a href=\"http:\/\/www.rosariocultura.gob.ar\/la-secretaria\/prensa\/noticias\/comienza-la-9o-semana-del-arte-rosario\">Semana del Arte Rosario (SAR)<\/a>. Esta iniciativa, que tiene como eje llevar el arte al espacio urbano, surge a partir de reflexionar sobre los modos de circulaci\u00f3n de la producci\u00f3n art\u00edstica e intentar pensar alternativas transformadoras.<\/p>\n<p>Este evento ha devenido punto de encuentro y relevamiento de todo el circuito cultural de la ciudad que, durante una semana, ofrece a la comunidad la posibilidad de encontrarse con una variada oferta de exposiciones y actividades.<\/p>\n<p>La 9SAR\/13 (Novena Semana del Arte Rosario 2013) es un proyecto curatorial del Departamento de Agenciamientos Art\u00edsticos perteneciente al CEC Rosario, organizado para la Secretar\u00eda de Cultura y Educaci\u00f3n de la Municipalidad de Rosario, con el apoyo de la Fundaci\u00f3n Nuevo Banco de Santa Fe.<\/p>\n<p>La 9SAR\/13 tendr\u00e1 el signo distintivo de los contenedores de arte y para ello se invit\u00f3 a curadores y artistas para que piensen, no en el espacio de la sala de arte o el museo, sino en el de esos containers que se utilizan para el transporte de mercader\u00edas. Los mismos ser\u00e1n ubicados en diferentes barrios de Rosario para que, durante esa semana en la que el espacio urbano se transforma en un contenedor de arte, contengan intervenciones de artistas pensadas para ese espacio, esas dimensiones y esa materialidad.<\/p>\n<p>Actividades:<!--more--><\/p>\n<ul>\n<li>S\u00e1bado 19, 19.30 hs: Inauguraci\u00f3n y presentaci\u00f3n de 9SAR\/13 | CEC (Paseo de las Artes y el r\u00edo)<\/li>\n<li>Martes 22, 14.30 hs: D\u00eda de trayectos | Salida desde los Centros de Distrito Este, Oeste, Noroeste y Sudoeste<\/li>\n<li>Mi\u00e9rcoles 23, 20 hs: La Fugaz 8 &#8211; Feria rel\u00e1mpago y subasta de arte | Darkhaus (Corrientes 267)<\/li>\n<li>Viernes 25, 18 hs: Noche de museos abiertos &#8211; Un recorrido por los museos de la ciudad que permanecer\u00e1n abiertos con sus actividades hasta las 24 hs.<\/li>\n<li>Viernes 25, 24 hs: Ambientes de Artistas + DJ`S + M\u00fasica en vivo + Fiesta 80 &#8211; 90 &#8211; 00 &#8211; 10 | CEC<\/li>\n<\/ul>\n","protected":false},"excerpt":{"rendered":"<p>9\u00aa Semana del Arte Rosario Del 19 al 26 de octubre se desarrollar\u00e1 en diferentes espacios de la ciudad la novena edici\u00f3n de Semana del Arte Rosario (SAR). Esta iniciativa, que tiene como eje llevar el arte al espacio urbano, surge a partir de reflexionar sobre los modos de circulaci\u00f3n de la producci\u00f3n art\u00edstica e [&hellip;]<\/p>\n","protected":false},"author":1,"featured_media":0,"comment_status":"open","ping_status":"open","sticky":false,"template":"","format":"standard","meta":{"footnotes":""},"categories":[4],"tags":[],"class_list":["post-17310","post","type-post","status-publish","format-standard","hentry","category-tipp-der-woche-recomendacion-de-la-semana"],"_links":{"self":[{"href":"https:\/\/kunstinargentinien.com\/index.php\/wp-json\/wp\/v2\/posts\/17310","targetHints":{"allow":["GET"]}}],"collection":[{"href":"https:\/\/kunstinargentinien.com\/index.php\/wp-json\/wp\/v2\/posts"}],"about":[{"href":"https:\/\/kunstinargentinien.com\/index.php\/wp-json\/wp\/v2\/types\/post"}],"author":[{"embeddable":true,"href":"https:\/\/kunstinargentinien.com\/index.php\/wp-json\/wp\/v2\/users\/1"}],"replies":[{"embeddable":true,"href":"https:\/\/kunstinargentinien.com\/index.php\/wp-json\/wp\/v2\/comments?post=17310"}],"version-history":[{"count":4,"href":"https:\/\/kunstinargentinien.com\/index.php\/wp-json\/wp\/v2\/posts\/17310\/revisions"}],"predecessor-version":[{"id":17315,"href":"https:\/\/kunstinargentinien.com\/index.php\/wp-json\/wp\/v2\/posts\/17310\/revisions\/17315"}],"wp:attachment":[{"href":"https:\/\/kunstinargentinien.com\/index.php\/wp-json\/wp\/v2\/media?parent=17310"}],"wp:term":[{"taxonomy":"category","embeddable":true,"href":"https:\/\/kunstinargentinien.com\/index.php\/wp-json\/wp\/v2\/categories?post=17310"},{"taxonomy":"post_tag","embeddable":true,"href":"https:\/\/kunstinargentinien.com\/index.php\/wp-json\/wp\/v2\/tags?post=17310"}],"curies":[{"name":"wp","href":"https:\/\/api.w.org\/{rel}","templated":true}]}}