{"id":1748,"date":"2009-04-18T08:17:27","date_gmt":"2009-04-18T11:17:27","guid":{"rendered":"http:\/\/kunstinargentinien.com\/index.php\/2009\/04\/18\/kalender-agenda-163\/"},"modified":"2009-05-16T21:09:22","modified_gmt":"2009-05-17T00:09:22","slug":"kalender-agenda-163","status":"publish","type":"post","link":"https:\/\/kunstinargentinien.com\/index.php\/2009\/04\/18\/kalender-agenda-163\/","title":{"rendered":"Kalender \/ Agenda"},"content":{"rendered":"<p><a href=\"http:\/\/kunstinargentinien.com\/index.php\/2009\/04\/18\/agenda-kalender-158\/\">Click aqu\u00ed para leer la versi\u00f3n en castellano.<\/a><\/p>\n<p><strong>Ausstellungs-Kalender 18.04.09-25.04.09<\/strong><\/p>\n<p><em><strong>Ausstellungszentren<\/strong><\/em><\/p>\n<ul>\n<li><a href=\"http:\/\/www.malba.org.ar\/web\/\">MALBA<\/a> (Museo de Arte Latinoamericano de Buenos Aires), Av. Figueroa Alcorta 3415 (Do-Mo und feiertags 12-20 Uhr, Di geschlossen, Mi bis 21 Uhr, Eintritt frei. An anderen Tagen: Eintritt 15 Pesos, Lehrer und \u00fcber 65-J\u00e4hrige 7,50 Pesos, Studenten, Kinder unter 12 Jahren und Behinderte gratis): Manuel \u00c1lvarez Bravo (Mexiko), Fotos. Aus der Sammlung der Kulturstiftung von Banamex. 12.3.-25.5. \/ \u201eObras 1900-1960. Colecci\u00f3n pict\u00f3rica del Banco Nacional de M\u00e9xico Banamex\u201c (Werke 1900-1960. Gem\u00e4ldesammlung der Mexikanischen Nationalbank Banamex). 12.3.-25.5. \/ \u201eIntervenci\u00f3n 6\u201c: Pablo Reinoso, \u201eEnredamaderas\u201c. Bis November.<\/li>\n<li><a href=\"http:\/\/centroculturalrecoleta.org\/ccr-sp\/\">Centro Cultural Recoleta<\/a>, Jun\u00edn 1930 (Mo-Fr 14-21, Sa, So und feiertags 10-21 Uhr): Dina Cusnir, Gem\u00e4lde und Collagen. Saal 7. 15.4.-10.5.\/ Lacroze Miguens Prati Arquitectos, \u201eLa arquitectura y el sitio\u201c. Saal C. 15.4.-10.5. \/ Guadalupe, \u201eTiempo\u201c. Saal 5. 17.4.-25.5. \/ Claudia Aranovich, \u201eZona de luz\u201c. Kuratorin: Patricia Rizzo. Saal 4. 17.4.-25.5. \/ \u201eRetratos &#8211; un film de Daniel B\u00f6hm\u201c. Saal 9. Er\u00f6ffnung: 21.4., 19.30 Uhr. Bis 25.5. \/ \u201eM\u00e1quina de Arte\u201c, Retrospektive 2001-2009. S\u00e4le 1 und 2. Er\u00f6ffnung: 23.4., 19 Uhr. Bis 25.5. \/ Zion Ozeri, \u201eDiversidad de una Naci\u00f3n\u201c, Saal 12. Er\u00f6ffnung: 23.4., 19 Uhr. Bis 10.5.<\/li>\n<p><!--more--><\/p>\n<li><a href=\"http:\/\/www.palaisdeglace.org\/\">Palais de Glace<\/a>, Posadas 1725 (Di-Fr 12-20, Sa und So 10-20 Uhr, Eintritt frei): 5. Internationale Textilkunst-Biennale. \/ \u201eArte Textil. Grandes Premios Sal\u00f3n Nacional 1978\u20132008\u201c. Seit 1.4.<\/li>\n<li>FotoGaler\u00eda des San Mart\u00edn-Theaters, Av. Corrientes 1530 (Mo-Fr ab 12 Uhr, Sa und So ab 14 Uhr, bis zum Ende der Vorstellungen im Theater; Eintritt frei): Marcelo Abud, \u201ePerico\u201c, Fotos. 7.4.-3.5.<\/li>\n<li>\u201eEspacioFotogr\u00e1fico\u201c des Teatro de la Ribera, Av. Pedro de Mendoza 1821, La Boca (Mo 10-17, Di-So ab 10 Uhr bis zum Ende der Vorstellungen im Theater): Pablo Cuarterolo, \u201eAmen\u201c, Foto-Essay. 4.4.-Ende Mai.<\/li>\n<\/ul>\n<p><em><strong>Sonstige Ausstellungen<\/strong><\/em><\/p>\n<ul>\n<li>Silke, \u201eLos Arcanos en Seda\u201c, Textilkunst. Museo Nacional de Arte Decorativo, Av. del Libertador 1902. Di-So 14-19 Uhr. Eintritt: 2 Pesos. 10.3.-2.5.<\/li>\n<li>Celina Saubidet, \u201eTratado de los animales ocultos\u201c, Skulpturen und Zeichnungen. <a href=\"http:\/\/www.elsidelrio.com.ar\/\">Elsi del R\u00edo Arte Contempor\u00e1neo<\/a>, Ar\u00e9valo 1748, Palermo Hollywood. Di-Fr 15-20, Sa 11-14 Uhr. 18.3.-30.4.<\/li>\n<li>Enrique Burone Risso, \u201eMi Buenos Aires Querido\u201c, Gem\u00e4lde. <a href=\"http:\/\/www.zurbarangaleria.com.ar\/\">Zurbar\u00e1n<\/a>, Cerrito 1522. Mo-Fr 11-21, Sa 10-13 Uhr. 25.3.-22.4.<\/li>\n<li>Graciela Cassel, \u201eViajes y Objetos Po\u00e9ticos\u201c, Gem\u00e4lde. Galer\u00eda Thames, Thames 1776, Palermo. Mo-Fr 14-20, Sa 15-20 Uhr. 26.3.-21.4.<\/li>\n<li>Francisco Ruiz de Infante (Spanien), \u201eBlueSky &#8211; Laboratorio de Laboratorios\u201c. Kuratorin: Nekane Aramburu. Espacio Fundaci\u00f3n Telef\u00f3nica, Arenales 1540. Di-So 14-20.30 Uhr. 27.3.-14.6.<\/li>\n<li>\u201eBlueSky &#8211; Taller de Re: Presentaciones\u201c. CCEBA, Paran\u00e1 1159. Mo-Fr 10.30-20, Sa 10.30-14 Uhr. 27.3.-14.6.<\/li>\n<li>Ernesto Bertani, Retrospektive. <a href=\"http:\/\/www.zurbarangaleria.com.ar\/\">Zurbar\u00e1n Pilar<\/a>, Sheraton Pilar, Ruta Panamericana km 49,5, Pilar. T\u00e4glich 10-20 Uhr. 28.3.-16.5.<\/li>\n<li>N\u00e9stor Villar Errecart, Gem\u00e4lde. <a href=\"http:\/\/www.zurbarangaleria.com.ar\/\">Colecci\u00f3n Alvear de Zurbar\u00e1n<\/a>, Av. Alvear 1658. Mo-Fr 10.30-21, Sa 10.30-13 Uhr. 30.3.-25.4.<\/li>\n<li>Gabriel Gr\u00fcn, Gem\u00e4lde 2008\/2009. Wussmann, Venezuela 570. Mo-Fr 12-20 Uhr. 31,3,-Ende Mai.<\/li>\n<li>Anah\u00ed Roitman, \u201eMagia\u201c. <a href=\"http:\/\/www.agalmaarte.com\/\">agalma.arte<\/a>, Libertad 1389. Mo-Fr 11-19, Sa 11-13.30 Uhr. 31.3.-28.4.<\/li>\n<li>Mario Grinbaum, \u201eVisiones del vac\u00edo\u201c. <a href=\"http:\/\/www.rubbers.com.ar\/\">Galer\u00eda Rubbers Internacional<\/a>, Av. Alvear 1595. Mo-Fr 11-20, Sa 11-13.30 Uhr. 31.3.-25.4.<\/li>\n<li>\u201ePlataforma Untref: Diez a\u00f1os de experiencia y creaci\u00f3n en la Universidad Nacional de Tres de Febrero\u201c. Kuratorin: Graciela<br \/>\nTaquini. Museo de la Universidad Nacional de Tres de Febrero (MUNTREF), Valent\u00edn G\u00f3mez 4828, Caseros. Mo-Sa 11-20 Uhr. Seit 31.3.<\/li>\n<li>\u201eGrandes Maestros Argentinos\u201c, Werke von Koek Koek, Lazzari, Alice, Frasca, Venier, Berni, Presta, Duarte, Didiego, Mollari, Frexas, Alonso, Castagnino, Conti, C\u00e1rdenas, Cogorno, Novelletto, Valladares, Gorrochategui, Presas, Forte. <a href=\"http:\/\/www.galeriamediterranea.com.ar\/\">Mediterr\u00e1nea Galer\u00eda de Arte<\/a>, Pacheco 2380 (Monroe 4900), Villa Urquiza. Mo-Fr 10-20.30, Sa 10-17 Uhr. 1.4.-30.4.<\/li>\n<li>\u201eAnatom\u00eda de un sue\u00f1o\u201c, Digitalkunst, Graphiken und Gem\u00e4lde von Liliana Aleman, Nubia Ozzi, Diego Bourren, Beatriz Margosstan. Casa de la Cultura de Flores, Artigas 202. Di-Fr 10-20, So 15-21 Uhr. 1.4.-30.4.<\/li>\n<li>Ana Amor, Skulpturen. Universidad del CEMA (UCEMA), Reconquista 775. Mo-Fr 14-19 Uhr. 1.4.-29.5.<\/li>\n<li>\u201eTramandoRedes\u201c. Im Rahmen der 5. Internationalen Textilkunst-Biennale. Espacio de Arte AMIA, Pasteur 633. 3.4.-30.4.<\/li>\n<li>Hebe Maga\u00f1a, \u201eIm\u00e1genes\u201c, Gem\u00e4lde. Hilda Solano Arte y Dise\u00f1o Latinoamericano, Av. Alvear 1777, Loc. 21. Seit 6.4.<\/li>\n<li>Floki Gauvry, \u201eEl caos sensible\u201c, Graphiken, Digitalkunst, Objekte. Galer\u00eda \u00c1tica, Libertad 1240, PB 9. Mo-Fr 11-13 und 15-20, Sa 11.30-13.30 Uhr. 7.4.-2.5.<\/li>\n<li>\u201eLos No\u00e9 de la Colecci\u00f3n Galer\u00eda Rubbers\u201c (Die Werke von Luis Felipe No\u00e9 aus der Sammlung Rubbers). Palacio Duhau, Park Hyatt, Av. Alvear 1661. 7.4.-30.4.<\/li>\n<li><a href=\"http:\/\/www.estudiocanale.com.ar\/\">Jorge Canale<\/a>, \u201eEl Matadero\u201c. <a href=\"http:\/\/www.danielmaman.com\/\">Daniel Maman Fine Art<\/a>, Av. del Libertador 2475. Seit 7.4.<\/li>\n<li>\u201efemeninoplural\u201c, Werke von Lucila Amatista, Alicia Antich, Mar\u00eda Boggiano, Delia Cancela, Roc\u00edo C\u00f3ppola, Marina De Caro, Zina Katz. Ana Wingeyer. Im Rahmen der 5. Internationalen Textilkunst-Biennale. <a href=\"http:\/\/www.roart.com.ar\/\">RO Galer\u00eda de Arte<\/a>, Paran\u00e1 1158. Mo-Fr 11-20 Uhr. Seit 7.4.<\/li>\n<li>Sandra Piterman, Denise Rey, Marta Elvira Nouzeilles, Gem\u00e4lde. <a href=\"http:\/\/www.karinaparadiso.com.ar\/\">Karina Paradiso Galer\u00eda de Arte<\/a>, Av. del Libertador 4700, PB A. Mo-Do 14-20, Fr 15-21, Sa 11-13 Uhr. 14.4.-8.5.<\/li>\n<li>Alejandra Stier, Ana Gavinazzo, \u201eSentir el Universo\u201c. Eingeladener K\u00fcnstler: Rub\u00e9n D&#8217; Ambrosio. Kuratorin: Ruth Scheinsohn. <a href=\"http:\/\/www.galeriavermeer.com.ar\/\">Vermeer Galer\u00eda de Arte<\/a>, Suipacha 1168. 15.4.-11.5.<\/li>\n<li>Eugenio Cuttica, \u201eGente de pie\u201c. Coppa Oliver Arte, Talcahuano 1287. Mo-Fr 11-19, Sa 10.30-13 Uhr. 15.4.-16.5.<\/li>\n<li>Elvira Pinto (Mar del Plata). Casa de Salta, Av. Roque Saenz Pe\u00f1a 933. 15.4.-12.5.<\/li>\n<li>Le\u00f3nidas Gambartes, \u201ePensar desde Am\u00e9rica\u201c. Fondo Nacional de las Artes (FNA), Rufino de Elizalde 2831. 16.4.-17.5.<\/li>\n<li>Bea Fern\u00e1ndez, Marion Kaufmann, \u201eDos miradas\u201c, Fotos. Asociaci\u00f3n Cultural Pestalozzi, Freire 1882, Belgrano R. Di-Fr 14-19 Uhr. Seit 16.4.<\/li>\n<li>Margarita Kusnetzoff, Gem\u00e4lde. Kuratoren: Juan Astica und Ediardo Stup\u00eda. <a href=\"http:\/\/www.empatia-arte.com\/\">Empat\u00eda<\/a>, Carlos Pellegrini 1255. Er\u00f6ffnung: 21.4., 19 Uhr. Bis 23.5.<\/li>\n<li>Mar\u00eda Valeria Arias, Gem\u00e4lde. Club Sueco, Tacuar\u00ed 147, 5. Stock. Mo-Fr 9.30-17, Do bis 23.30 Uhr. Er\u00f6ffnung: 21.4., 19 Uhr.<\/li>\n<li>Carlos Scaglione, Alejandra Miranda, Gem\u00e4lde. <a href=\"http:\/\/www.mosaikgaleriadearte.com.ar\/\">Galer\u00eda Mosaik<\/a>, Av. Sucre 2774, B\u00e9ccar, Lomas de San Isidro. Mo-Fr 10-13 und 16-20, Sa 10-13 Uhr. Er\u00f6ffnung: 21.4., 19 Uhr. Bis 5.5.<\/li>\n<li>Diana Dreyfus, \u201eRelatos de superficie\u201c. <a href=\"http:\/\/www.vanriel.com.ar\/\">Galer\u00eda Van Riel<\/a>, Juncal 790, PB. Mo-Fr 15-20, Sa 11-13 Uhr. Er\u00f6ffnung: 22.4., 19 Uhr. Bis 23.5.<\/li>\n<li>Jorge \u00c1lvaro, Werke auf Leinwand und Papier. Sofitel, Arroyo 841. Er\u00f6ffnung: 23.4., 19 Uhr. Bis 1.5.<\/li>\n<li>Mar\u00eda Bay\u00e1, \u201eGeometr\u00eda y Abstracci\u00f3n\u201c, Gem\u00e4lde. \/ Claudia Behrensen, \u201eGeometr\u00eda y Abstracci\u00f3n\u201c, Fotos. Galer\u00eda Thames, Thames 1776. Mo-Fr 14-20, Sa 15-20 Uhr. Er\u00f6ffnung: 23.4., 19.30-22 Uhr. Bis 12.5.<\/li>\n<li>\u201eII. Bienal de Arte Contempor\u00e1neo del Fin del Mundo &#8211; Intemperie\u201c (II. Biennale Zeitgen\u00f6ssischer Kunst am Ende der Welt &#8211; Motto \u00fcbersetzt etwa: Dem Wetter ausgesetzt). Kuratoren: Alfons Hug und Fernando Farina. Er\u00f6ffnung im Centro Beagle, Alter Flughafen der Stadt Ushuaia, Feuerland, 23.4., 19 Uhr. Infos <a href=\"http:\/\/www.bienalfindelmundo.org\/\"><em>hier<\/em><\/a>.<\/li>\n<li>Pablo Fontes, \u201eParadise coming soon\u201c. Galer\u00eda Holz, Arroyo 862. Er\u00f6ffnung: 24.4., 19 Uhr. Bis 11.5.<\/li>\n<\/ul>\n","protected":false},"excerpt":{"rendered":"<p>Click aqu\u00ed para leer la versi\u00f3n en castellano. Ausstellungs-Kalender 18.04.09-25.04.09 Ausstellungszentren MALBA (Museo de Arte Latinoamericano de Buenos Aires), Av. Figueroa Alcorta 3415 (Do-Mo und feiertags 12-20 Uhr, Di geschlossen, Mi bis 21 Uhr, Eintritt frei. An anderen Tagen: Eintritt 15 Pesos, Lehrer und \u00fcber 65-J\u00e4hrige 7,50 Pesos, Studenten, Kinder unter 12 Jahren und Behinderte [&hellip;]<\/p>\n","protected":false},"author":1,"featured_media":0,"comment_status":"open","ping_status":"open","sticky":false,"template":"","format":"standard","meta":{"footnotes":""},"categories":[3],"tags":[],"class_list":["post-1748","post","type-post","status-publish","format-standard","hentry","category-kalender-agenda"],"_links":{"self":[{"href":"https:\/\/kunstinargentinien.com\/index.php\/wp-json\/wp\/v2\/posts\/1748","targetHints":{"allow":["GET"]}}],"collection":[{"href":"https:\/\/kunstinargentinien.com\/index.php\/wp-json\/wp\/v2\/posts"}],"about":[{"href":"https:\/\/kunstinargentinien.com\/index.php\/wp-json\/wp\/v2\/types\/post"}],"author":[{"embeddable":true,"href":"https:\/\/kunstinargentinien.com\/index.php\/wp-json\/wp\/v2\/users\/1"}],"replies":[{"embeddable":true,"href":"https:\/\/kunstinargentinien.com\/index.php\/wp-json\/wp\/v2\/comments?post=1748"}],"version-history":[{"count":0,"href":"https:\/\/kunstinargentinien.com\/index.php\/wp-json\/wp\/v2\/posts\/1748\/revisions"}],"wp:attachment":[{"href":"https:\/\/kunstinargentinien.com\/index.php\/wp-json\/wp\/v2\/media?parent=1748"}],"wp:term":[{"taxonomy":"category","embeddable":true,"href":"https:\/\/kunstinargentinien.com\/index.php\/wp-json\/wp\/v2\/categories?post=1748"},{"taxonomy":"post_tag","embeddable":true,"href":"https:\/\/kunstinargentinien.com\/index.php\/wp-json\/wp\/v2\/tags?post=1748"}],"curies":[{"name":"wp","href":"https:\/\/api.w.org\/{rel}","templated":true}]}}