{"id":1750,"date":"2009-04-20T13:21:22","date_gmt":"2009-04-20T16:21:22","guid":{"rendered":"http:\/\/kunstinargentinien.com\/index.php\/2009\/04\/20\/besuch-aus-deutschland\/"},"modified":"2009-04-20T13:31:27","modified_gmt":"2009-04-20T16:31:27","slug":"besuch-aus-deutschland","status":"publish","type":"post","link":"https:\/\/kunstinargentinien.com\/index.php\/2009\/04\/20\/besuch-aus-deutschland\/","title":{"rendered":"Besuch aus Deutschland"},"content":{"rendered":"<p><strong>Autorin Julia Franck auf der Internationelen Buchmesse<\/strong><\/p>\n<div align=center><img decoding=\"async\" id=\"image1749\" alt=Juli2.jpg src=\"http:\/\/kunstinargentinien.com\/wp-content\/uploads\/2009\/04\/Juli2.jpg\" \/><\/div>\n<p>Auf der Internationalen Buchmesse in Buenos Aires pr\u00e4sentiert die deutsche Autorin Julia Franck ihr Buch \u201cDie Mittagsfrau\u201d, in der spanischen Ausgabe als \u201cLa mujer del mediod\u00eda\u201d bei Tusquets 2009 erschienen. Man kann Julia Franck am zweiten Messetag, dem 24. April, um 19.30 Uhr im Mar\u00eda Esther de Miguel- Saal im \u201cPabell\u00f3n Ocre\u201d erleben. Organisiert wurde der Besuch von der Frankfurter Buchmesse und Tusquets Editores mit der Unterst\u00fctzung der deutschen Botschaft und dem Goethe-Institut Buenos Aires.<\/p>\n<p>\u201cJulia Francks Texte sind von einer ungew\u00f6hnlichen, fast be\u00e4ngstigend starken Sinnlichkeit gepr\u00e4gt. Es ist eine Prosa der K\u00f6rper, der Ger\u00fcche, der Blicke, der Sinne \u00fcberhaupt\u201d, schrieb die Neue Z\u00fcrcher Zeitung \u00fcber Francks Werk.<\/p>\n<p>Eine Mutter hat ihren siebenj\u00e4hrigen Sohn verlassen. Sie hat ihn auf eine Bank im Bahnhof gesetzt und ist weggegangen, um Fahrkarten zu kaufen, wie sie sagte. Aber sie kommt nie wieder zur\u00fcck. Mit dieser unglaublichen Begebenheit l\u00e4sst Julia Franck ihren Roman beginnen, um im Folgenden auf \u00fcber 400 Seiten vom Leben ihrer Protagonisten, von deren Kindheit vor dem Ersten Weltkrieg bis zu der Zeit nach dem Zweiten zu erz\u00e4hlen. Um dem Leser begreifbar zu machen, was eine Mutter dazu bringt, eine solche Tat zu vollbringen, hat Julia Franck eigene biografische Hintergr\u00fcnde durchsucht und aufgedeckt. Denn was sie beschreibt, ist tats\u00e4chlich passiert: Ihre Gro\u00dfmutter lie\u00df ihren Sohn, also Julia Francks Vater, zur\u00fcck und verschwand.<\/p>\n<p>Franck hat ihre eigene famili\u00e4re Geschichte rekonstruiert, sie literarisch mit B\u00fcchern von Autoren aus jener Zeit wie Robert Walser, Franz Kafka und Mascha Kel\u00e9ko verfeinert und mit ihrer eigenen Phantasie erg\u00e4nzt. Sie beschreibt die Kindheit von Helene, als sie mit ihrer Schwester Martha und ihren Eltern in Bautzen lebte; die R\u00fcckkehr des schwerverletzten Vaters aus dem Ersten Weltkrieg, welcher bald darauf stirbt; die Mutter, die nach unz\u00e4hligen Fehlgeburten unf\u00e4hig ist, Helene zu lieben; und schlie\u00dflich die befreiende Flucht vor der bedr\u00fcckenden Atmosph\u00e4re der herzenskalten Mutter zu einer Tante nach Berlin. Aber in Berlin erweist sich das Leben als nicht so leicht wie erwartet. W\u00e4hrend Martha sich in die schillernden Zwanziger fallenl\u00e4sst und endlich ihre lesbische Liebe leben kann, erlebt Helene eine dramatische Geschichte der Liebe im aufkommenden Nationalsozialismus.<\/p>\n<p>Julia Franck wurde 1970 in Berlin-Lichtenberg als Tochter der Theaterschauspielerin Anna Katharina Franck und des Fernsehregisseurs J\u00fcrgen Sehmisch geboren. 1978 siedelte die Mutter mit ihren damals vier T\u00f6chtern von Ost nach West \u00fcber, die Familie verbrachte neun Monate im Fl\u00fcchtlingslager Marienfelde und lie\u00df sich dann in Schleswig-Holstein nieder.<br \/>\n1983 zog Franck nach Berlin zur\u00fcck. Nach einigen Umwegen machte sie 1991 das Abitur und studierte an der Freien Universit\u00e4t vorerst Jura, sp\u00e4ter Altamerikanistik, Neuere deutsche Literatur und Philosophie. 1997 erschien ihr Deb\u00fct \u201cDer neue Koch\u201d, danach \u201cLiebediener\u201d (1999), \u201cBauchlandung. Geschichten zum Anfassen\u201d (2000) und \u201cLagerfeuer\u201d (2003). Sie verbrachte das Jahr 2005 in der Villa Massimo in Rom. F\u00fcr ihren Roman \u201cDie Mittagsfrau\u201d erhielt Julia Franck den Deutschen Buchpreis 2007.<\/p>\n<p>Informationen zur Buchmesse <a href=\"http:\/\/www.el-libro.org.ar\/\"><em>hier<\/em><\/a>,<\/p>\n","protected":false},"excerpt":{"rendered":"<p>Autorin Julia Franck auf der Internationelen Buchmesse Auf der Internationalen Buchmesse in Buenos Aires pr\u00e4sentiert die deutsche Autorin Julia Franck ihr Buch \u201cDie Mittagsfrau\u201d, in der spanischen Ausgabe als \u201cLa mujer del mediod\u00eda\u201d bei Tusquets 2009 erschienen. Man kann Julia Franck am zweiten Messetag, dem 24. April, um 19.30 Uhr im Mar\u00eda Esther de Miguel- [&hellip;]<\/p>\n","protected":false},"author":1,"featured_media":0,"comment_status":"open","ping_status":"open","sticky":false,"template":"","format":"standard","meta":{"footnotes":""},"categories":[1],"tags":[],"class_list":["post-1750","post","type-post","status-publish","format-standard","hentry","category-allgemein-general"],"_links":{"self":[{"href":"https:\/\/kunstinargentinien.com\/index.php\/wp-json\/wp\/v2\/posts\/1750","targetHints":{"allow":["GET"]}}],"collection":[{"href":"https:\/\/kunstinargentinien.com\/index.php\/wp-json\/wp\/v2\/posts"}],"about":[{"href":"https:\/\/kunstinargentinien.com\/index.php\/wp-json\/wp\/v2\/types\/post"}],"author":[{"embeddable":true,"href":"https:\/\/kunstinargentinien.com\/index.php\/wp-json\/wp\/v2\/users\/1"}],"replies":[{"embeddable":true,"href":"https:\/\/kunstinargentinien.com\/index.php\/wp-json\/wp\/v2\/comments?post=1750"}],"version-history":[{"count":0,"href":"https:\/\/kunstinargentinien.com\/index.php\/wp-json\/wp\/v2\/posts\/1750\/revisions"}],"wp:attachment":[{"href":"https:\/\/kunstinargentinien.com\/index.php\/wp-json\/wp\/v2\/media?parent=1750"}],"wp:term":[{"taxonomy":"category","embeddable":true,"href":"https:\/\/kunstinargentinien.com\/index.php\/wp-json\/wp\/v2\/categories?post=1750"},{"taxonomy":"post_tag","embeddable":true,"href":"https:\/\/kunstinargentinien.com\/index.php\/wp-json\/wp\/v2\/tags?post=1750"}],"curies":[{"name":"wp","href":"https:\/\/api.w.org\/{rel}","templated":true}]}}