{"id":176,"date":"2005-09-03T00:11:41","date_gmt":"2005-09-03T03:11:41","guid":{"rendered":"http:\/\/kunstinargentinien.com\/index.php\/2005\/09\/03\/agenda-kalender\/"},"modified":"2005-09-06T15:14:39","modified_gmt":"2005-09-06T18:14:39","slug":"agenda-kalender","status":"publish","type":"post","link":"https:\/\/kunstinargentinien.com\/index.php\/2005\/09\/03\/agenda-kalender\/","title":{"rendered":"Agenda \/ Kalender"},"content":{"rendered":"<p><a href=\"http:\/\/kunstinargentinien.com\/index.php\/2005\/09\/03\/kalender-agenda\/\">Klicken Sie hier, um die deutsche Version zu lesen.<\/a><\/p>\n<p><strong>Agenda de la semana 03\/09\/05-10\/09\/05<\/strong><\/p>\n<p><em>Centros de exposiciones<\/em><\/p>\n<ul>\n<li>Centro Cultural Borges, Viamonte\/San Mart\u00edn (Lun-Sab 10-21, Dom 12-21 hs, entrada 3 pesos, estudiantes y jubilados 1,50 pesos; Warhol: entrada 9 pesos, estudiantes y jubilados 5 pesos, chicos menores de 12 a\u00f1os 3 pesos): Andy Warhol, obra gr\u00e1fica, documentos. 7.6.-2.10. \/ Adriana Fiterman, &#8220;Corte&#8221;, pinturas. 4.8.-28.9. \/ &#8220;Fantasmatic&#8221; (9 artistas chilenos). Desde 1.9. \/ &#8220;Senderos de la Libertad&#8221;, muestra acerca de Solidarnosc (Sala 31, 3er piso). Inauguraci\u00f3n: 6.9.<\/li>\n<p><!--more--><\/p>\n<li>Centro Cultural Recoleta, Jun\u00edn 1930 (Mar-Vie 14-21, Sab, Dom y feriados 10-21 hs, entrada 1 peso): Gabriel Gr\u00fcn\/Lorena Guzman, &#8220;Mitolog\u00eda&#8221; (Sala 10). 9.8.-11.9. \/ &#8220;(ausencias-libros-complicidades)&#8221;, obras de Marga Steinwasser, Graciela Schifrin Lorenzano y Claudia Contreras conmemorando el atentado contra la AMIA el 18 de julio del 1994 (Salas 1 y 2). 11.8.-11.9. \/ Jorge Carbajal\/Dina Spivak, &#8220;SERIE-DAD&#8221; (Sala 12). 12.8.-4.9. \/ Roberto Graziano, &#8220;A las cinco de la tarde&#8230;&#8221; (Sala 4). 12.8.-11.9. \/ Antonio De Resurreci\u00f3n, &#8220;Los Juegos\/ Bajo el Agua&#8221; (Sala 8). 12.8.-4.9. \/ Rosemarie Allers, &#8220;Picnic en el precipicio&#8221;, oleos (Sala 6). 12.8.-4.9. \/ Soledad Stagnaro, &#8220;Dibugramas&#8221; (Espacio Historieta). Desde 18.8. \/ H\u00e9ctor Medici, &#8220;op. cit.&#8221; (Sala &#8220;C&#8221;). 23.8.-25.9.<\/li>\n<li>MALBA, Av. Figueroa Alcorta 3415 (Jue-Lun 12-20, Mie 12-21 hs, martes cerrado, entrada 7 pesos, docentes y mayores de 65 a\u00f1os 3,50 pesos, jubilados y ni\u00f1os menores de 12 a\u00f1os gratis, mi\u00e9rcoles gratis): &#8220;Adquisiciones, donaciones y comodatos&#8221; (30 obras nuevas en la Colecci\u00f3n Costantini, entre otras de Dino Bruzzone, Elba Bairon, Flavia da Rin, Pablo Siquier y Horacio Coppola). 20.7.-12.9. \/ Frank Stella, &#8220;Serie Moby Dick&#8221;, 25 gr\u00e1ficas 1991\/1997. Curador: Ed Shaw. 9.9.-31.10. \/ &#8220;Contempor\u00e1neo 14: Robert Jacoby, &#8220;Darkroom&#8221;. 9.9.-10.10.<\/li>\n<li>Museo Nacional de Bellas Artes, Av. del Libertador 1473 (Mar-Dom 13.30-19.30, Sab 9.30-19.30 hs): Mar\u00eda Simon, esculturas, gr\u00e1ficas, textiles \/ Alberto Delmonte, obras 1985-2005 (Pabell\u00f3n). 27.7.-4.9. \/ Lucio Boschi, &#8220;Una Argentina&#8221;, fotos. Desde 3.8.<\/li>\n<li>Museo Eduardo S\u00edvori, Av. Infanta Isabel 555 (Mar-Vie 12-18, Sab y Dom 10-18 hs): Osvaldo Jalil, &#8220;Homenaje x 2&#8221;. Hasta 11.9. \/ &#8220;47. Sal\u00f3n de Cer\u00e1mica&#8221;. Invitada especial: Carmen Bongiorno. Hasta 18.9. \/ Claudia Melo, &#8220;Yu Tarot&#8221;, arte digital. Hasta 25.9. \/ Eduardo Iglesias Brickles, &#8220;Acerca de las teor\u00edas conspirativas&#8221;, xilopinturas. 17.9.-30.10. \/ Liliana Trotta, &#8220;Evita&#8230; el mito contin\u00faa&#8221;. 17.9.-16.10. \/ V\u00edctor L. Rebuffo, &#8220;Retrospectiva 1903-1983&#8221;. 24.9.-23.10. \/ Carlos Alonso, &#8220;Conmemoraci\u00f3n de los 400 a\u00f1os del Quijote&#8221;. 24.9.-23.10.\u00ad<\/li>\n<li>Fundaci\u00f3n Federico Jorge Klemm\/Academia Nacional de Bellas Artes, Marcelo T. de Alvear 626 (Lun-Vie 11-20 hs): Ricardo Blanco, &#8220;Esto no es una silla&#8221;. Desde 3.8. \/ &#8220;Afiches Lirolay&#8221; 1960-1981. Desde 9.8.\u00ad<\/li>\n<li>Teatro San Mart\u00edn, Av. Corrientes 1530 (todos los d\u00edas 11 hs hasta fin del \u00faltimo espect\u00e1culo): Diego Levy, &#8220;Sangre&#8221;, ensayo fotogr\u00e1fico (FotoGaler\u00eda). 2.8.-4.9. \/ Regina Schmeken (Alemania), &#8220;Fotograf\u00edas 1989-2000&#8221;. Inauguraci\u00f3n: 6.9., 19 hs. Hasta 2.10. \/ &#8220;La m\u00e1scara&#8221;, obras de Carlos Furman, El\u00edas Mekler, Alejandra L\u00f3pez, Juan Travnik, Emilio Garc\u00eda Wehbi. Inauguraci\u00f3n: 6.9., 19 hs. Hasta 16.10.<\/li>\n<\/ul>\n<p><em>Otras exposiciones<\/em><\/p>\n<ul>\n<li>&#8220;Pierre Verger. Retrato de Sudam\u00e9rica. Fotograf\u00edas 1939-1959&#8221;. Museo Isaac Fern\u00e1ndez Blanco, Suipacha 1422. Mar-Dom 14-19 hs. Entrada 3 pesos, &#8220;residentes&#8221; 1 peso. 6.7.-4.9.<\/li>\n<li>&#8220;Arte del Siglo XX&#8221;: Colecci\u00f3n del Museo Rufino Tamayo, M\u00e9xico. Fundaci\u00f3n Proa, Av. Pedro de Mendoza 1929, La Boca. Mar-Dom 12-19 hs. Entrada 3 pesos, estudiantes 2 pesos, jubilados 1 peso. 7.7.-18.9.<\/li>\n<li>&#8220;\u00a1Manda Fruta!&#8221;, fotos de Alejandro Boggan y Edgardo Delfino. Curador: Julio S\u00e1nchez. Tono Rojo, Schiaffino 2138. Lun-Dom 11-24 hs. 13.7.-3.9.<\/li>\n<li>&#8220;V\u00eda Sat\u00e9lite&#8221;, arte contempor\u00e1neo de Per\u00fa, fotos, videos y arte en la web. Espacio Fundaci\u00f3n Telef\u00f3nica, Arenales 1540. Lun-Vie 14-20.30 hs. 15.7.-4.9.<\/li>\n<li>Rep, &#8220;Homenaje a 2 amigos: Cervantes y Berni&#8221;. Centro Cultural San Mart\u00edn, Sarmiento 1551. Lun-Dom 15-21 hs. 19.7.-5.9.<\/li>\n<li>Carlos Carmona, dibujos \/ Carlos Sarda, pinturas. Isabel Anchorena, Arenales 1239, Rue des Artisans, 4 &#8220;H&#8221;. Lun-Vie 11-19.30, Sab 11-13 hs. 28.7.-12.9.<\/li>\n<p>\u00ad<\/p>\n<li>Ernesto Bertani, &#8220;Rosa-Rosa&#8221;, pinturas. Zurbar\u00e1n, Cerrito 1522. Lun-Vie 11-21, Sab 10-13 hs. Visitas guiadas del artista: Vie 18-20 hs. 2.8.-10.9.<\/li>\n<p>\u00ad<\/p>\n<li>&#8220;Desde la Ventana&#8221; (obras de Fabi\u00e1n Attila, Silvana Blasbalg, Cho Yong Hwa, Liliana Golubinsky, Graciela Ieger etc.). C\u00e1mara de Comercio Suizo-Argentina, Leandro N. Alem 1974, piso 10. Lun y Vie 9-17 hs. Tel. 4311-7187. 2.8.-30.9.<\/li>\n<p>\u00ad<\/p>\n<li>&#8220;Fotograf\u00eda contempor\u00e1nea&#8221; (obras de fot\u00f3grafos que expusieron en la &#8220;Torre de los Ingleses&#8221;: Arturo Aguiar, Maria Antolini, Fabi\u00e1n Cabral, Marcelo de la Fuente, Fernando Goin, Diego Gr\u00fcnstein, Maximo MacDonnell, Pablo Mehanna, Gabriela Mittulo, Aldo Paparella, Diana Saimovici, Daniel Trama. Curador: Horacio Torres). La Casona de los Olivera, Parque Avellaneda, Av. Directorio\/Lacarra. Mie-Vie 15-19, Sab y Dom 11-19 hs. Desde 6.8.\u00ad<\/li>\n<p>\u00ad<\/p>\n<li>Alfonso Castillo, Mar\u00eda Cristina Fresca, Ada Porcel, fotos. EspacioArteAeroparque, Aeroparque, Sector A, PB. Desde 9.8.<\/li>\n<p>\u00ad<\/p>\n<li>&#8220;Tras las huellas del Ingenioso Hidalgo&#8221;, artistas argentinos como ilustradores del &#8220;Quijote&#8221;. Pabell\u00f3n de las Bellas Artes, UCA, Alicia Moreau de Justo 1300, Puerto Madero. Mar-Dom 11-20 hs, lunes cerrado. Desde 10.8.<\/li>\n<p>\u00ad<\/p>\n<li>Celina Gonz\u00e1lez Sueyro, instalaciones \/ Paola Vega, pinturas. Belleza y Felicidad, Acu\u00f1a de Figueroa 900\/Guardia Vieja. Lun-Vie 11-20.30, Sab 11-14 hs. 13.8.-20.9.<\/li>\n<p>\u00ad<\/p>\n<li>Osvaldo Decastelli, &#8220;Juegos de artista&#8221;. Galer\u00eda Decastelli, Chile 354, San Telmo. Todos los d\u00edas 10.30-18.30 hs. 15.8.-18.9.<\/li>\n<p>\u00ad<\/p>\n<li>Carlos Alonso, &#8220;Pinturas 1976-1996&#8221;. Casa de la Cultura del Fondo Nacional de las Artes, Rufino de Elizalde 2831. Mar-Dom 15-19 hs. 16.8.-23.9.<\/li>\n<p>\u00ad<\/p>\n<li>Gabriela Francone (Video), Mart\u00edn Di Paola, Pablo Lozano, Agust\u00edn Soibelman, pinturas. Del Infinito, Quintana 325, PB. Lun-Vie 11-20 hs. 17.8.-15.9.<\/li>\n<p>\u00ad\u00ad<\/p>\n<li>Ary Brizzi, pinturas y esculturas. Castagnino\/Rold\u00e1n Espacio de Arte, Juncal 743. Lun-Vie 10-20, Sab 10-13 hs. 18.8.-10.9.\u00ad<\/li>\n<li>V\u00edctor G. Fern\u00e1ndez, &#8220;Territorio de Cruces&#8221;, pinturas. Centro Cultural de la Cooperaci\u00f3n, Av. Corrientes 1543. Tel. 5077-8000. Lun-Sab 11-22, Dom 17-20.30 hs. 18.8.-21.9.\u00ad\u00ad<\/li>\n<li>H\u00e9ctor Anguita, pinturas. Museo Metropolitano, Castex 3217. Lun-Vie 14-19.30, Sab 12-18.30 hs. 22.8.-5.9.\u00ad<\/li>\n<li>Juan Bec\u00fa, Nahuel Vecino, Alejandro Bonzo, pinturas. Sara Garc\u00eda Uriburu, Uruguay 1223. Lun-Vie 11-13 y 16-20, Sab 11-13 hs. 24.8.-24.9.\u00ad<\/li>\n<li>Germ\u00e1n Carvajal, &#8220;Construcciones&#8221;. Principium, Esmeralda 1357. Lun-Vie 11-20, Sab 11-13 hs. 24.8.-24.9.\u00ad\u00ad<\/li>\n<li>Luis Heriberto Montoya Ortiz, pinturas. Galer\u00eda El Socorro, Suipacha 1331. Lun-Vie 10.30-20.30, Sab 10.30-13 hs. 24.8.-12.9.\u00ad\u00ad<\/li>\n<li>&#8220;am\u00e9rica y am\u00e9rica &#8211; conversaciones polares&#8221; (artistas uruguayos y canadienses). Arte x Arte, Lavalleja 1062 (alt. C\u00f3rdoba 4200). Lun-Sab 13-19 hs. 25.8.-30.9.\u00ad\u00ad\u00ad<\/li>\n<li>Carmelo Carra, pinturas. Victor Najmias, Costa Rica 4688. Mar-Vie 15.30-19.30 hs. Desde 25.8.\u00ad\u00ad\u00ad<\/li>\n<li>&#8220;15 x 15&#8221;, 15 fot\u00f3grafos, presentados por 15 cr\u00edticos: Tom\u00e1s Lerner (Eva Grinstein), Hern\u00e1n Reyes (Mercedes Casanegra), Guadalupe Miles (Rodrigo Alonso), Anabel Vanoni (Graciela Taquini), Bruno Stecconi (Corinne Sacca Abadi), Jorge Mi\u00f1o (Julio S\u00e1nchez), Os\u00edas Yanov (Valeria Gonz\u00e1lez), Luna Pavia (Alicia Arteaga), Fernando Brizuela (Ana Mart\u00ednez Quijano), Alejandro Schmidt (Manuel Neves), Edgardo Delfino (Rosa Mar\u00eda Ravera), Axel Indik (Albino Dieguez Videla), Miguel Mitlag (Adriana Rosenberg), Arturo Aguiar (Ana Mar\u00eda Battistozzi), Gustavo Groh (Victoria Verlichak). Praxis, Arenales 1311. Lun-Vie 10.30-20, Sab 10.30-14 hs. 26.8.-28.9.\u00ad\u00ad<\/li>\n<li>Susana Saravia, pinturas \/ Jorge Sarsale, pinturas. El Borde, Uriarte 1356. Lun-Sab 14-20 hs. 26.8.-23.9.\u00ad<\/li>\n<p>\u00ad<\/p>\n<li>Mario Sanzano, pinturas. Colecci\u00f3n Alvear de Zurbar\u00e1n, Av. Alvear 1658. Lun-Sab 10.30-21, Dom 11-20 hs. 29.8.-25.9.\u00ad<\/li>\n<li>&#8220;Portu\u00f1ol\/Portunhol&#8221; (muestra colectiva con 70 artistas, entre otros Agust\u00edn Blanco, Mart\u00edn Bonadeo, Colecci\u00f3n Vereda Brasil, Silvina D\u2019Alessandro, Mart\u00edn Kovensky, Hilda Paz, Duda Teixeira, Daniel Trama, Florencia Walfisch. Curadoras: Ivana Mart\u00ednez Vollaro y Karina Granieri). Fundaci\u00f3n Centro de Estudios Brasileiros FUNCEB, Esmeralda 956. 30.8.-27.9.\u00ad<\/li>\n<li>Elizabeth Peluffo, tintas sobre papel. Atica, Libertad 1240, P.B. &#8220;9&#8221;. Lun-Vie 11-13 y 15-20, Sab 11-13.30 hs. 30.8.-24.9.\u00ad\u00ad<\/li>\n<li>Juan Jos\u00e9 Cambre, pinturas. Wussmann, Venezuela 570, San Telmo. 31.8.-29.10.<\/li>\n<p>\u00ad<\/p>\n<li>Ana Mar\u00eda Donato, &#8220;mar y r\u00edo&#8221;, pinturas. Suipacha, Suipacha 1248. Lun-Vie 11-20, Sab 11-13 hs. 31.8.-17.9.\u00ad<\/li>\n<p>\u00ad<\/p>\n<li>Aldo Sessa, &#8220;Detr\u00e1s de la trama&#8221;, fotos. Rubbers &#8220;Espacio Alvear&#8221;, Av. Alvear 1595. Lun-Vie 11-20, Sab 11-13.30 hs. 31.8.-30.9.\u00ad<\/li>\n<li>Diego Figueroa, &#8220;Tramando&#8221;, pinturas. Consorcio de Arte de Buenos Aires, Uruguay 1371. Lun-Vie 11-20, Sab 11-14 hs. 31.8.-17.9.\u00ad<\/li>\n<li>Patricio Larrambebere\/Mart\u00edn P\u00e9rez Aguirre, &#8220;El franquero&#8221;, fotos. Curador: Diego Perrotta. La Tribu, Lambar\u00e9 873. Todos los d\u00edas 12-22 hs. 1.9.-23.9.\u00ad<\/li>\n<li>&#8220;R\u00e1pido y furioso II&#8221;, obras de Eduardo Costa, Marcelo Galindo, Cecilia Szalkowicz. Curador: Leopoldo Estol. Alberto Sendr\u00f3s, Pasaje Tres Sargentos 359. 1.9.-13.9.\u00ad<\/li>\n<li>Sebasti\u00e1n Freire, &#8220;Sebastiano, m\u00e1rtir&#8221;, fotos. Espacio Ecl\u00e9ctico, Humberto Primo 730, San Telmo. Mar-Vie 12-21, Sab y Dom 15-21 hs. 1.9.-2.10.\u00ad\u00ad<\/li>\n<li>Maggie Atienza Larsson, Victor Kaniuka, Juan Alberto Savasini, pinturas, esculturas, tapices. Concejo Deliberante, Av. Maip\u00fa 2502, Olivos. Lun-Vie 9-17 hs. 1.9.-29.9.\u00ad\u00ad<\/li>\n<li>Edith Matzen Hirsch. Espacio de Arte &#8220;Prilidiano Pueyrred\u00f3n&#8221;, Las Heras 1749. Mar-Vie 15-20 hs. 2.9.-30.9.\u00ad\u00ad<\/li>\n<li>Agust\u00edn Blanco, &#8220;Patriotas&#8221;. Torre Monumental (Ex-Torre de los Ingleses), Retiro. Mar-Dom 12-19 hs. Hasta 4.9.<\/li>\n<li>&#8220;12 Sibilas de San Pedro Telmo&#8221;, pinturas del siglo XVIII. Museo de Arte Decorativo, Av. del Libertador 1902. Mar-Dom 14-19 hs. Hasta 8.9.\u00ad<\/li\n\n\n\n<li>&#8220;Proyecto Cubo&#8221;, obras de B\u00e1rbara Steimberg, Paula Otegui, Sebasti\u00e1n Pastorino, Claudia Fern\u00e1ndez (Sala III). Curador: N\u00e9stor Zonana. Pabell\u00f3n 4, Uriarte 1332. Lun-Sab 16-20 hs.  Hasta junio 2006.<\/li>\n<p>\u00ad\u00ad<\/p>\n<li>&#8220;Traffic&#8221;, obras de Andr\u00e9s Bancalari, Mariana Bernay, Tatiana Cagnolo, Luj\u00e1n Funes, Patricio Larrambebere, Eduardo Molinari, Carola Murua, Elisa O\u2019Farrell, Teresita Olhaberry, Diego Perrotta, Alejandro Somsachini, Laura Spivak. Centro de Arte Contempor\u00e1neo, C\u00f3rdoba. Inauguraci\u00f3n: 3.9.\u00ad<\/li\u00ad>\n\u00ad\u00ad<\/p>\n<li>Coronado\/Mon, &#8220;Todo lo que brilla es oro&#8221;, fotos. Milion, Paran\u00e1 1048. Inauguraci\u00f3n: 6.9., 19 hs.\u00ad<\/li>\n<p>\u00ad<\/p>\n<li>Marcos L\u00f3pez, fotos (Sala principal) \/ Alicia Paz, pinturas (NuevoEspacio). Ruth Benzacar, Florida 1000. Lun-Vie 11.30-20, Sab 10.30-13.30 hs. 7.9.-8.10.\u00ad\u00ad<\/li>\n<li>Eduardo Iglesias Brickles, &#8220;Actitud&#8221;, xilopinturas y acr\u00edlicos. Curador: Alberto El\u00eda. Fundaci\u00f3n Alberto El\u00eda\/Mario Robirosa, Azcu\u00e9naga 1739. Lun-Vie 11-20 hs. Inauguraci\u00f3n: 7.9., 19-22 hs. Hasta 28.10.\u00ad<\/li>\n<p>\u00ad<\/p>\n<li>Roberto Graziano, &#8220;Fotos de artistas y C\u00eda.&#8221;. 180 Grados Arte Contempor\u00e1neo, Filo, San Mart\u00edn 975. Lun-Vie 13-24, Sab 13-16 hs. 8.9.-28.10.\u00ad\u00ad<\/li>\n<li>Alberto Baston D\u00edaz, &#8220;Modelo para des-armar&#8221;. Daniel Maman Fine Art, Av. del Libertador 2475. Lun-Vie 11-20, Sab 11-15 hs. Inauguraci\u00f3n: 8.9., 19 hs. Hasta 8.10.\u00ad\u00ad<\/li>\n<li>Rosita Fumagalli, &#8220;Filigranas&#8221;, pinturas. Elsi del R\u00edo, Ar\u00e9valo 1748, Palermo Hollywood. Mar-Vie 15-20, Sab 11-14 hs. Inauguraci\u00f3n: 14.9., 19.30 hs. Hasta 15.10.\u00ad<\/li>\n<\/ul>\n","protected":false},"excerpt":{"rendered":"<p>Klicken Sie hier, um die deutsche Version zu lesen. Agenda de la semana 03\/09\/05-10\/09\/05 Centros de exposiciones Centro Cultural Borges, Viamonte\/San Mart\u00edn (Lun-Sab 10-21, Dom 12-21 hs, entrada 3 pesos, estudiantes y jubilados 1,50 pesos; Warhol: entrada 9 pesos, estudiantes y jubilados 5 pesos, chicos menores de 12 a\u00f1os 3 pesos): Andy Warhol, obra gr\u00e1fica, [&hellip;]<\/p>\n","protected":false},"author":1,"featured_media":0,"comment_status":"open","ping_status":"open","sticky":false,"template":"","format":"standard","meta":{"footnotes":""},"categories":[3],"tags":[],"class_list":["post-176","post","type-post","status-publish","format-standard","hentry","category-kalender-agenda"],"_links":{"self":[{"href":"https:\/\/kunstinargentinien.com\/index.php\/wp-json\/wp\/v2\/posts\/176","targetHints":{"allow":["GET"]}}],"collection":[{"href":"https:\/\/kunstinargentinien.com\/index.php\/wp-json\/wp\/v2\/posts"}],"about":[{"href":"https:\/\/kunstinargentinien.com\/index.php\/wp-json\/wp\/v2\/types\/post"}],"author":[{"embeddable":true,"href":"https:\/\/kunstinargentinien.com\/index.php\/wp-json\/wp\/v2\/users\/1"}],"replies":[{"embeddable":true,"href":"https:\/\/kunstinargentinien.com\/index.php\/wp-json\/wp\/v2\/comments?post=176"}],"version-history":[{"count":0,"href":"https:\/\/kunstinargentinien.com\/index.php\/wp-json\/wp\/v2\/posts\/176\/revisions"}],"wp:attachment":[{"href":"https:\/\/kunstinargentinien.com\/index.php\/wp-json\/wp\/v2\/media?parent=176"}],"wp:term":[{"taxonomy":"category","embeddable":true,"href":"https:\/\/kunstinargentinien.com\/index.php\/wp-json\/wp\/v2\/categories?post=176"},{"taxonomy":"post_tag","embeddable":true,"href":"https:\/\/kunstinargentinien.com\/index.php\/wp-json\/wp\/v2\/tags?post=176"}],"curies":[{"name":"wp","href":"https:\/\/api.w.org\/{rel}","templated":true}]}}