{"id":17649,"date":"2013-11-24T08:06:53","date_gmt":"2013-11-24T11:06:53","guid":{"rendered":"http:\/\/kunstinargentinien.com\/?p=17649"},"modified":"2013-11-24T18:11:57","modified_gmt":"2013-11-24T21:11:57","slug":"soy-programa-que-acompana-y-estimula-a-los-creadores-chaquenos","status":"publish","type":"post","link":"https:\/\/kunstinargentinien.com\/index.php\/2013\/11\/24\/soy-programa-que-acompana-y-estimula-a-los-creadores-chaquenos\/","title":{"rendered":"SOY: programa que acompa\u00f1a y estimula a los creadores chaque\u00f1os"},"content":{"rendered":"<p><strong>SOY Chaque\u00f1o y Contempor\u00e1neo &#8211; 3\u00aa edici\u00f3n de una propuesta que busca discutir las maneras de entender el arte<\/p>\n<p><em>Por Patricia Hakim<\/em><\/strong><\/p>\n<p><a href=\"http:\/\/kunstinargentinien.com\/wp-content\/uploads\/2013\/11\/soy.jpg\"><img loading=\"lazy\" decoding=\"async\" src=\"http:\/\/kunstinargentinien.com\/wp-content\/uploads\/2013\/11\/soy.jpg\" alt=\"soy\" width=\"500\" height=\"235\" class=\"aligncenter size-full wp-image-17651\" srcset=\"https:\/\/kunstinargentinien.com\/wp-content\/uploads\/2013\/11\/soy.jpg 500w, https:\/\/kunstinargentinien.com\/wp-content\/uploads\/2013\/11\/soy-300x141.jpg 300w\" sizes=\"auto, (max-width: 500px) 100vw, 500px\" \/><\/a><br \/>\nSOY chaque\u00f1o contempor\u00e1neo es una iniciativa de la Casa de las Culturas para fortalecer las producciones colectivas chaque\u00f1as desarrolladas en el campo de las artes visuales, culinarias, musicales, corporales, editoriales y de dise\u00f1o. Desde la comprensi\u00f3n que el arte contempor\u00e1neo no se concentra s\u00f3lo en lo que se entiende por una obra sino en el alcance que puede dar el arte en la constituci\u00f3n de la persona artista y su escena, este programa se trata de cuatro exposiciones simult\u00e1neas y convergentes, que se experimentan a trav\u00e9s de un circuito por medio de un transporte colectivo. De este modo por intermedio del &#8220;colectivo de los colectivos&#8221; se configura la &#8220;simultaneidad&#8221; de escenas funcionando en paralelo en Chaco.<\/p>\n<p>Con este nuevo programa se busca acompa\u00f1ar y estimular a los creadores chaque\u00f1os implementando al menos dos estrategias:<\/p>\n<ul>\n<li>La integraci\u00f3n del trabajo autogestionado, alternativo y colectivo con lo institucional, demarcando de esta manera un diagrama de contexto de circuitos culturales &#8211; educativos &#8211; locales. Desde esta l\u00f3gica se entiende que la capacidad del hacer chaque\u00f1o se multiplica por su escala manejable combinada con la alta capacidad creadora.<\/li>\n<li>El apoyo a los diversos espacios donde se produce y sociabiliza el arte.<\/li>\n<\/ul>\n<p>A trav\u00e9s de una selecci\u00f3n de algunos creadores y espacios colectivos, nos proponemos reconocer ciertas nociones de sentido acerca de la identidad cultural chaque\u00f1a. Una cuesti\u00f3n que merece la pena resaltar es la particularidad que adquiere la capital del Chaco. Resistencia es una ciudad en la cual se da la particular situaci\u00f3n de convivencia entre sus habitantes y sus casi 600 esculturas emplazadas en su espacio p\u00fablico. La curiosa idea de &#8220;invadir con arte&#8221; a esta ciudad deviene de un grupo de personas que hicieron el El Fog\u00f3n de los Arrieros.<\/p>\n<p>Por otra parte, Resistencia es emblem\u00e1tica desde 1988, por la realizaci\u00f3n de la Bienal Internacional de Escultura gestionada por la Fundaci\u00f3n Urunday, evento que re\u00fane a m\u00e1s de 300.000 personas. Tambi\u00e9n podemos reconocer en el moderno edificio de la Casa de las Culturas una nueva usina creativa dada por su programaci\u00f3n y por los diferentes elencos estables.<\/p>\n<p>SOY chaque\u00f1o contempor\u00e1neo se presenta como la 3\u00aa edici\u00f3n de una propuesta que busca discutir las maneras de entender el arte. La primera edici\u00f3n: &#8220;SOY: Simultaneidades y Otras Yerbas&#8221; se tuvo el \u00e1nimo de destacar aquellos abordajes art\u00edsticos del noreste argentino (Chaco, Corrientes, Misiones y Formosa) y del paraguayo, que proporcionan ciertas nociones de localidad y pertenencia activadas no en forma cerrada, sino como dispositivo de lectura de lo socio-cultural y cotidiano bajo nociones de inserci\u00f3n de lo local en lo global y viceversa.<\/p>\n<p>En &#8220;SOY guarango sin glamour&#8221;, la segunda edici\u00f3n, se destac\u00f3 al guaran\u00ed como lengua recuperada y reconocida. Se busc\u00f3 potenciar las facultades del arte a trav\u00e9s de su capacidad generativa y multiforme de renovar y conformar contextos. Se propuso realizar un proyecto activador que fortaleciera l\u00edneas de manifestaci\u00f3n y conexi\u00f3n interzonal basadas en la experiencia del arte. Se plante\u00f3 la revalorizaci\u00f3n de lo propio dado por la convivencia y fusi\u00f3n de lo originario con lo contempor\u00e1neo Proponiendo el di\u00e1logo con y entre los integrantes de la regi\u00f3n del Gran Chaco (Chaco, Formosa, Tucum\u00e1n, Santiago del Estero, Salta, Santa Fe, Paraguay y Bolivia).<\/p>\n<p>En ambos &#8220;SOY&#8221;, partimos del lugar de repensar el concepto de frontera y de regi\u00f3n, no s\u00f3lo poniendo a Chaco como centro de la escena, como usina de producci\u00f3n y generador de itinerarios, sino tambi\u00e9n por fortalecer la comunicaci\u00f3n regional trazando as\u00ed nuevas l\u00edneas de trabajo con provincias y pa\u00edses cercanos.<\/p>\n<p>Adem\u00e1s de trabajar en la provincia, en Simultaneidades y Otras Yerbas profundizamos el trabajo con Paraguay y Corrientes. Nuestra posici\u00f3n fue el de anfitriones de los vecinos provinciales y de pa\u00edses fronterizos, para luego pasar a ser coproductores del programa\/exposici\u00f3n en Corrientes y en Asunci\u00f3n. Asumimos los desaf\u00edos de llevar la producci\u00f3n propia fuera del pa\u00eds y de recibirla del exterior (Paraguay y Bolivia). Buscamos integrar las artes visuales con otras artes potenciando as\u00ed las diferentes po\u00e9ticas locales.<\/p>\n<p>Ambas ediciones establecieron pautas de trabajo in\u00e9ditos para la producci\u00f3n y gesti\u00f3n local del arte con la organizaci\u00f3n de:<\/p>\n<ul>\n<li>viajes y residencias de los protagonistas para incentivar el reconocimiento territorial y cultural regional<\/li>\n<li>traslados que promovieron intercambios y nuevos emprendimientos<\/li>\n<li>talleres y foros<\/li>\n<li>producci\u00f3n editorial (web, libros, tr\u00edpticos, etc) y de obra (artes visuales, culinarias, musicales, performance)<\/li>\n<li>itinerancia nacional e internacional<\/li>\n<\/ul>\n<p>Con el SOY chaque\u00f1o y contempor\u00e1neo, la trilog\u00eda de SOY contin\u00faa siendo un espacio sensible de reflexi\u00f3n, encuentros, producci\u00f3n y exposici\u00f3n de obras, impulsado por la Casa de las Culturas de Chaco para conocernos mejor a nosotros mismos y para quien quiera conocernos, para generar un lugar propio de debate y pensamiento, para incentivar nuevas alianzas, para pensarnos y sentirnos geopol\u00edticamente como comunidad abriendo l\u00edneas de comunicaci\u00f3n al exterior.<\/p>\n<p>Colectivos participantes<\/p>\n<ul>\n<li>1. ISPEABA Santiago P\u00e9rtile<\/li>\n<li>2. Esto no es una Academia<\/li>\n<li>3. CE.CU.BA<\/li>\n<li>4. Manchando al tigre, Artistas en claustro<\/li>\n<li>5. Taller de Fotograf\u00eda Visto y Nuestro<\/li>\n<li>6. Eve Reyero y grupo de teatro<\/li>\n<li>7. Alternativo espacio de arte+dise\u00f1o<\/li>\n<li>8. Literatura Tropical<\/li>\n<li>9. Alejandra Mu\u00f1oz y Arturo Fabiani<\/li>\n<li>10. Medialab Chaco<\/li>\n<li>11. Sustentate che!<\/li>\n<\/ul>\n<p>Las actividades y talleres se realizan en Resistencia durante noviembre y diciembre de 2013.<\/p>\n","protected":false},"excerpt":{"rendered":"<p>SOY Chaque\u00f1o y Contempor\u00e1neo &#8211; 3\u00aa edici\u00f3n de una propuesta que busca discutir las maneras de entender el arte Por Patricia Hakim SOY chaque\u00f1o contempor\u00e1neo es una iniciativa de la Casa de las Culturas para fortalecer las producciones colectivas chaque\u00f1as desarrolladas en el campo de las artes visuales, culinarias, musicales, corporales, editoriales y de dise\u00f1o. [&hellip;]<\/p>\n","protected":false},"author":1,"featured_media":0,"comment_status":"open","ping_status":"open","sticky":false,"template":"","format":"standard","meta":{"footnotes":""},"categories":[14,4],"tags":[],"class_list":["post-17649","post","type-post","status-publish","format-standard","hentry","category-gesellschaft-sociedad","category-tipp-der-woche-recomendacion-de-la-semana"],"_links":{"self":[{"href":"https:\/\/kunstinargentinien.com\/index.php\/wp-json\/wp\/v2\/posts\/17649","targetHints":{"allow":["GET"]}}],"collection":[{"href":"https:\/\/kunstinargentinien.com\/index.php\/wp-json\/wp\/v2\/posts"}],"about":[{"href":"https:\/\/kunstinargentinien.com\/index.php\/wp-json\/wp\/v2\/types\/post"}],"author":[{"embeddable":true,"href":"https:\/\/kunstinargentinien.com\/index.php\/wp-json\/wp\/v2\/users\/1"}],"replies":[{"embeddable":true,"href":"https:\/\/kunstinargentinien.com\/index.php\/wp-json\/wp\/v2\/comments?post=17649"}],"version-history":[{"count":3,"href":"https:\/\/kunstinargentinien.com\/index.php\/wp-json\/wp\/v2\/posts\/17649\/revisions"}],"predecessor-version":[{"id":17653,"href":"https:\/\/kunstinargentinien.com\/index.php\/wp-json\/wp\/v2\/posts\/17649\/revisions\/17653"}],"wp:attachment":[{"href":"https:\/\/kunstinargentinien.com\/index.php\/wp-json\/wp\/v2\/media?parent=17649"}],"wp:term":[{"taxonomy":"category","embeddable":true,"href":"https:\/\/kunstinargentinien.com\/index.php\/wp-json\/wp\/v2\/categories?post=17649"},{"taxonomy":"post_tag","embeddable":true,"href":"https:\/\/kunstinargentinien.com\/index.php\/wp-json\/wp\/v2\/tags?post=17649"}],"curies":[{"name":"wp","href":"https:\/\/api.w.org\/{rel}","templated":true}]}}