{"id":177,"date":"2005-09-10T08:42:34","date_gmt":"2005-09-10T11:42:34","guid":{"rendered":"http:\/\/kunstinargentinien.com\/index.php\/2005\/09\/10\/kalender-agenda\/"},"modified":"2005-09-15T09:09:50","modified_gmt":"2005-09-15T12:09:50","slug":"kalender-agenda","status":"publish","type":"post","link":"https:\/\/kunstinargentinien.com\/index.php\/2005\/09\/10\/kalender-agenda\/","title":{"rendered":"Kalender \/ Agenda"},"content":{"rendered":"<p><a href=\"http:\/\/kunstinargentinien.com\/index.php\/2005\/09\/10\/agenda-kalender\/#more-179\">Click aqu\u00ed para leer la versi\u00f3n en castellano.<\/a><\/p>\n<p><strong>Ausstellungs-Kalender 10.09.05-17.09.05<\/strong><\/p>\n<p><em>Ausstellungszentren<\/em><\/p>\n<ul>\n<li>Centro Cultural Borges, Viamonte\/San Mart\u00edn (Mo-Sa 10-21, So 12-21 Uhr, Eintritt 3 Pesos, Studenten und Rentner 1,50 Pesos; Warhol: Eintritt 9 Pesos, Studenten und Rentner 5 Pesos, Kinder unter 12 Jahren 3 Pesos): Andy Warhol, graphisches Werk, Dokumente.  7.6.-2.10. \/ Adriana Fiterman, \u201eCorte\u201c, Gem\u00e4lde. 4.8.-28.9. \/ \u201eFantasmatic\u201c (9 chilenische K\u00fcnstler). Seit 1.9. \/ \u201eSenderos de la Libertad\u201c, Ausstellung \u00fcber Solidarnosc (Saal 31, 3. Stock). Seit 6.9. \/ Paula Rivero, \u201eEntre la luz y la sombra\u201c, Gem\u00e4lde (Saal 21). Kuratorin: Rosa Faccaro. 8.9.-2.10.<\/li>\n<p><!--more--><\/p>\n<li>Centro Cultural Recoleta, Jun\u00edn 1930 (Di-Fr 14-21, Sa, So und feiertags 10-21 Uhr, Eintritt 1 Peso): Gabriel Gr\u00fcn\/Lorena Guzman, \u201eMitolog\u00eda\u201c (Saal 10). 9.8.-11.9. \/ \u201e(ausencias-libros-complicidades)\u201c, Werke von Marga Steinwasser, Graciela Schifrin Lorenzano und Claudia Contreras anl\u00e4sslich des 11. Jahrestags des Bombenanschlags auf die AMIA (S\u00e4le 1 und 2). 11.8.-11.9. \/ Roberto Graziano, \u201eA las cinco de la tarde&#8230;\u201c (Saal 4). 12.8.-11.9. \/ Soledad Stagnaro, \u201eDibugramas\u201c (Espacio Historieta). Seit 18.8. \/ H\u00e9ctor Medici, \u201eop. cit.\u201c (Saal \u201eC\u201c). 23.8.-25.9. \/ \u201e\u00e1lbum\u201c, Werke von Ver\u00f3nica Sanes, Diego Haboba, Juan Lado. Kuratorin: Jimena Ferreiro Pella (Saal 9). 8.9.-2.10.\u00ad\u00ad<\/li>\n<li>MALBA, Av. Figueroa Alcorta 3415 (Do-Mo 12-20, Mi 12-21 Uhr, dienstags geschlossen, Eintritt 7 Pesos, Dozenten und Senioren \u00fcber 65 Jahre 3,50 Pesos, Rentner und Kinder unter 12 Jahre gratis, mittwochs Eintritt frei): \u201eAdquisiciones, donaciones y comodatos\u201c (30 neu erworbene Werke der Sammlung Costantini, u.a. von Dino Bruzzone, Elba Bairon, Flavia da Rin, Pablo Siquier und Horacio Coppola). 20.7.-12.9. \/ Frank Stella, \u201eSerie Moby Dick\u201c, 25 Graphiken 1991\/1997. Kurator: Ed Shaw. 9.9.-31.10. \/ \u201eContempor\u00e1neo 14\u201c: Robert Jacoby, \u201eDarkroom\u201c. 9.9.-10.10.<\/li>\n<li>Espacio Fundaci\u00f3n Telef\u00f3nica, Arenales 1540 (Mo-Fr 14-20.30 Uhr): Thomas K\u00f6ner (Deutschland), \u201eArrabales del vac\u00edo\u201c, Klang-Installation. Ab 15.9. \/ \u201eespacio real espacio imaginario\u201c, Fotos von Susanne Br\u00fcgger, Thomas Demand, Heidi Specker (Deutschland). Kuratorin: Ute Eskildsen. Ab 16.9.\u00ad<\/li>\n<li>Centro Cultural de Espa\u00f1a en Buenos Aires CCEBA, Florida 943 (Mo-Fr 10.30-20 Uhr): \u201eReplandia\u201c, Gemeinschaftsausstellung kuratiert von Miguel Rep (Hauptsaal) \/ Pablo Peisino, \u201eLa muerte como consejera\u201c, Installation (Microespacio 1) \/ Mirtha Dermisache, \u201eDispositivo Editorial 2. Lectura p\u00fablica\u201c (M2) \/ Rep, \u201eReplandia\u201c, Intervention (M3) \/ Juan Pamp\u00edn, \u201eTropos\u201c, Klang-Installation (M3). 14.9.-20.10.\u00ad<\/li>\n<li>Museo Eduardo S\u00edvori, Av. Infanta Isabel 555 (Di-Fr 12-18, Sa und So 10-18 Uhr): Osvaldo Jalil, \u201eHomenaje x 2\u201c. Bis 11.9. \/ \u201e47. Sal\u00f3n de Cer\u00e1mica\u201c. Ehrengast: Carmen Bongiorno. Bis 18.9. \/ Claudia Melo, \u201eYu Tarot\u201c, Digitalkunst. Bis 25.9. \/ Eduardo Iglesias Brickles, \u201eAcerca de las teor\u00edas conspirativas\u201c, Holzschnitt-Gem\u00e4lde. 17.9.-30.10. \/ Liliana Trotta, \u201eEvita&#8230; el mito contin\u00faa\u201c. 17.9.-16.10. \/ V\u00edctor L. Rebuffo, \u201eRetrospectiva 1903-1983\u201c. 24.9.-23.10. \/ Carlos Alonso, \u201eConmemoraci\u00f3n de los 400 a\u00f1os del Quijote\u201c. 24.9.-23.10.\u00ad<\/li>\n<li>San Mart\u00edn-Theater, Av. Corrientes 1530 (t\u00e4glich 11 Uhr bis Ende der letzten Theatervorstellung): Regina Schmeken (Deutschland), \u201eFotograf\u00edas 1989-2000\u201c. 6.9.-2.10. \/ \u201eLa m\u00e1scara\u201c, Werke von Carlos Furman, El\u00edas Mekler, Alejandra L\u00f3pez, Juan Travnik, Emilio Garc\u00eda Wehbi. 6.9.-16.10.\u00ad<\/li>\n<\/ul>\n<p><em>Sonstige Ausstellungen<\/em><\/p>\n<ul>\n<li>\u201eArte del Siglo XX\u201c: Sammlung des Museums Rufino Tamayo, Mexiko. Fundaci\u00f3n Proa, Av. Pedro de Mendoza 1929, La Boca. Di-So 12-19 Uhr. Eintritt 3 Pesos, Studenten 2 Pesos, Rentner 1 Peso. 7.7.-18.9.<\/li>\n<li>Carlos Carmona, Zeichnungen \/ Carlos Sarda, Gem\u00e4lde. Isabel Anchorena, Arenales 1239, Rue des Artisans, 4 \u201eH\u201c. Mo-Fr 11-19.30. Sa 11-13 Uhr. 28.7.-12.9.\u00ad<\/li>\n<p>\u00ad<\/p>\n<li>\u201eDesde la Ventana\u201c (Werke von Fabi\u00e1n Attila, Silvana Blasbalg, Cho Yong Hwa, Liliana Golubinsky, Graciela Ieger u.v.a.). Schweizerisch-Argentinische Handelskammer, Leandro N. Alem 1974, 10. Stock. Mo und Fr 9-17 Uhr. Tel.: 4311-7187. 2.8.-30.9.<\/li>\n<p>\u00ad<\/p>\n<li>\u201eTras las huellas del Ingenioso Hidalgo\u201c, argentinische K\u00fcnstler als Illustratoren des \u201eDon Quijote\u201c. Pabell\u00f3n de las Bellas Artes, UCA, Alicia Moreau de Justo 1300, Puerto Madero. Di-So 11-20 Uhr, montags geschlossen. Seit 10.8.\u00ad<\/li>\n<p>\u00ad<\/p>\n<li>Celina Gonz\u00e1lez Sueyro, Installationen \/ Paola Vega, Gem\u00e4lde. Belleza y Felicidad, Acu\u00f1a de Figueroa 900\/Guardia Vieja. Mo-Fr 11-20.30, Sa 11-14 Uhr. 13.8.-20.9.\u00ad<\/li>\n<p>\u00ad<\/p>\n<li>Osvaldo Decastelli, \u201eJuegos de artista\u201c. Galer\u00eda Decastelli, Chile 354, San Telmo. T\u00e4glich 10.30-18.30 Uhr. 15.8.-18.9.\u00ad<\/li>\n<p>\u00ad<\/p>\n<li>Carlos Alonso, \u201ePinturas 1976-1996\u201c. Casa de la Cultura del Fondo Nacional de las Artes, Rufino de Elizalde 2831. Di-So 15-19 Uhr. 16.8.-23.9.<\/li>\n<p>\u00ad<\/p>\n<li>Gabriela Francone (Video), Mart\u00edn Di Paola, Pablo Lozano, Agust\u00edn Soibelman, Gem\u00e4lde. Del Infinito, Quintana 325, PB. Mo-Fr 11-20 Uhr. 17.8.-15.9.<\/li>\n<p>\u00ad\u00ad<\/p>\n<li>V\u00edctor G. Fern\u00e1ndez, \u201eTerritorio de Cruces\u201c, Gem\u00e4lde. Centro Cultural de la Cooperaci\u00f3n, Av. Corrientes 1543. Tel.: 5077-8000. Mo-Sa 11-22, So 17-20.30 Uhr. 18.8.-21.9.\u00ad\u00ad<\/li>\n<li>Juan Bec\u00fa, Nahuel Vecino, Alejandro Bonzo, Gem\u00e4lde. Sara Garc\u00eda Uriburu, Uruguay 1223. Mo-Fr 11-13 und 16-20, Sa 11-13 Uhr. 24.8.-24.9.\u00ad<\/li>\n<li>Germ\u00e1n Carvajal, \u201eConstrucciones\u201c. Principium, Esmeralda 1357. Mo-Fr 11-20, Sa 11-13 Uhr. 24.8.-24.9.\u00ad\u00ad<\/li>\n<li>Luis Heriberto Montoya Ortiz, Gem\u00e4lde. Galer\u00eda El Socorro, Suipacha 1331. Mo-Fr 10.30-20.30, Sa 10.30-13 Uhr. 24.8.-12.9.\u00ad\u00ad<\/li>\n<li>\u201eam\u00e9rica y am\u00e9rica &#8211; conversaciones polares\u201c (uruguayische und kanadische K\u00fcnstler). Arte x Arte, Lavalleja 1062 (H\u00f6he C\u00f3rdoba 4200). Mo-Sa 13-19 Uhr. 25.8.-30.9.\u00ad\u00ad\u00ad<\/li>\n<li>\u201e15 x 15\u201c, 15 Fotografen, vorgestellt von 15 Kritikern: Tom\u00e1s Lerner (Eva Grinstein), Hern\u00e1n Reyes (Mercedes Casanegra), Guadalupe Miles (Rodrigo Alonso), Anabel Vanoni (Graciela Taquini), Bruno Stecconi (Corinne Sacca Abadi), Jorge Mi\u00f1o (Julio S\u00e1nchez), Os\u00edas Yanov (Valeria Gonz\u00e1lez), Luna Pavia (Alicia Arteaga), Fernando Brizuela (Ana Mart\u00ednez Quijano), Alejandro Schmidt (Manuel Neves), Edgardo Delfino (Rosa Mar\u00eda Ravera), Axel Indik (Albino Dieguez Videla), Miguel Mitlag (Adriana Rosenberg), Arturo Aguiar (Ana Mar\u00eda Battistozzi), Gustavo Groh (Victoria Verlichak). Praxis, Arenales 1311. Mo-Fr 10.30-20, Sa 10.30-14 Uhr. 26.8.-28.9.\u00ad\u00ad<\/li>\n<li>Susana Saravia, Gem\u00e4lde \/ Jorge Sarsale, Gem\u00e4lde. El Borde, Uriarte 1356. Mo-Sa 14-20 Uhr. 26.8.-23.9.\u00ad<\/li>\n<p>\u00ad<\/p>\n<li>Mario Sanzano, Gem\u00e4lde. Colecci\u00f3n Alvear de Zurbar\u00e1n, Av. Alvear 1658. Mo-Sa 10.30-21, So 11-20 Uhr. 29.8.-25.9.\u00ad<\/li>\n<li>\u201ePortu\u00f1ol\/Portunhol\u201c (Gemeinschaftsausstellung von 70 K\u00fcnstlern, u.a. Agust\u00edn Blanco, Mart\u00edn Bonadeo, Colecci\u00f3n Vereda Brasil, Silvina D\u2019Alessandro, Mart\u00edn Kovensky, Hilda Paz, Duda Teixeira, Daniel Trama, Florencia Walfisch. Kuratorinnen: Ivana Mart\u00ednez Vollaro und Karina Granieri). Fundaci\u00f3n Centro de Estudios Brasileiros FUNCEB, Esmeralda 956. 30.8.-27.9.\u00ad<\/li>\n<li>Elizabeth Peluffo, Tuschzeichnungen. Atica, Libertad 1240, P.B. \u201e9\u201c. Mo-Fr 11-13 und 15-20, Sa 11-13.30 Uhr. 30.8.-24.9.\u00ad\u00ad<\/li>\n<li>Ana Mar\u00eda Donato, \u201emar y r\u00edo\u201c, Gem\u00e4lde. Suipacha, Suipacha 1248. Mo-Fr 11-20, Sa 11-13 Uhr. 31.8.-17.9.\u00ad<\/li>\n<p>\u00ad<\/p>\n<li>Juan Jos\u00e9 Cambre, Gem\u00e4lde. Wussmann, Venezuela 570, San Telmo. 31.8.-29.10.<\/li>\n<li>Aldo Sessa, \u201eDetr\u00e1s de la trama\u201c, Fotos. Rubbers \u201eEspacio Alvear\u201c, Av. Alvear 1595. Mo-Fr 11-20, Sa 11-13.30 Uhr. 31.8.-30.9.\u00ad<\/li>\n<li>Diego Figueroa, \u201eTramando\u201c, Gem\u00e4lde. Consorcio de Arte de Buenos Aires, Uruguay 1371. Mo-Fr 11-20, Sa 11-14 Uhr. 31.8.-17.9.\u00ad<\/li>\n<li>Patricio Larrambebere\/Mart\u00edn P\u00e9rez Aguirre, \u201eEl franquero\u201c, Fotos. Kurator: Diego Perrotta. La Tribu, Lambar\u00e9 873. T\u00e4glich 12-22 Uhr. 1.9.-23.9.\u00ad<\/li>\n<li>\u201eR\u00e1pido y furioso II\u201c, Werke von Eduardo Costa, Marcelo Galindo, Cecilia Szalkowicz. Kurator: Leopoldo Estol. Alberto Sendr\u00f3s, Pasaje Tres Sargentos 359. 1.9.-13.9.\u00ad<\/li>\n<li>Sebasti\u00e1n Freire, \u201eSebastiano, m\u00e1rtir\u201c, Fotos. Espacio Ecl\u00e9ctico, Humberto Primo 730, San Telmo. Di-Fr 12-21, Sa und So 15-21 Uhr. 1.9.-2.10.\u00ad\u00ad<\/li>\n<li>Maggie Atienza Larsson, Victor Kaniuka, Juan Alberto Savasini, Gem\u00e4lde, Skulpturen, Wandgem\u00e4lde. Concejo Deliberante, Av. Maip\u00fa 2502, Olivos. Mo-Fr 9-17 Uhr. 1.9.-29.9.\u00ad\u00ad<\/li>\n<li>Edith Matzen Hirsch. Espacio de Arte \u201ePrilidiano Pueyrred\u00f3n\u201c, Las Heras 1749. Di-Fr 15-20 Uhr. 2.9.-30.9.\u00ad\u00ad<\/li>\n<li>\u201eTraffic\u201c, Werke von Andr\u00e9s Bancalari, Mariana Bernay, Tatiana Cagnolo, Luj\u00e1n Funes, Patricio Larrambebere, Eduardo Molinari, Carola Murua, Elisa O\u2019Farrell, Teresita Olhaberry, Diego Perrotta, Alejandro Somsachini, Laura Spivak. Centro de Arte Contempor\u00e1neo, C\u00f3rdoba. Seit 3.9.\u00ad<\/li\u00ad>\n\u00ad\u00ad<\/p>\n<li>Alberto Cedr\u00f3n, Gem\u00e4lde. Sylvia Vesco, San Mart\u00edn 522, 1. Stock \u201e4\u201c. Mo-Fr 11-20, Sa 11-13 Uhr. 5.9.-8.10.\u00ad\u00ad<\/li\u00ad>\n<li>Coronado\/Mon, \u201eTodo lo que brilla es oro\u201c, Fotos. Milion, Paran\u00e1 1048. Seit 6.9.\u00ad<\/li>\n<p>\u00ad<\/p>\n<li>Liliana Schlosberg, \u201eSoledad&#8230;un itinerario\u201c, Installationen. Karina Paradiso, Av. del Libertador 4700, PB \u201eA\u201c. Mo-Do 14-20, Fr 16-22, Sa 11-17 Uhr. 6.9.-20.9.\u00ad\u00ad<\/li>\n<p>\u00ad<\/p>\n<li>Marcos L\u00f3pez, Fotos (Hauptsaal) \/ Alicia Paz, Gem\u00e4lde (NuevoEspacio). Ruth Benzacar, Florida 1000. Mo-Fr 11.30-20, Sa 10.30-13.30 Uhr. 7.9.-8.10.\u00ad\u00ad<\/li>\n<li>Eduardo Iglesias Brickles, \u201eActitud\u201c, Holzschnittgem\u00e4lde und Acrylbilder. Kurator: Alberto El\u00eda. Fundaci\u00f3n Alberto El\u00eda\/Mario Robirosa, Azcu\u00e9naga 1739. Mo-Fr 11-20 Uhr. 7.9.-28.10.\u00ad<\/li>\n<p>\u00ad<\/p>\n<li>Roberto Graziano, \u201eFotos de artistas y C\u00eda.\u201c. 180 Grados Arte Contempor\u00e1neo, Filo, San Mart\u00edn 975. Mo-Fr 13-24, Sa 13-16 Uhr. 8.9.-28.10.\u00ad\u00ad<\/li>\n<li>Alberto Baston D\u00edaz, \u201eModelo para des-armar\u201c. Daniel Maman Fine Art, Av. del Libertador 2475. Mo-Fr 11-20, Sa 11-15 Uhr. 8.9.-8.10.\u00ad\u00ad<\/li>\n<li>Luis Altieri, Gem\u00e4lde. Isidro Miranda, Sucre 1723. Seit 8.9.\u00ad\u00ad<\/li>\n<p>\u00ad\u00ad<\/p>\n<li>\u201eEl S\u00fatil V\u00e9rtigo de la Imagen\u201c, Fotos und Videokunst, Werke von Caio Reisewitz, Brigida Baltar, Niura Bellavinha, Camila Sposati, Elaine Tedesco, Artur Lescher, Cao Guimaraes, Claudia Jaguaribe (Brasilien), Betsabe\u00e9 Romero, Gabriel Acevedo Velarde, Alex Hank (Mexiko), Mart\u00edn Sastre (Uruguay), Mauro Machado, Carlos Trilnick, Matilde Mar\u00edn, Silvia Rivas, Norberto Puzzolo, Rosal\u00eda Maguid, Sandro Pereira, Elisa Strada, Sebasti\u00e1n de Garay, Eduardo Arauz, Nuna Mangiante, Leonardo Antoniadis, Gustavo Lowry, Margarita Wilson Rae, Luj\u00e1n Castellani, Andrea Racciatti, Lila Siegrist (Argentinien). Kuratorin: Claudia Laudanno. Centro Cultural Parque de Espa\u00f1a de Rosario, Sarmiento\/R\u00edo Paran\u00e1, Rosario. Er\u00f6ffnung: 10.9., 19.30 Uhr. Bis 2.10.\u00ad<\/li>\n<p>\u00ad<\/p>\n<li>Liliana Golubinsky, Graciela Dietl, Luisa Gonz\u00e1lez, Gem\u00e4lde. Fundaci\u00f3n Mundo Nuevo, Av. Callao 1870, P.B. Er\u00f6ffnung: 12.9., 19 Uhr.\u00ad\u00ad<\/li>\n<li>\u201ePremio AAGA a las Artes Visuales\u201c. Fundaci\u00f3n Federico Jorge Klemm, Marcelo T. de Alvear 626. Mo-Fr 11-21, Sa 11-13 Uhr. 12.9.-23.9.\u00ad\u00ad<\/li>\n<li>Rosita Fumagalli, \u201eFiligranas\u201c, Gem\u00e4lde. Elsi del R\u00edo, Ar\u00e9valo 1748, Palermo Hollywood. Di-Fr 15-20, Sa 11-14 Uhr. Er\u00f6ffnung: 14.9., 19.30 Uhr. Bis 15.10.\u00ad<\/li>\n<\/ul>\n","protected":false},"excerpt":{"rendered":"<p>Click aqu\u00ed para leer la versi\u00f3n en castellano. Ausstellungs-Kalender 10.09.05-17.09.05 Ausstellungszentren Centro Cultural Borges, Viamonte\/San Mart\u00edn (Mo-Sa 10-21, So 12-21 Uhr, Eintritt 3 Pesos, Studenten und Rentner 1,50 Pesos; Warhol: Eintritt 9 Pesos, Studenten und Rentner 5 Pesos, Kinder unter 12 Jahren 3 Pesos): Andy Warhol, graphisches Werk, Dokumente. 7.6.-2.10. \/ Adriana Fiterman, \u201eCorte\u201c, Gem\u00e4lde. [&hellip;]<\/p>\n","protected":false},"author":1,"featured_media":0,"comment_status":"open","ping_status":"open","sticky":false,"template":"","format":"standard","meta":{"footnotes":""},"categories":[3],"tags":[],"class_list":["post-177","post","type-post","status-publish","format-standard","hentry","category-kalender-agenda"],"_links":{"self":[{"href":"https:\/\/kunstinargentinien.com\/index.php\/wp-json\/wp\/v2\/posts\/177","targetHints":{"allow":["GET"]}}],"collection":[{"href":"https:\/\/kunstinargentinien.com\/index.php\/wp-json\/wp\/v2\/posts"}],"about":[{"href":"https:\/\/kunstinargentinien.com\/index.php\/wp-json\/wp\/v2\/types\/post"}],"author":[{"embeddable":true,"href":"https:\/\/kunstinargentinien.com\/index.php\/wp-json\/wp\/v2\/users\/1"}],"replies":[{"embeddable":true,"href":"https:\/\/kunstinargentinien.com\/index.php\/wp-json\/wp\/v2\/comments?post=177"}],"version-history":[{"count":0,"href":"https:\/\/kunstinargentinien.com\/index.php\/wp-json\/wp\/v2\/posts\/177\/revisions"}],"wp:attachment":[{"href":"https:\/\/kunstinargentinien.com\/index.php\/wp-json\/wp\/v2\/media?parent=177"}],"wp:term":[{"taxonomy":"category","embeddable":true,"href":"https:\/\/kunstinargentinien.com\/index.php\/wp-json\/wp\/v2\/categories?post=177"},{"taxonomy":"post_tag","embeddable":true,"href":"https:\/\/kunstinargentinien.com\/index.php\/wp-json\/wp\/v2\/tags?post=177"}],"curies":[{"name":"wp","href":"https:\/\/api.w.org\/{rel}","templated":true}]}}