{"id":1770,"date":"2009-05-16T21:33:29","date_gmt":"2009-05-17T00:33:29","guid":{"rendered":"http:\/\/kunstinargentinien.com\/index.php\/2009\/05\/16\/agenda-kalender-162\/"},"modified":"2009-05-31T17:29:45","modified_gmt":"2009-05-31T20:29:45","slug":"agenda-kalender-162","status":"publish","type":"post","link":"https:\/\/kunstinargentinien.com\/index.php\/2009\/05\/16\/agenda-kalender-162\/","title":{"rendered":"Agenda \/ Kalender"},"content":{"rendered":"<p><a href=\"http:\/\/kunstinargentinien.com\/index.php\/2009\/05\/16\/kalender-agenda-167\/\">Klicken Sie hier, um die deutsche Version zu lesen.<\/a><\/p>\n<p><strong>Agenda de Muestras 16\/05\/09-23\/05\/09<\/strong><\/p>\n<div align=center><img decoding=\"async\" id=\"image1746\" src=\"http:\/\/kunstinargentinien.com\/wp-content\/uploads\/2009\/04\/Diana.jpg\" alt=\"Diana.jpg\" \/><br \/>\n<em>La muestra &#8220;Relatos de superficie&#8221; de Diana Dreyfus se podr\u00e1 ver hasta el 23 de mayo en <a href=\"http:\/\/www.vanriel.com.ar\/\">Galer\u00eda Van Riel<\/a>.<\/em><\/div>\n<p><em><strong>Centros de exposiciones<\/strong><\/em><\/p>\n<ul>\n<li><a href=\"http:\/\/www.malba.org.ar\/web\/\">MALBA<\/a> (Museo de Arte Latinoamericano de Buenos Aires), Av. Figueroa Alcorta 3415 (Jue-Lun y feriados 12-20 hs, martes cerrado, Mi\u00e9rcoles hasta 21 hs, entrada libre. Los otros d\u00edas: entrada 15 pesos, docentes y mayores de 65 a\u00f1os 7,50 pesos, estudiantes, menores de 12 a\u00f1os y discapacitados gratis): Manuel \u00c1lvarez Bravo, fotograf\u00edas. 40 fotos vintage de un pionero y maestro de la fotograf\u00eda contempor\u00e1nea en M\u00e9xico, perteneciente a la colecci\u00f3n de Fomento Cultural Banamex. 12.03.-25.05. \/ &#8220;Obras 1900-1960. Colecci\u00f3n pict\u00f3rica del Banco Nacional de M\u00e9xico (Banamex)&#8221;. 12.03.-25.05. \/ &#8220;Intervenci\u00f3n 6&#8221;: Pablo Reinoso, &#8220;Enredamaderas&#8221;. Hasta noviembre 2009. \/ Luis F. Benedit, &#8220;Equinus Equestris&#8221;. 14.05.-27.07.<\/li>\n<li><a href=\"http:\/\/centroculturalrecoleta.org\/ccr-sp\/\">Centro Cultural Recoleta<\/a>, Jun\u00edn 1930 (Lun-Vie 14-21, Sab, Dom y feriados 10-21 hs): Guadalupe, &#8220;Tiempo&#8221;. Sala 5. 17.04.-25.05. \/ Claudia Aranovich, &#8220;Zona de luz&#8221;. Curadora: Patricia Rizzo. Sala 4. 17.04.-25.05. \/ &#8220;Retratos &#8211; un film de Daniel B\u00f6hm&#8221;. Sala 9. 21.04.-25.05. \/ &#8220;M\u00e1quina de Arte&#8221;, retrospectiva 2001-2009. Salas 1 y 2. 23.04.-25.05. \/ Patricia Altmark, pinturas. Sala 11. 28.04.-25.05. \/ Luis Tomasello, muestra antol\u00f3gica 1942-2002. M\u00e1s de setenta obras abstractas, colecci\u00f3n del MACLA (Museo de Arte Contempor\u00e1neo Latinoamericano de La Plata). Curador: Jorge Taverna Irigoyen. Sala Cronopios. 30.04.-31.05. \/ &#8220;Correspondencias Visuales: Marcelo Brodsky, Manel Esclusa, C\u00e1ssio Vasconcellos, Pablo Ortiz Monasterio, Martin Parr, Horst Hoheisel&#8221;. Curadora: Valeria Gonz\u00e1lez. Sala C. 15.05.-07.06.<\/li>\n<li><a href=\"http:\/\/www.mnba.org.ar\/\">Museo Nacional de Bellas Artes<\/a> (MNBA), Av. del Libertador 1473 (Mar-Vie 12.30-19.30, Sab y Dom 9.30-19.30 hs; entrada libre): &#8220;Arte originario: diversidad y memoria&#8221;. PB, Pabell\u00f3n. Desde 05.05.<\/li>\n<p><!--more--><\/p>\n<li>Pabell\u00f3n 4, Uriarte 1332 (Lun-Sab 16-20 hs): Jorge Opazo, Catalina Schliebener, M\u00f3nica Potenza, Esteban Rivero, &#8220;SWINGER&#8221;, pinturas y t\u00e9cnicas mixtas. Curadora: Fabiana Barreda. Sala Proyecto Cubo. Hasta 23.05. \/ Emiliano Serra, &#8220;El mundo en un cent\u00edmetro&#8221;, pinturas. Sala I. 05.05.-23.05. \/ Mart\u00edn Castillo Morales (Venezuela), &#8220;Dise\u00f1o interior&#8221;, fotograf\u00edas. Sala II. 05.05.-23.05.<\/li>\n<li><a href=\"http:\/\/www.cceba.org.ar\/tapa\/tapa.pl\">Centro Cultural de Espa\u00f1a en Buenos Aires (CCEBA)<\/a>, Florida 943: Leticia El Halli Obeid, Ver\u00f3nica G\u00f3mez, Mariana Robles, Marisa Rubio, &#8220;Investigaci\u00f3n \/ Infraestructura&#8221;. \/ Pablo Accinelli y Leandro Tartaglia, &#8220;Actividad de Uso&#8221;. Curador: Claudio Iglesias. Sala Principal. Actividades y encuentros con los artistas: 19.05., 18 hs: Proyecci\u00f3n de &#8220;B&#8221; de Leticia el Halli Obeid. Presentan: la artista y Victoria Sacco. La proyecci\u00f3n se repite el 2 y 16 de junio. 26.05., 18 hs: Conformaci\u00f3n de archivos y estructuras de datos. Charla con Mariana Robles y Marisa Rubio. 09.06., 18 hs: Actividad de uso, preguntas y respuestas. Reuni\u00f3n participativa. Coordina: Pablo Accinelli y Leandro Tartaglia. 23.06, 18 hs: Videoterapia. A cargo de Leticia El Halli Obeid y Claudio Iglesias. \/ Claudia Mart\u00ednez, &#8220;Per-fils&#8221;, intervenci\u00f3n en vidriera. Microespacio M1. \/ LeeSunDraw Aguilera y Cecilia QuiM, &#8220;ARTooNS for Sale&#8221;, intervenci\u00f3n en vitrina. Microespacio M2. \/ Mart\u00edn Leg\u00f3n, &#8220;\u00bfC\u00f3mo ser\u00e1 la muerte? \u00bfVer un tigre de hierro que te salta encima y no creer que te pueda tocar?&#8221;, intervenci\u00f3n en ba\u00f1os. Microespacio M3. \/ Fernando Sucari, &#8220;Perfil de los visitantes \u2013 After Hans Haacke&#8221;, intervenci\u00f3n en pared. Microespacio M4. \/ Ruth Viegener, &#8220;6 coma y algo&#8221;, videoarte. Punto de Encuentro. 28.04.-26.06.<\/li>\n<li><a href=\"http:\/\/www.palaisdeglace.org\/\">Palais de Glace<\/a>, Posadas 1725 (Mar-Vie 12-20, Sab y Dom 10-20 hs; entrada libre): Robert Scafidi, retrospectiva 1994\u20132009. \/ &#8220;Laberinto de Miradas&#8221;, colectivos fotogr\u00e1ficos en Iberoam\u00e9rica. \/ Gonzalo Oxenford, fotograf\u00edas 2001\u20132008. \/ &#8220;Proyecto Circular&#8221;, 20 j\u00f3venes artistas en circuito. \/ Leila Tschopp, &#8220;A\u00fan cuando yo quisiera crear&#8221;. 30.04.-25.05.<\/li>\n<li>EspacioFotogr\u00e1fico del Teatro de la Ribera, Av. Pedro de Mendoza 1821, La Boca (Lun 10-17, Mar-Dom a partir de las 10 hs hasta la finalizaci\u00f3n de las actividades en el teatro): Pablo Cuarterolo, &#8220;Amen&#8221;, ensayo fotogr\u00e1fico. 04.04.-fines de mayo.<\/li>\n<\/ul>\n<p><em><strong>Otras exposiciones<\/strong><\/em><\/p>\n<ul>\n<li>Francisco Ruiz de Infante (Espa\u00f1a), &#8220;BlueSky &#8211; Laboratorio de Laboratorios&#8221;. Curadora invitada: Nekane Aramburu. Espacio Fundaci\u00f3n Telef\u00f3nica, Arenales 1540. Mar-Dom 14-20.30 hs. 27.03.-14.06.<\/li>\n<li>&#8220;BlueSky &#8211; Taller de Re: Presentaciones&#8221;. CCEBA, Paran\u00e1 1159. Lun-Vie 10.30-20, Sab 10.30-14 hs. 27.03.-14.06.<\/li>\n<li>Ernesto Bertani, retrospectiva. <a href=\"http:\/\/www.zurbarangaleria.com.ar\/\">Zurbar\u00e1n Pilar<\/a>, Sheraton Pilar, Ruta Panamericana km 49,5, Pilar. Todos los d\u00edas 10-20 hs. 28.03.-16.05.<\/li>\n<li>Gabriel Gr\u00fcn, pinturas 2008\/2009. Wussmann, Venezuela 570. Lun-Vie 12-20 hs. 31,03,-fines de mayo.<\/li>\n<li>Ana Amor, esculturas. Universidad del CEMA (UCEMA), Reconquista 775. Lun-Vie 14-19 hs. 01.04.-29.05.<\/li>\n<li>Le\u00f3nidas Gambartes, &#8220;Pensar desde Am\u00e9rica&#8221;. Fondo Nacional de las Artes (FNA), Rufino de Elizalde 2831. 16.04.-17.05.<\/li>\n<li>Margarita Kusnetzoff, pinturas. Curadores: Juan Astica y Ediardo Stup\u00eda. <a href=\"http:\/\/www.empatia-arte.com\/\">Empat\u00eda<\/a>, Carlos Pellegrini 1255. Lun-Vie 11-20, Sab 10-13 hs. 21.04.-23.05.<\/li>\n<li>Diana Dreyfus, &#8220;Relatos de superficie&#8221;. <a href=\"http:\/\/www.vanriel.com.ar\/\">Galer\u00eda Van Riel<\/a>, Juncal 790, PB. Lun-Vie 15-20, Sab 11-13 hs. 22.04.-23.05.<\/li>\n<li>Graciela Dietl, &#8220;Un viaje por el bosque&#8221;, pinturas. Bohnenkamp &#038; Revale, Maip\u00fa 979\/981. Lun-Vie 10-19.30, Sab 10-17 hs. 23.04.-29.05.<\/li>\n<li>&#8220;II. Bienal de Arte Contempor\u00e1neo del Fin del Mundo &#8211; Intemperie&#8221;. Curadores: Alfons Hug y Fernando Farina. Ciudad de Ushuaia, Tierra del Fuego. 23.04.-25.05. Infos <a href=\"http:\/\/www.bienalfindelmundo.org\/\"><em>aqu\u00ed<\/em><\/a>.<\/li>\n<li>Eduardo Gil, &#8220;Marcas&#8221;, fotograf\u00edas. <a href=\"http:\/\/www.vvvgallery.com\/\">VVVgallery<\/a>, Aguirre 1153, 2\u00ba A, entre Darwin y Av. Juan B. Justo, Villa Crespo. Mie-Vie 16-20, Sab 15.30-18.30 hs. 23.04.-30.05.<\/li>\n<li>Gyula Kosice, obras recientes. <a href=\"http:\/\/www.zurbarangaleria.com.ar\/\">Zurbar\u00e1n<\/a>, Cerrito 1522. Lun-Vie 11-21, Sab 10-13 hs. 27.04.-30.05.<\/li>\n<li>Carlos Alonso, retratos, y Carlos De la Mota, dibujos y esculturas. Curador: Alberto Giudici. <a href=\"http:\/\/www.mat.gov.ar\/\">Museo de Arte Tigre (MAT)<\/a>, Paseo Victorica 972, Tigre. Mie-Vie 9-19, Sab y Dom 12-19 hs. 28.04.-31.05.<\/li>\n<li>&#8220;(estados de la materia)&#8221;, obras de Grippo, Bair\u00f3n, Battistelli, Harte, Pastorini. Curadora: Mercedes Casanegra. <a href=\"http:\/\/www.fundacionfjklemm.org\/\">Fundaci\u00f3n Federico Jorge Klemm<\/a>, Marcelo T. de Alvear 626. Lun-Vie 11-20 hs. Desde 28.04.<\/li>\n<li><a href=\"http:\/\/espaciolautarodores.blogspot.com\/2009\/04\/invitacion_02.html\">Lautaro Dores<\/a>, &#8220;Aleph&#8221;. Manzana de las Luces, Per\u00fa 294. Desde 28.04.<\/li>\n<li>Marcia Schvartz, &#8220;Fondo&#8221;. <a href=\"http:\/\/www.rubbers.com.ar\/\">Galer\u00eda Rubbers Internacional<\/a>, Av. Alvear 1595. Lun-Vie 11-20, Sab 11-13.30 hs. 30.04.-29.05.<\/li>\n<li>Alfredo Lazzari (1871-1949), obras in\u00e9ditas. <a href=\"http:\/\/www.zurbarangaleria.com.ar\/\">Colecci\u00f3n Alvear de Zurbar\u00e1n<\/a>, Av. Alvear 1658. Lun-Vie 10.30-21, Sab 10.30-13 hs. 04.05.-30.05.<\/li>\n<li>Sabrina Mezzaqui (Italia), &#8220;Equipaje de mano&#8221;. <a href=\"http:\/\/www.ccmoca.com.ar\/ccmoca.php\">Centro Cultural MOCA<\/a>, Montes de Oca 169. Mie-Dom 15-21 hs. Entrada libre y gratuita. 05.05.-28.06.<\/li>\n<li>Clara Urquijo, &#8220;Mirasol&#8221;. Atica Galer\u00eda de Arte, Libertad 1240, PB 9. Lun-Vie 11-13 y 15-20, Sab 11-13.30 hs. 05.05.-30.05.<\/li>\n<li>Isabel Picasso, &#8220;Luz oculta&#8221;, pinturas backlight. <a href=\"http:\/\/www.isidromiranda.com.ar\">Galer\u00eda Isidro Miranda<\/a>, Estados Unidos 726, San Telmo. Mar-Sab 12-19 hs. 05.05.-26.05.<\/li>\n<li>Alejandro Musich, &#8220;Bosque&#8221;, pinturas. Centro Cultural San Mart\u00edn, Sarmiento 1551, Sala 2. 06.05.-30.05.<\/li>\n<li>Miguel Angel Giovanetti, &#8220;Inside&#8221;, pinturas 2008\/2009. <a href=\"http:\/\/www.roart.com.ar\/\">RO Galer\u00eda de Arte<\/a>, Paran\u00e1 1158. Lun-Vie 11-20 hs. 07.05.-05.06.<\/li>\n<li>Mariano Lucano, &#8220;Pena de Muerte&#8221;, collages. Museo de Arte Contempor\u00e1neo de Rosario (MACRO), Bv. Oro\u00f1o y el R\u00edo, Rosario. 07.05.-29.06.<\/li>\n<li>&#8220;MAJO 2009&#8221;, muestra de arte joven. <a href=\"http:\/\/www.fund-romuloraggio.org.ar\/\">Fundaci\u00f3n R\u00f3mulo Raggio<\/a>, Gaspar Campos 861. Vicente L\u00f3pez. Lun-Vie 13-17 hs. 08.05.-26.05.<\/li>\n<li>Carlos Isa\u00edas Bendersky, &#8220;X amoralarte&#8221;. Bohnenkamp &#038; Revale Art Gallery, Maip\u00fa 979\/981. Lun-Vie 10-19, Sab 10-17 hs. 12.05.-27.05.<\/li>\n<li>Liliana Porter, &#8220;Matin\u00e9&#8221;. <a href=\"http:\/\/www.ruthbenzacar.com\/\">Ruth Benzacar<\/a>, Florida 1000. Lun-Vie 11.30-20 hs. 13.05.-19.06.<\/li>\n<li>Tom\u00e1s Otero, &#8220;\u00cdconos de un lenguaje&#8221;. Hotel Bel Air, Arenales 1462. 14.05.-14.06.<\/li>\n<li>Alejandro Puente, &#8220;Un recorrido por su obra&#8221;, acr\u00edlicos, dibujos, arte plumario y obras sobre corcho, aglomerado y otros soportes. Curador: Oscar Moreno. Museo de la Universidad Nacional de Tres de Febrero (MUNTREF), Valent\u00edn G\u00f3mez 4828, Caseros (frente a estaci\u00f3n). Lun-Sab 11-20 hs. Visitas guiadas: Sab 15.30 hs. 14.05.-11.07.<\/li>\n<li>&#8220;Planet\u00edcola&#8221;, instalaciones, pinturas y fotos de Emiliano L\u00f3pez, Nat oliva, Silvina D&#8217;Alessandro. <a href=\"http:\/\/www.mapaliquido.com.ar\/sitio\/index.php\">Mapa L\u00edquido<\/a>, Las Casas 4100, Boedo. Vie y Sab 18-22 hs. 15.05.-20.06.<\/li>\n<li>Carlos Regazzoni, &#8220;Vol de Nuit&#8221;. <a href=\"http:\/\/www.ccborges.org.ar\/\">Centro Cultural Borges<\/a>, Viamonte\/San Mart\u00edn. Lun-Sab 10-21, Dom 12-21 hs. Entrada 8 pesos, jubilados y estudiantes 5 pesos. Inauguraci\u00f3n: 20.05., 19 hs.<\/li>\n<li><a href=\"http:\/\/www.arteba.org\/\">18. arteBA&#8217;09<\/a>. La Rural, Pabellones Azul y Verde, Av. Sarmiento 2704. Todos los d\u00edas 13-22 hs. Entrada 25 pesos, estudiantes y jubilados 15 pesos. 22.05.-26.05.<\/li>\n<\/ul>\n","protected":false},"excerpt":{"rendered":"<p>Klicken Sie hier, um die deutsche Version zu lesen. Agenda de Muestras 16\/05\/09-23\/05\/09 La muestra &#8220;Relatos de superficie&#8221; de Diana Dreyfus se podr\u00e1 ver hasta el 23 de mayo en Galer\u00eda Van Riel. Centros de exposiciones MALBA (Museo de Arte Latinoamericano de Buenos Aires), Av. Figueroa Alcorta 3415 (Jue-Lun y feriados 12-20 hs, martes cerrado, [&hellip;]<\/p>\n","protected":false},"author":1,"featured_media":0,"comment_status":"open","ping_status":"open","sticky":false,"template":"","format":"standard","meta":{"footnotes":""},"categories":[3],"tags":[],"class_list":["post-1770","post","type-post","status-publish","format-standard","hentry","category-kalender-agenda"],"_links":{"self":[{"href":"https:\/\/kunstinargentinien.com\/index.php\/wp-json\/wp\/v2\/posts\/1770","targetHints":{"allow":["GET"]}}],"collection":[{"href":"https:\/\/kunstinargentinien.com\/index.php\/wp-json\/wp\/v2\/posts"}],"about":[{"href":"https:\/\/kunstinargentinien.com\/index.php\/wp-json\/wp\/v2\/types\/post"}],"author":[{"embeddable":true,"href":"https:\/\/kunstinargentinien.com\/index.php\/wp-json\/wp\/v2\/users\/1"}],"replies":[{"embeddable":true,"href":"https:\/\/kunstinargentinien.com\/index.php\/wp-json\/wp\/v2\/comments?post=1770"}],"version-history":[{"count":0,"href":"https:\/\/kunstinargentinien.com\/index.php\/wp-json\/wp\/v2\/posts\/1770\/revisions"}],"wp:attachment":[{"href":"https:\/\/kunstinargentinien.com\/index.php\/wp-json\/wp\/v2\/media?parent=1770"}],"wp:term":[{"taxonomy":"category","embeddable":true,"href":"https:\/\/kunstinargentinien.com\/index.php\/wp-json\/wp\/v2\/categories?post=1770"},{"taxonomy":"post_tag","embeddable":true,"href":"https:\/\/kunstinargentinien.com\/index.php\/wp-json\/wp\/v2\/tags?post=1770"}],"curies":[{"name":"wp","href":"https:\/\/api.w.org\/{rel}","templated":true}]}}