{"id":17844,"date":"2013-12-21T13:24:59","date_gmt":"2013-12-21T16:24:59","guid":{"rendered":"http:\/\/kunstinargentinien.com\/?p=17844"},"modified":"2014-01-12T16:34:43","modified_gmt":"2014-01-12T19:34:43","slug":"kalender-agenda-406","status":"publish","type":"post","link":"https:\/\/kunstinargentinien.com\/index.php\/2013\/12\/21\/kalender-agenda-406\/","title":{"rendered":"Kalender \/ Agenda"},"content":{"rendered":"<p><a href=\"http:\/\/kunstinargentinien.com\/index.php\/2013\/12\/21\/agenda-kalender-395\/\">Click aqu\u00ed\u00ad para leer la versi\u00f3n en castellano.<\/a><\/p>\n<p><strong>Ausstellungskalender 21\/12\/2013-28\/12\/2013<\/p>\n<p><em>Von Susanne Franz<\/em><\/strong><\/p>\n<p><a href=\"http:\/\/kunstinargentinien.com\/wp-content\/uploads\/2013\/12\/denegri.jpg\"><img loading=\"lazy\" decoding=\"async\" src=\"http:\/\/kunstinargentinien.com\/wp-content\/uploads\/2013\/12\/denegri.jpg\" alt=\"denegri\" width=\"500\" height=\"333\" class=\"aligncenter size-full wp-image-17848\" srcset=\"https:\/\/kunstinargentinien.com\/wp-content\/uploads\/2013\/12\/denegri.jpg 500w, https:\/\/kunstinargentinien.com\/wp-content\/uploads\/2013\/12\/denegri-300x199.jpg 300w\" sizes=\"auto, (max-width: 500px) 100vw, 500px\" \/><\/a><br \/>\nDer <a href=\"http:\/\/www.artefundacionosde.com.ar\/BO\/home.asp\">Espacio de Arte &#8211; Fundaci\u00f3n Osde<\/a> (Suipacha 658, 1. Stock, Buenos Aires) hat mitgeteilt, dass er wegen der kommenden Feiertage am 24., 25. und 31. Dezember sowie am 1. Januar geschlossen hat. Die von Jorge La Ferla kuratierte Ausstellung &#8220;Cine de Exposici\u00f3n&#8221; &#8211; filmische Installationen von Andr\u00e9s Denegri (Foto) &#8211; kann man bis zum 11. Januar bei freiem Eintritt besuchen.<\/p>\n<p>Wir empfehlen, sich vor dem Besuch von Museen, Kulturzentren oder Kunstgalerien an den Feiertagen zu vergewissern, ob es besondere \u00d6ffnungszeiten gibt oder ob die jeweiligen Kunsttempel geschlossen haben.<\/p>\n<p>Die Ausstellungen der Woche:<!--more--><\/p>\n<p><strong><em>Ausstellungszentren<\/em><\/strong><\/p>\n<ul>\n<li><a href=\"http:\/\/www.proa.org\/esp\/\">Fundaci\u00f3n Proa<\/a>, Pedro de Mendoza 1929, La Boca, Buenos Aires (Di-So 11-19 Uhr, montags geschlossen. Es empfiehlt sich, nachzufragen, ob es an den Feiertagen besondere \u00d6ffnungszeiten gibt oder ob geschlossen ist. Eintritt 15 Pesos, Rentner 10 Pesos, Studenten 5 Pesos; dienstags gratis f\u00fcr Studenten): Ron Mueck (Australien), Skulpturen. 16.11.-23.2.2014.<\/li>\n<li><a href=\"http:\/\/www.malba.org.ar\/web\/\">Malba<\/a> (Museo de Arte Latinoamericano de Buenos Aires), Av. Figueroa Alcorta 3415, Buenos Aires (Do-Mo und feiertags 12-20, Mi bis 21 Uhr, dienstags geschlossen. Es empfiehlt sich, nachzufragen, ob es an den Feiertagen besondere \u00d6ffnungszeiten gibt oder ob geschlossen ist. Eintritt 40 Pesos; Studenten, Lehrer, Rentner oder \u00fcber 65-J\u00e4hrige mit g\u00fcltigem Ausweis 20 Pesos. Behinderte: gratis; Kinder unter 5: gratis. Mi: Eintritt 20 Pesos; Studenten, Lehrer und Rentner mit g\u00fcltigem Ausweis: gratis. Behinderte: gratis): Liliana Porter, &#8220;El hombre con el hacha y otras situaciones breves&#8221;, Site-specific-Installation. Saal 3 (1. Stock). 12.9.-24.2.2014. \/ &#8220;Encuentros &#8211; Tensiones&#8221; (Begegnungen &#8211; Spannungen), neuer Rundgang durch die moderne lateinamerikanische Kunst anhand von \u00fcber 100 Werken aus dem Museumsschatz und einigen Leihgaben. Saal 5 (2. Stock). 17.10.-10.2.2014. \/ Elba Bairon, Installation\/Skulpturen, die die K\u00fcnstlerin extra f\u00fcr den Raum des Museums schuf, in dem der Zyklus &#8220;Contempor\u00e1neo&#8221; (Zeitgen\u00f6ssisch) stattfindet. Bairons Ausstellung ist bereits die 30. in diesem Zyklus. Saal 1 (Erdgeschoss). 17.10.-10.3.2014.<\/li>\n<li><a href=\"http:\/\/www.centroculturalrecoleta.org\/nuevositio\/\">Centro Cultural Recoleta<\/a>, Jun\u00edn 1930, Buenos Aires (Di-Fr 13-20, Sa, So und feiertags 11-20 Uhr, montags geschlossen. Es empfiehlt sich, nachzufragen, ob es an den Feiertagen besondere \u00d6ffnungszeiten gibt oder ob geschlossen ist): XIV Concurso Fotogr\u00e1fico &#8220;Gente de mi Ciudad&#8221; (14. Fotografie-Wettbewerb &#8220;Menschen meiner Stadt&#8221;), die ausgezeichneten und ausgew\u00e4hlten Werke dieses Jahres und die Gewinnerwerke der vergangenen Jahre. S\u00e4le 1 und 2. 27.11.-23.2.2014.<\/li>\n<li>Museo de Artes Pl\u00e1sticas Eduardo S\u00edvori, Av. Infanta Isabel 555, gegen\u00fcber der Br\u00fccke zum Rosengarten im Palermo-Park, Buenos Aires (Di-Fr 12-20, Sa, So und feiertags 10-20 Uhr. Es empfiehlt sich, nachzufragen, ob es an den Feiertagen besondere \u00d6ffnungszeiten gibt oder ob geschlossen ist. Eintritt: 5 Pesos, Mi und Sa gratis): Marcelo Mayorga, Zeichnungen und Gem\u00e4lde. 23.11.-23.2.2014.<\/li>\n<li><a href=\"http:\/\/www.ccborges.org.ar\/\">Centro Cultural Borges<\/a>, Viamonte 525, Buenos Aires (Mo-Sa 10-21, So 12-21 Uhr. Es empfiehlt sich, nachzufragen, ob es an den Feiertagen besondere \u00d6ffnungszeiten gibt oder ob geschlossen ist. Eintritt: 40 Pesos, Rentner und Studenten: 30 Pesos): &#8220;Las Misiones Jesu\u00edticas de la Regi\u00f3n Guaran\u00edtica. Una Experiencia Cultural y Social Americana&#8221; (Die Jesuitenmissionen im Guaran\u00ed-Gebiet. Eine kulturelle und soziale Erfahrung f\u00fcr Lateinamerika). Vom &#8220;Centro de Documentaci\u00f3n de Arquitectura Latinoamericana&#8221; (CEDODAL, Dokumentationszentrum f\u00fcr lateinamerikanische Architektur) organisierte Ausstellung. 5.12.-12.1.2014. \/ &#8220;Stones 50&#8221;, 100 Fotografien der Rolling Stones aus den 60er Jahren, aufgenommen vom legend\u00e4ren britischen Fotografen Michael Cooper (1941\u20131973). Saal 21. 13.12.-9.3.2014.<\/li>\n<li><a href=\"http:\/\/www.museocaraffa.org.ar\/\">Museo Emilio Caraffa (MEC)<\/a>, Av. Poeta Lugones 411, C\u00f3rdoba, Argentinien (Di-So und feiertags 10-20 Uhr. Im Januar: Di-So 9-14 Uhr. 25.12. und 1.1. geschlossen. Eintritt: 10 Pesos; Studenten, Rentner und Kinder unter 12: gratis; Mi: gratis): &#8220;Relatos latinoamericanos: Obras de Malba &#8211; Fundaci\u00f3n Costantini&#8221; (Lateinamerikanische Geschichten: Werke aus der Sammlung Malba &#8211; Fundaci\u00f3n Costantini), 53 Werke von Pedro Figari, Antonio Berni, Joaqu\u00edn Torres-Garc\u00eda, Xul Solar, Emilio Pettoruti, H\u00e9lio Oiticica, Alfredo Guttero, Juan Batlle Planas, Emiliano Di Calvacanti, Le\u00f3n Ferrari, Oscar Bony, Guillermo Kuitca, u.a. S\u00e4le 1 und 3. 12.12.-6.3.2014. \/ Pat Andrea, &#8220;Alicia&#8221;, Zeichnungen. Saal 2. 12.12.-6.3.2014. \/ Noel de C\u00e1ndido, &#8220;Error de sistema \/ Hartificial&#8221;, Objekt. Saal 4. 12.12.-6.3.2014. \/ &#8220;Premio Fundaci\u00f3n Andreani 2013-2014&#8221;. S\u00e4le 5, 6 und 7. 12.12.-6.3.2014. \/ Oscar Gubiani, &#8220;Paisajes inasibles&#8221;, Gem\u00e4lde\/Grafiken. S\u00e4le 8 und 9. 12.12.-6.3.2014.<\/li>\n<\/ul>\n<p><em><strong>Weitere Ausstellungen<\/strong><\/em><\/p>\n<ul>\n<li><a href=\"http:\/\/kunstinargentinien.com\/index.php\/2012\/10\/06\/ein-historisches-haus-voller-geschichten\/\">&#8220;Hab\u00eda una vez&#8230;, mu\u00f1ecas y juguetes 1870\u20131940. Colecci\u00f3n de Mabel y Mar\u00eda Castellano Fotheringham&#8221; (Es war einmal&#8230;, Puppen und Spielzeug aus den Jahren 1870 bis 1940. Sammlung Mabel und Mar\u00eda Castellano Fotheringham)<\/a>. <a href=\"http:\/\/agendacultural.buenosaires.gob.ar\/evento\/munecas-antiguas-en-la-casa-fernandez-blanco\/5094\">Casa Fern\u00e1ndez Blanco<\/a>, Hip\u00f3lito Yrigoyen 1420, Buenos Aires. Di-Fr 12-18, Sa und So 11-17 Uhr. feiertags geschlossen. Es empfiehlt sich, nachzufragen, ob es an den Feiertagen besondere \u00d6ffnungszeiten gibt oder ob geschlossen ist. Eintritt 1 Peso. <a href=\"http:\/\/www.youtube.com\/watch?v=3WVqkTMT24g\">Siehe Videoclip &#8220;Mu\u00f1ecas&#8221;<\/a>. Seit 14.7.2012.<\/li>\n<li>Luis F. Benedit, &#8220;Genealog\u00edas del campo argentino&#8221;, Retrospektive. Kurator: Rodrigo Alonso. Museum &#8220;Colecci\u00f3n de Arte Amalia Lacroze de Fortabat&#8221;, Olga Cossettini 141, Puerto Madero, Buenos Aires. Di-So 12-20 Uhr, montags geschlossen. Es empfiehlt sich, nachzufragen, ob es an den Feiertagen besondere \u00d6ffnungszeiten gibt oder ob geschlossen ist. Eintritt 35 Pesos, f\u00fcr Kinder unter 12, Rentner, Studenten und Lehrer 20 Pesos. Mittwochs Eintritt frei f\u00fcr Rentner, Studenten und Lehrer und 20 Pesos f\u00fcr andere Besucher. 22.10.-12.1.2014.<\/li>\n<li>&#8220;Cine de Exposici\u00f3n&#8221;, filmische Installationen von Andr\u00e9s Denegri. Kurator: Jorge La Ferla. <a href=\"http:\/\/www.artefundacionosde.com.ar\/BO\/home.asp\">Espacio de Arte &#8211; Fundaci\u00f3n Osde<\/a>, Suipacha 658, 1. Stock, Buenos Aires. Mo-Sa 12-20 Uhr. So und feiertags geschlossen. Am 24.12., 25.12., 31.12. und 1.1. geschlossen. Eintritt frei. 24.10.-11.1.2014.<\/li>\n<li>Vivian Galb\u00e1n, &#8220;No sabemos lo que puede un cuerpo&#8221;. Kuratorin: Valeria Gonz\u00e1lez. <a href=\"http:\/\/www.rolfart.com.ar\/\">Rolf Art<\/a>, Posadas 1583, PB (Erdgeschoss) &#8220;A&#8221;, Buenos Aires. Mo-Fr 11-20 Uhr. Es empfiehlt sich, nachzufragen, ob es an den Feiertagen besondere \u00d6ffnungszeiten gibt oder ob geschlossen ist. 7.11.-5.1.2014.<\/li>\n<li>Leo Nu\u00f1ez, &#8220;Topograf\u00edas ubicuas&#8221;. <a href=\"http:\/\/www.roart.com.ar\/\">RO Galer\u00eda de Arte<\/a>, Paran\u00e1 1158, Buenos Aires. Mo-Fr 14-20 Uhr. Es empfiehlt sich, nachzufragen, ob es an den Feiertagen besondere \u00d6ffnungszeiten gibt oder ob geschlossen ist. 14.11.-Ende Dezember.<\/li>\n<li>Lorena Guzm\u00e1n, &#8220;10.458&#8221;, Skulpturen. <a href=\"http:\/\/www.galeriavasari.com.ar\/\">Galer\u00eda Vasari<\/a>, Suipacha 1357, Buenos Aires. Mo-Fr 11-20 Uhr. Es empfiehlt sich, nachzufragen, ob es an den Feiertagen besondere \u00d6ffnungszeiten gibt oder ob geschlossen ist. 21.11.-27.12.<\/li>\n<li><a href=\"http:\/\/alvarezfrugoni.com\/\">\u00c1lvarez Frugoni<\/a> (Schweiz\/Uruguay), &#8220;Caminos&#8221;, Gem\u00e4lde und Werke auf Papier. <a href=\"http:\/\/www.macla.com.ar\/\">Museo de Arte Contempor\u00e1neo Latinoamericano (MACLA)<\/a>, Calle 50 entre 6 y 7, La Plata, Provinz Buenos Aires, Argentinien. 22.11.-22.12.<\/li>\n<li>Laurent Thurin-Nal (Frankreich), &#8220;Fictions&#8221;, Fotos. Alianza Francesa, Av. C\u00f3rdoba 946, Buenos Aires. Mo-Fr 9-20, Sa 9-13 Uhr. Es empfiehlt sich, nachzufragen, ob es an den Feiertagen besondere \u00d6ffnungszeiten gibt oder ob geschlossen ist. 3.12.-21.2.2014.<\/li>\n<li><a href=\"http:\/\/kunstinargentinien.com\/index.php\/2013\/11\/24\/soy-programa-que-acompana-y-estimula-a-los-creadores-chaquenos\/\">&#8220;SOY chaque\u00f1o y contempor\u00e1neo&#8221;<\/a>. <a href=\"https:\/\/www.facebook.com\/casadelasculturas\">Casa de las Culturas<\/a>, Mitre\/Marcelo T. de Alvear, Resistencia, Provinz Chaco, Argentinien. Tel.: (054+0362) 4453054\/4453085\/4453086. Seit 6.12.<\/li>\n<li>Andr\u00e9s Waissman, &#8220;Abgrund&#8221;, Wand&#8221;gem\u00e4lde&#8221; aus Draht, gro\u00dfformatige Installation aus Gips, Zeichnungen auf Papier, Schwarz-Wei\u00df-Gem\u00e4lde aus Lack. Kuratorin: Laetitia de Monteil. \/ James Peck, &#8220;Las estrellas se ocultan tras las nubes&#8221;, Gem\u00e4lde. \/ Fernando Rosas mit seinem Vater Roberto Rosas, &#8220;Contiguo y Simult\u00e1neo&#8221;, Skulpturen. ECA Espacio Contempor\u00e1neo de Arte de Mendoza, 9 de Julio\/Gutierrez, Mendoza-Stadt, Argentinien. Mo-Sa 9-21, So 16-21 Uhr. Es empfiehlt sich, nachzufragen, ob es an den Feiertagen besondere \u00d6ffnungszeiten gibt oder ob geschlossen ist. 6.12.-16.3.2014.<\/li>\n<li>&#8220;Aquella ma\u00f1ana fue como si recuperara si no la felicidad, s\u00ed la energ\u00eda, una energ\u00eda que se parec\u00eda mucho al humor, un humor que se parec\u00eda mucho a la memoria&#8221; (An diesem Morgen war es, als ob ich, wenn auch nicht das Gl\u00fccklichsein, so doch eine Energie wiedererlangt h\u00e4tte, die dem Humor \u00e4hnelte, welcher wiederum der Erinnerung \u00e4hnelte). Teilnehmende K\u00fcnstler: Luis Garay, Carlos Huffman, Irina Kirchuk, Mart\u00edn Leg\u00f3n, Lux Lindner, Eduardo Navarro, Bel\u00e9n Romero Gunset, Axel Straschnoy, Marcela Sinclair, Cecilia Szalkowicz, Gast\u00f3n P\u00e9rsico, Santiago Villanueva, Os\u00edas Yanov. Gastkuratoren: In\u00e9s Katzenstein und Javier Villa. <a href=\"http:\/\/www.parquedelamemoria.org.ar\/\">Parque de la Memoria<\/a>, Av. Costanera Norte Rafael Obligado 6745 (angrenzend an Ciudad Universitaria), Buenos Aires. Tel.: 4787-0999\/6937. Ge\u00f6ffnet t\u00e4glich 10-18 Uhr. Es empfiehlt sich, nachzufragen, ob es an den Feiertagen besondere \u00d6ffnungszeiten gibt oder ob geschlossen ist. Eintritt frei. 7.12.-25.2.2014.<\/li>\n<li>&#8220;Juegos y Juguetes creados x Artistas&#8221; (Spiele und Spielzeug, von K\u00fcnstlern geschaffen). Arcimboldo Galer\u00eda de Arte, Reconquista 761, Dpto. 14, Buenos Aires. Mo-Fr 15-19 Uhr, oder nach Vereinbarung: 4311-3373, pelusaborthwick@gmail.com. Es empfiehlt sich, nachzufragen, ob es an den Feiertagen besondere \u00d6ffnungszeiten gibt oder ob geschlossen ist. 9.12.-27.12.<\/li>\n<li>Ver\u00f3nica G\u00f3mez, &#8220;Fulgor&#8221;. <a href=\"http:\/\/gachiprietogallery.com\/\">Gachi Prieto Gallery<\/a>, Uriarte 1976, Buenos Aires. Di-Fr 13-20, Sa 12-18 Uhr. 11.12.-25.1.2014.<\/li>\n<li>&#8220;Geometr\u00eda al l\u00edmite&#8221;, 25 zeitgen\u00f6ssische argentinische K\u00fcnstler. <a href=\"http:\/\/www.macba.com.ar\/\">Museo de Arte Contempor\u00e1neo (MACBA)<\/a>, Av. San Juan 328, Buenos Aires. Mo-Fr 12-19, Sa und So 11-19.30 Uhr. Di geschlossen. Es empfiehlt sich, nachzufragen, ob es an den Feiertagen besondere \u00d6ffnungszeiten gibt oder ob geschlossen ist. Eintritt: 25 Pesos. Studenten, Lehrer, Rentner und \u00fcber 65-J\u00e4hrige mit Ausweis: 15 Pesos. Kinder unter 12: gratis. Mittwochs Eintritt: 15 Pesos. Studenten, Lehrer, Rentner und \u00fcber 65-J\u00e4hrige mit Ausweis: 10 Pesos. Kinder unter 12: gratis. Seit 14.12.<\/li>\n<li>&#8220;Coleccionables IX&#8221;, Werke von Aida Kolodny, Alicia Carletti, Andr\u00e9s Compagnucci, Bruno Grisanti, Carlos Bissolino, Carolina Espinel, Claudia Melo, Dario Zana, Diana Dowek, Diego Perrotta, Esteban Feune de Colombi, Fabiana Barreda, Febe Defelipe, Gustavo Talon, Jorge Alvaro, Juan Manuel Sanchez, Maria Ester Joao, Osvaldo Monzo, Zulema Maza. <a href=\"http:\/\/www.holzgaleriadearte.com.ar\/\">Holz Galer\u00eda de Arte<\/a>, Arroyo 862, Buenos Aires. 17.12.-1.1.2014.<\/li>\n<li>Marcelo Marqu\u00e9s, Gem\u00e4lde. \/ Mar\u00eda Ester Pa\u00f1eda, Masken-Skulpturen. <a href=\"http:\/\/mariaelenakravetzgallery.com\/\">Mar\u00eda Elena Kravetz Gallery<\/a>, Peatonal 25 de Mayo 240, C\u00f3rdoba, Provinz C\u00f3rdoba, Argentinien. Tel.: ++54-(0)351-4290898\/4239451. Eintritt frei. 17.12.-Februar 2014.<\/li>\n<\/ul>\n","protected":false},"excerpt":{"rendered":"<p>Click aqu\u00ed\u00ad para leer la versi\u00f3n en castellano. Ausstellungskalender 21\/12\/2013-28\/12\/2013 Von Susanne Franz Der Espacio de Arte &#8211; Fundaci\u00f3n Osde (Suipacha 658, 1. Stock, Buenos Aires) hat mitgeteilt, dass er wegen der kommenden Feiertage am 24., 25. und 31. Dezember sowie am 1. Januar geschlossen hat. Die von Jorge La Ferla kuratierte Ausstellung &#8220;Cine de [&hellip;]<\/p>\n","protected":false},"author":1,"featured_media":0,"comment_status":"open","ping_status":"open","sticky":false,"template":"","format":"standard","meta":{"footnotes":""},"categories":[3],"tags":[],"class_list":["post-17844","post","type-post","status-publish","format-standard","hentry","category-kalender-agenda"],"_links":{"self":[{"href":"https:\/\/kunstinargentinien.com\/index.php\/wp-json\/wp\/v2\/posts\/17844","targetHints":{"allow":["GET"]}}],"collection":[{"href":"https:\/\/kunstinargentinien.com\/index.php\/wp-json\/wp\/v2\/posts"}],"about":[{"href":"https:\/\/kunstinargentinien.com\/index.php\/wp-json\/wp\/v2\/types\/post"}],"author":[{"embeddable":true,"href":"https:\/\/kunstinargentinien.com\/index.php\/wp-json\/wp\/v2\/users\/1"}],"replies":[{"embeddable":true,"href":"https:\/\/kunstinargentinien.com\/index.php\/wp-json\/wp\/v2\/comments?post=17844"}],"version-history":[{"count":7,"href":"https:\/\/kunstinargentinien.com\/index.php\/wp-json\/wp\/v2\/posts\/17844\/revisions"}],"predecessor-version":[{"id":17939,"href":"https:\/\/kunstinargentinien.com\/index.php\/wp-json\/wp\/v2\/posts\/17844\/revisions\/17939"}],"wp:attachment":[{"href":"https:\/\/kunstinargentinien.com\/index.php\/wp-json\/wp\/v2\/media?parent=17844"}],"wp:term":[{"taxonomy":"category","embeddable":true,"href":"https:\/\/kunstinargentinien.com\/index.php\/wp-json\/wp\/v2\/categories?post=17844"},{"taxonomy":"post_tag","embeddable":true,"href":"https:\/\/kunstinargentinien.com\/index.php\/wp-json\/wp\/v2\/tags?post=17844"}],"curies":[{"name":"wp","href":"https:\/\/api.w.org\/{rel}","templated":true}]}}