{"id":1804,"date":"2009-06-13T12:09:19","date_gmt":"2009-06-13T15:09:19","guid":{"rendered":"http:\/\/kunstinargentinien.com\/index.php\/2009\/06\/13\/agenda-kalender-165\/"},"modified":"2009-07-12T16:10:10","modified_gmt":"2009-07-12T19:10:10","slug":"agenda-kalender-165","status":"publish","type":"post","link":"https:\/\/kunstinargentinien.com\/index.php\/2009\/06\/13\/agenda-kalender-165\/","title":{"rendered":"Agenda \/ Kalender"},"content":{"rendered":"<p><a href=\"http:\/\/kunstinargentinien.com\/index.php\/2009\/06\/13\/kalender-agenda-171\/\">Klicken Sie hier, um die deutsche Version zu lesen.<\/a><\/p>\n<p><strong>Agenda de Muestras 13\/06\/09-20\/06\/09<\/strong><\/p>\n<p><strong><em>Centros de exposiciones<\/em><\/strong><\/p>\n<ul>\n<li><a href=\"http:\/\/www.malba.org.ar\/web\/\">MALBA<\/a> (Museo de Arte Latinoamericano de Buenos Aires), Av. Figueroa Alcorta 3415 (Jue-Lun y feriados 12-20 hs, Mi\u00e9rcoles hasta 21 hs, martes cerrado. Entrada 15 pesos, docentes y jubilados 8 pesos, estudiantes 5 pesos, menores de 5 a\u00f1os gratis. Mi\u00e9rcoles: Entrada 5 pesos, docentes y jubilados 3 pesos, estudiantes gratis): Luis F. Benedit, &#8220;Equinus Equestris&#8221;. 14.05.-27.07. \/ &#8220;Intervenci\u00f3n 6&#8221;: Pablo Reinoso, &#8220;Enredamaderas&#8221;. Hasta noviembre 2009. \/ &#8220;Escuelismo &#8211; Arte argentino de los 90&#8221;, dibujos, pinturas, fotograf\u00edas, videos, objetos e instalaciones de Liliana Porter, Marcelo Pombo, Alfredo Prior, Liliana Maresca, Guillermo Kuitca, Cristina Schiavi, Jorge Macchi, Elba Bairon, M\u00f3nica Gir\u00f3n, Nushi Muntaabsky, Alberto Passolini, Beto De Volder, Leo Battistelli, entre otros. Sala 5, 2\u00ba piso. Visitas guiadas: Mie y Vie 17, Dom 18 hs. Inauguraci\u00f3n: 18.06., 19 hs. Hasta 03.08.<\/li>\n<li><a href=\"http:\/\/centroculturalrecoleta.org\/ccr-sp\/\">Centro Cultural Recoleta<\/a>, Jun\u00edn 1930 (Lun-Vie 14-21, Sab, Dom y feriados 10-21 hs): Ernesto Pesce, &#8220;La deriva. Obra reciente&#8221;. Curadora: Mar\u00eda Teresa Constantin. Sala Cronopios. 10.06.-12.07. \/ Federico Zukerfeld, &#8220;Blancos del deseo&#8221;. Sala J. 10.06.-28.06. \/ Matthias Schweickardt, &#8220;El congelamiento en la secuencia expresiva&#8221;, fotos. Espacio Central Planta Alta. 11.06.-12.07. \/ &#8220;<a href=\"http:\/\/centroculturalrecoleta.org\/ccr-sp\/exposiciones\/2009\/05\/29\/ciudad-emergente-el-festival-de-la-cultura-joven\/\">II. Ciudad Emergente &#8211; Festival de la Cultura Joven<\/a>&#8220;. Todos los recitales y muestras son de acceso libre y gratuito. 11.06.-15.06.<\/li>\n<li><a href=\"http:\/\/www.ccborges.org.ar\/\">Centro Cultural Borges<\/a>, Viamonte\/San Mart\u00edn (Lun-Sab 10-21, Dom 12-21 hs. Entrada 8 pesos, jubilados y estudiantes 5 pesos): Carlos Regazzoni, &#8220;Vol de Nuit&#8221;. 20.05.-15.06. \/ Juan Carlos Lasser, muestra homenaje. Hasta 15.06.<\/li>\n<p><!--more--><\/p>\n<li><a href=\"http:\/\/www.cceba.org.ar\/tapa\/tapa.pl\">Centro Cultural de Espa\u00f1a en Buenos Aires (CCEBA)<\/a>, Florida 943: Leticia El Halli Obeid, Ver\u00f3nica G\u00f3mez, Mariana Robles, Marisa Rubio, &#8220;Investigaci\u00f3n \/ Infraestructura&#8221;. \/ Pablo Accinelli y Leandro Tartaglia, &#8220;Actividad de Uso&#8221;. Curador: Claudio Iglesias. Sala Principal. Actividades y encuentros con los artistas: 16.06., 18 hs: Proyecci\u00f3n de &#8220;B&#8221; de Leticia el Halli Obeid. Presentan: la artista y Victoria Sacco. 23.06, 18 hs: Videoterapia. A cargo de Leticia El Halli Obeid y Claudio Iglesias. \/ Claudia Mart\u00ednez, &#8220;Per-fils&#8221;, intervenci\u00f3n en vidriera. Microespacio M1. \/ LeeSunDraw Aguilera y Cecilia QuiM, &#8220;ARTooNS for Sale&#8221;, intervenci\u00f3n en vitrina. Microespacio M2. \/ Mart\u00edn Leg\u00f3n, &#8220;\u00bfC\u00f3mo ser\u00e1 la muerte? \u00bfVer un tigre de hierro que te salta encima y no creer que te pueda tocar?&#8221;, intervenci\u00f3n en ba\u00f1os. Microespacio M3. \/ Fernando Sucari, &#8220;Perfil de los visitantes \u2013 After Hans Haacke&#8221;, intervenci\u00f3n en pared. Microespacio M4. \/ Ruth Viegener, &#8220;6 coma y algo&#8221;, videoarte. Punto de Encuentro. 28.04.-26.06.<\/li>\n<\/ul>\n<p><em><strong>Otras exposiciones<\/strong><\/em><\/p>\n<ul>\n<li>Francisco Ruiz de Infante (Espa\u00f1a), &#8220;BlueSky &#8211; Laboratorio de Laboratorios&#8221;. Curadora invitada: Nekane Aramburu. Espacio Fundaci\u00f3n Telef\u00f3nica, Arenales 1540. Mar-Dom 14-20.30 hs. 27.03.-14.06.<\/li>\n<li>Sabrina Mezzaqui (Italia), &#8220;Equipaje de mano&#8221;. <a href=\"http:\/\/www.ccmoca.com.ar\/ccmoca.php\">Centro Cultural MOCA<\/a>, Montes de Oca 169. Mie-Dom 15-21 hs. Entrada libre y gratuita. 05.05.-28.06.<\/li>\n<li>Mariano Lucano, &#8220;Pena de Muerte&#8221;, collages. Museo de Arte Contempor\u00e1neo de Rosario (MACRO), Bv. Oro\u00f1o y el R\u00edo, Rosario. 07.05.-29.06.<\/li>\n<li>Liliana Porter, &#8220;Matin\u00e9&#8221;. <a href=\"http:\/\/www.ruthbenzacar.com\/\">Ruth Benzacar<\/a>, Florida 1000. Lun-Vie 11.30-20 hs. 13.05.-19.06.<\/li>\n<li>Tom\u00e1s Otero, &#8220;\u00cdconos de un lenguaje&#8221;. Hotel Bel Air, Arenales 1462. 14.05.-14.06.<\/li>\n<li>Alejandro Puente, &#8220;Un recorrido por su obra&#8221;, acr\u00edlicos, dibujos, arte plumario y obras sobre corcho, aglomerado y otros soportes. Curador: Oscar Moreno. Museo de la Universidad Nacional de Tres de Febrero (MUNTREF), Valent\u00edn G\u00f3mez 4828, Caseros (frente a estaci\u00f3n). Lun-Sab 11-20 hs. Visitas guiadas: Sab 15.30 hs. 14.05.-11.07.<\/li>\n<li>&#8220;Planet\u00edcola&#8221;, instalaciones, pinturas y fotos de Emiliano L\u00f3pez, Nat Oliva, Silvina D&#8217;Alessandro. <a href=\"http:\/\/www.mapaliquido.com.ar\/sitio\/index.php\">Mapa L\u00edquido<\/a>, Las Casas 4100, Boedo. Vie y Sab 18-22 hs. 15.05.-20.06.<\/li>\n<li>M\u00f3nica Potenza, &#8220;Invasi\u00f3n&#8221;. En el marco del Proyecto Cubo 2009, curado por N\u00e9stor Zonana. <a href=\"http:\/\/www.pabellon4.com\/\">Pabell\u00f3n 4<\/a>, Uriarte 1332, Palermo. Lun-Sab 16-20 hs. 27.05.-04.07.<\/li>\n<li>Julio G\u00f3mez, pinturas. <a href=\"http:\/\/www.vanriel.com.ar\/\">Galer\u00eda van Riel<\/a>, Juncal 790, PB. 28.05.-27.06.<\/li>\n<li>Florencio Molina Campos, homenaje a los 50 a\u00f1os de su muerte. <a href=\"http:\/\/www.zurbarangaleria.com.ar\/\">Zurbar\u00e1n Pilar<\/a>, Sheraton Pilar, Ruta Panamericana km 49,5, Pilar. Todos los d\u00edas 10-20 hs. 30.05.-10.07.<\/li>\n<li>&#8220;Espacios urbanos: Andreas Gursky, Candida H\u00f6fer, Axel H\u00fctte, Thomas Ruff, Thomas Struth&#8221;. <a href=\"http:\/\/www.proa.org\/esp\/\">Fundaci\u00f3n Proa<\/a>, Av. Pedro de Mendoza 1929. Mar-Dom 11-19 hs. 31.05.-fines de julio.<\/li>\n<li>Juan Doffo, &#8220;Fotograf\u00edas \/ Pinturas&#8221;. <a href=\"http:\/\/www.rubbers.com.ar\/\">Galer\u00eda Rubbers Internacional<\/a>, Av. Alvear 1595. Lun-Vie 11-20, Sab 11-13.30 hs. 01.06.-27.06.<\/li>\n<li>Quinquela. <a href=\"http:\/\/www.zurbarangaleria.com.ar\/\">Zurbar\u00e1n<\/a>, Cerrito 1522. Lun-Vie 11-21, Sab 11-13 hs. 02.06.-11.07.<\/li>\n<li><a href=\"http:\/\/www.lorenzodominguez.com\/\">Lorenzo Dom\u00ednguez<\/a>, &#8220;El escultor en la Isla de Pascuas&#8221;. Arcimboldo Galer\u00eda de Arte, Reconquista 761, PA 14. Lun-Vie 15-19, Sab 11-13 hs. 02.06.-27.06.<\/li>\n<li>Osvaldo Decastelli, &#8220;Malas hierbas&#8221;, &#8220;Copia de seguridad&#8221;, instalaciones. \/ Luis Campos, &#8220;Humedades&#8221;. \/  Mookie Tenembaum, &#8220;Asociaciones il\u00edcitas&#8221;. <a href=\"http:\/\/www.galeriaartexarte.com\/\">artexarte<\/a>, Lavalleja 1062. Lun-Sab 13-20 hs; feriados cerrado. 03.06.-16.07.<\/li>\n<li>Grupo &#8220;grabOeste&#8221;. <a href=\"http:\/\/blog.cultura.pestalozzi.edu.ar\/\">Asociaci\u00f3n Cultural Pestalozzi<\/a>, Freire 1882, Belgrano R. Mar-Vie 16-19 hs. 03.06.-03.07.<\/li>\n<li>Adriana Cervi\u00f1o, &#8220;Cerca del agua&#8221;, cer\u00e1micas. \/ Bruno Ternavasio, &#8220;De sombras y v\u00e9rtigos&#8221;, fotos. \/ Tatita Ganly, &#8220;Encrucijada&#8221;, pinturas. Thames Galer\u00eda de Arte, Thames 1776. Lun-Vie 14-20, Sab 15-20 hs. 04.06.-23.06.<\/li>\n<li>Jorge Pirozzi, &#8220;Brutal y Minuciosamente&#8221;, obra in\u00e9dita 2001\u20132009. <a href=\"http:\/\/www.masottatorres.com.ar\/\">MasottaTorres Arte Contempor\u00e1neo<\/a>, M\u00e9xico 459, San Telmo. 05.06.-17.07.<\/li>\n<li>Guillermo Didiego, pinturas. <a href=\"http:\/\/www.galeriamediterranea.com\/\">Mediterr\u00e1nea Galer\u00eda de Arte<\/a>, Pacheco 2380, Villa Urquiza (Alt. Monroe 4900). Lun-Vie 10-20.30, Sab 10-17 hs. 06.06.-15.07.<\/li>\n<li>&#8220;Anatom\u00eda de un sue\u00f1o&#8221;, arte digital, grabados y pinturas de Liliana Alem\u00e1n, Diego Bourren, Beatriz Margossian, Nubia Ozzi. Museo Municipal de Bellas Artes Fern\u00e1n F\u00e9lix de Amador, 9 de Julio 863, Luj\u00e1n. 06.06.-24.06.<\/li>\n<li>Claudio Barrag\u00e1n, &#8220;Guardianes, Huarpes y Otros&#8221;. <a href=\"http:\/\/www.zurbarangaleria.com.ar\/\">Colecci\u00f3n Alvear de Zurbar\u00e1n<\/a>, Av. Alvear 1658. Lun-Vie 10.30-21, Sab 10.30-13 hs. 08.06.-04.07.<\/li>\n<li>Diego Goldberg, &#8220;Trabajos recientes 2003\/2009&#8221;, fotos. FotoGaler\u00eda del Teatro San Mart\u00edn, Av. Corrientes 1530. Lun-Vie a partir de las 12 hs, Sab y Dom a partir de las 14 hs, hasta la finalizaci\u00f3n de las actividades en el teatro. Entrada libre. Desde 09.06.<\/li>\n<li>Clara Srebrow, &#8220;De c\u00e1rceles y libertades&#8221;. Atica Galer\u00eda de Arte, Libertad 1240, PB 9. Lun-Vie 11-13 y 15-20, Sab 11-13.30 hs. 09.06.-04.07.<\/li>\n<li>&#8220;Partitura de Agua&#8221;, obras sobre papel, tela, acetato, fotograf\u00edas, video e instalaciones que toman el agua como met\u00e1fora de vida. Obras de Florencia Echesortu,  M\u00f3nica Galeotti, In\u00e9s Gallinal, Ana Gonz\u00e1lez Fraga, \u00c1ngeles Guti\u00e9rrez Urquijo, Isabel Lacau, In\u00e9s Laplace, Josefina Ocampo, Estela Pereda, Jorge Luis Paulin, Daniel Rivademar, Jorge Luis Souto, Paula Ustariz, Mariaugusta Vintimilla, Zoraida Villegas y Joaqu\u00edn Fargas (Universidad Maim\u00f3nides). Curadora: Estela Pereda. <a href=\"http:\/\/www.objeto-a.com.ar\/\">Espacio Objeto a<\/a>, Niceto Vega 5181. Mar-Sab 14-19 hs. Entrada libre y gratuita. 10.06.-26.06.<\/li>\n<li>&#8220;40 a\u00f1os: Expo Les Luthiers&#8221;. Museo de Arte Tigre (MAT), Paseo Victorica 972, Tigre. Mie-Vie 9-19. Sab y Dom 12-19 hs. Desde 10.06.<\/li>\n<li>Juan Astica, pinturas. <a href=\"http:\/\/www.wussmann.com\/\">Wussmann<\/a>, Venezuela 570. 10.06.-21.08.<\/li>\n<li>Daniel Baino, pinturas y objetos. <a href=\"http:\/\/www.roart.com.ar\/\">RO Galer\u00eda de Arte<\/a>, Paran\u00e1 1158. Lun-Vie 11-20 hs. Desde 11.06.<\/li>\n<li>Florencia Levy, &#8220;Sistema de Caminos&#8221;. \/ Carla Graziano, &#8220;Sobre domesticaci\u00f3n&#8221;. <a href=\"http:\/\/www.arte713.com\/?cId=650\">713 Arte Contempor\u00e1neo<\/a>, Defensa 713. Lun-Sab 13-19 hs. 11.06.-18.07.<\/li>\n<li>&#8220;20+20 &#8211; Dibujantes y grabadores argentinos&#8221;. Dibujos de Cristino Alonso, Jorge \u00c1lvaro, Juan Carlos Ben\u00edtez, Carlos Carmona, Luis de Bairos Moura, Julio Dolz, Ana Eckell, Ladislao Kelity, Alberto Klix, Ladislao Magyar, Marcelo Mayorga, Jorge Meijide, Miguel Ocampo, Norberto Onofrio, Ra\u00fal Ponce, Armando Sapia, Eduardo Stup\u00eda, Jorge Tapia, Ana Tarsia e In\u00e9s Vega. Grabados de Alda Armagni, Olga Autunno, Horacio Beccaria, Marta Belmes, Alicia Candiani, A\u00edda Chercoff, Alicia D\u00edaz Rinaldi, Eduardo Levy, Matilde Mar\u00edn, Zulema Maza, Juio Leonelo Mu\u00f1eza, Lucrecia Orloff, Marta P\u00e9rez T\u00e9mperley, Ernesto Pesce, Mabel Rubli, Cristina Santander, Carlos Scannapieco, Fabi\u00e1n Velasco, Graciela Zar y Estela Zariquiegui. \/ Carlos Patricio Gonz\u00e1lez, grabados sobre la obra &#8220;Somos una simple clase media&#8221; de Rodolfo Kusch. En la inauguraci\u00f3n se presentar\u00e1 el libro. Museo Eduardo S\u00edvori, Av. Infanta Isabel 555 (frente al puente del Rosedal). Mar-Vie 12-20, Sab, Dom y feriados 10-20 hs. Entrada1 peso para argentinos y residentes, 3 pesos para extranjeros; Mie y Sab gratis. Inauguraci\u00f3n: 13.06., 12 hs. Hasta 05.07.<\/li>\n<li>&#8220;Abrir el juego&#8221;, ensayos fotogr\u00e1ficos de Lucas Cheja, Mar\u00eda Jos\u00e9 D\u00b4Amico, Claudia Fainguersch y Paula Harrington. EspacioFotogr\u00e1fico del Teatro de la Ribera, Avenida Pedro de Mendoza 1821. Mar-Dom 10 hs hasta la finalizaci\u00f3n de las actividades del d\u00eda en el teatro, Lun 10-17 hs. Entrada libre. Inauguraci\u00f3n: 13.06., 12.30 hs. Hasta 25.08.<\/li>\n<li>Javier Tal\u00eda y Pablo Santin, retrospectiva. Bohnenkamp &#038; Revale Art Gallery, Maip\u00fa 979\/981. Lun-Vie 10-19, Sab 10-17 hs. Inauguraci\u00f3n: 16.06., 18-20 hs. Hasta 24.06.<\/li>\n<li>Georgina Nu\u00f1ez y Owen Tossounian, &#8220;Retrato de una obsesi\u00f3n y otras&#8221;. <a href=\"http:\/\/www.lapazespaciodearte.com.ar\/\">La Paz Espacio de Arte<\/a>, Azcu\u00e9naga 1739, PB &#8220;B&#8221;. Mar-Vie 16-20 hs. Inauguraci\u00f3n: 16.06., 19 hs. En el marco de la inauguraci\u00f3n, los artistas realizar\u00e1n retratos perform\u00e1ticos en vivo de personalidades conocidas y del p\u00fablico. Hasta 27.06. A modo de cierre de cada muestra, los \u00faltimos s\u00e1bados de cada mes se organizan encuentros informales con los artistas a la hora del t\u00e9, de asistencia libre.<\/li>\n<li>Blas Vidal, dibujos 2005-2009. <a href=\"http:\/\/www.empatia-arte.com\/\">Empat\u00eda<\/a>, Carlos Pellegrini 1255. Inauguraci\u00f3n: 16.06., 19 hs. Hasta 04.07.<\/li>\n<li>Delfina Blaquier, fotografias. Stud Frers, Rio de Janeiro 944, Mart\u00ednez. Inauguraci\u00f3n: 17.06., 20.30 hs.<\/li>\n<li>A\u00edda Carballo (1916-1985), &#8220;Entre el sue\u00f1o y la realidad&#8221;. Curadora: Gabriela Vicente Irraz\u00e1bal. \/ &#8220;Mundos para mirar &#8211; La ilustraci\u00f3n en los libros para ni\u00f1os&#8221;. Curadora: Liliana Men\u00e9ndez. <a href=\"http:\/\/www.artefundacionosde.com.ar\/bs-as\/index.html\">Espacio de Arte Fundaci\u00f3n Osde<\/a>, Suipacha 658, 1\u00ba piso. Lun-Sab 12-20 hs. Inauguraci\u00f3n: 18.06., 19 hs. Hasta 22.08.<\/li>\n<li>Rub\u00e9n Locaso (1934-2001), &#8220;Obras seleccionadas&#8221;, esculturas. \/ Adri\u00e1n Pandolfo (1964), &#8220;Espacios Fant\u00e1sticos&#8221;, xilograf\u00edas. Zweiger Jovenich Galer\u00eda de Arte, Bulnes 2570, PB A. Inauguraci\u00f3n: 18.06., 19 hs. Hasta 17.07.<\/li>\n<li>M\u00f3nica Giron, &#8220;El centro del Jard\u00edn&#8221;. <a href=\"http:\/\/www.zavaletalab.com\/\">ZavaletaLAB<\/a>, Venezuela 571. Inauguraci\u00f3n: 19.06., 19 hs. Hasta 01.08.<\/li>\n<\/ul>\n","protected":false},"excerpt":{"rendered":"<p>Klicken Sie hier, um die deutsche Version zu lesen. Agenda de Muestras 13\/06\/09-20\/06\/09 Centros de exposiciones MALBA (Museo de Arte Latinoamericano de Buenos Aires), Av. Figueroa Alcorta 3415 (Jue-Lun y feriados 12-20 hs, Mi\u00e9rcoles hasta 21 hs, martes cerrado. Entrada 15 pesos, docentes y jubilados 8 pesos, estudiantes 5 pesos, menores de 5 a\u00f1os gratis. [&hellip;]<\/p>\n","protected":false},"author":1,"featured_media":0,"comment_status":"open","ping_status":"open","sticky":false,"template":"","format":"standard","meta":{"footnotes":""},"categories":[3],"tags":[],"class_list":["post-1804","post","type-post","status-publish","format-standard","hentry","category-kalender-agenda"],"_links":{"self":[{"href":"https:\/\/kunstinargentinien.com\/index.php\/wp-json\/wp\/v2\/posts\/1804","targetHints":{"allow":["GET"]}}],"collection":[{"href":"https:\/\/kunstinargentinien.com\/index.php\/wp-json\/wp\/v2\/posts"}],"about":[{"href":"https:\/\/kunstinargentinien.com\/index.php\/wp-json\/wp\/v2\/types\/post"}],"author":[{"embeddable":true,"href":"https:\/\/kunstinargentinien.com\/index.php\/wp-json\/wp\/v2\/users\/1"}],"replies":[{"embeddable":true,"href":"https:\/\/kunstinargentinien.com\/index.php\/wp-json\/wp\/v2\/comments?post=1804"}],"version-history":[{"count":0,"href":"https:\/\/kunstinargentinien.com\/index.php\/wp-json\/wp\/v2\/posts\/1804\/revisions"}],"wp:attachment":[{"href":"https:\/\/kunstinargentinien.com\/index.php\/wp-json\/wp\/v2\/media?parent=1804"}],"wp:term":[{"taxonomy":"category","embeddable":true,"href":"https:\/\/kunstinargentinien.com\/index.php\/wp-json\/wp\/v2\/categories?post=1804"},{"taxonomy":"post_tag","embeddable":true,"href":"https:\/\/kunstinargentinien.com\/index.php\/wp-json\/wp\/v2\/tags?post=1804"}],"curies":[{"name":"wp","href":"https:\/\/api.w.org\/{rel}","templated":true}]}}