{"id":1805,"date":"2009-06-13T12:36:24","date_gmt":"2009-06-13T15:36:24","guid":{"rendered":"http:\/\/kunstinargentinien.com\/index.php\/2009\/06\/13\/kalender-agenda-171\/"},"modified":"2009-07-12T16:16:59","modified_gmt":"2009-07-12T19:16:59","slug":"kalender-agenda-171","status":"publish","type":"post","link":"https:\/\/kunstinargentinien.com\/index.php\/2009\/06\/13\/kalender-agenda-171\/","title":{"rendered":"Kalender \/ Agenda"},"content":{"rendered":"<p><a href=\"http:\/\/kunstinargentinien.com\/index.php\/2009\/06\/13\/agenda-kalender-165\/\">Click aqu\u00ed para leer la versi\u00f3n en castellano.<\/a><\/p>\n<p><strong>Ausstellungs-Kalender 13.06.09-20.06.09<\/strong><\/p>\n<p><em><strong>Ausstellungszentren<\/strong><\/em><\/p>\n<ul>\n<li><a href=\"http:\/\/www.malba.org.ar\/web\/\">MALBA<\/a> (Museo de Arte Latinoamericano de Buenos Aires), Av. Figueroa Alcorta 3415 (Do-Mo und feiertags 12-20 Uhr, mittwochs bis 21 Uhr, dienstags geschlossen. Eintritt 15 Pesos, Lehrer und Rentner 8 Pesos, Studenten 5 Pesos, unter 5-J\u00e4hrige gratis. Mittwochs: Eintritt 5 Pesos, Lehrer und Rentner 3 Pesos, Studenten gratis): Luis F. Benedit, \u201eEquinus Equestris\u201c. 14.5.-27.7. \/ \u201eIntervenci\u00f3n 6\u201c: Pablo Reinoso, \u201eEnredamaderas\u201c. Bis November. \/ \u201eEscuelismo &#8211; Arte argentino de los 90\u201c (Argentinische Kunst der 90er), Zeichnungen, Gem\u00e4lde, Fotos, Videos, Objekte und Installationen von Liliana Porter, Marcelo Pombo, Alfredo Prior, Liliana Maresca, Guillermo Kuitca, Cristina Schiavi, Jorge Macchi, Elba Bairon, M\u00f3nica Gir\u00f3n, Nushi Muntaabsky, Alberto Passolini, Beto De Volder, Leo Battistelli u.v.a. Saal 5, 2. Stock. F\u00fchrungen: Mi und Fr 17, So 18 Uhr. Er\u00f6ffnung: 18.6., 19 Uhr. Bis 3.8.<\/li>\n<li><a href=\"http:\/\/centroculturalrecoleta.org\/ccr-sp\/\">Centro Cultural Recoleta<\/a>, Jun\u00edn 1930 (Mo-Fr 14-21, Sa, So und feiertags 10-21 Uhr): Ernesto Pesce, \u201eLa deriva. Obra reciente\u201c. Kuratorin: Mar\u00eda Teresa Constantin. Cronopios-Saal. 10.6.-12.7. \/ Federico Zukerfeld, \u201eBlancos del deseo\u201c. Saal J. 10.6.-28.6. \/ Matthias Schweickardt, \u201eEl congelamiento en la secuencia expresiva\u201c, Fotos. \u201eEspacio Central Planta Alta\u201c. 11.6.-12.7. \/ \u201e<a href=\"http:\/\/centroculturalrecoleta.org\/ccr-sp\/exposiciones\/2009\/05\/29\/ciudad-emergente-el-festival-de-la-cultura-joven\/\">II. Ciudad Emergente &#8211; Festival de la Cultura Joven<\/a>\u201c. Alle Konzerte und Ausstellungen finden gratis statt. 11.6.-15.6.<\/li>\n<li><a href=\"http:\/\/www.ccborges.org.ar\/\">Centro Cultural Borges<\/a>, Viamonte\/San Mart\u00edn (Mo-Sa 10-21, So 12-21 Uhr. Eintritt 8 Pesos, Rentner und Studenten 5 Pesos): Carlos Regazzoni, \u201eVol de Nuit\u201c. 20.5.-15.6. \/ Juan Carlos Lasser, Hommageausstellung. Bis 15.6.<\/li>\n<p><!--more--><\/p>\n<li><a href=\"http:\/\/www.cceba.org.ar\/tapa\/tapa.pl\">Centro Cultural de Espa\u00f1a en Buenos Aires (CCEBA)<\/a>, Florida 943: Leticia El Halli Obeid, Ver\u00f3nica G\u00f3mez, Mariana Robles, Marisa Rubio, \u201eInvestigaci\u00f3n \/ Infraestructura\u201c. \/ Pablo Accinelli und Leandro Tartaglia, \u201eActividad de Uso\u201c. Kurator: Claudio Iglesias. Hauptsaal. Begleitende Aktivit\u00e4ten: 16.6., 18 Uhr: Ausstrahlung von \u201eB\u201c von Leticia el Halli Obeid. Mit der K\u00fcnstlerin und Victoria Sacco. 23.6, 18 Uhr: \u201eVideoterapia\u201c von Leticia El Halli Obeid und Claudio Iglesias. \/ Claudia Mart\u00ednez, \u201ePer-fils\u201c, Intervention im Schaufenster. \u201eMicroespacio\u201c M1. \/ LeeSunDraw Aguilera und Cecilia QuiM, \u201eARTooNS for Sale\u201c, Intervention in Vitrine. \u201eMicroespacio\u201c M2. \/ Mart\u00edn Leg\u00f3n, \u201e\u00bfC\u00f3mo ser\u00e1 la muerte? \u00bfVer un tigre de hierro que te salta encima y no creer que te pueda tocar?\u201c, Intervention in den Toiletten. \u201eMicroespacio\u201c M3. \/ Fernando Sucari, \u201ePerfil de los visitantes \u2013 After Hans Haacke\u201c, Intervention an der Wand. \u201eMicroespacio\u201c M4. \/ Ruth Viegener, \u201e6 coma y algo\u201c, Videokunst. \u201ePunto de Encuentro\u201c. 28.4.-26.6.<\/li>\n<\/ul>\n<p><em><strong>Sonstige Ausstellungen<\/strong><\/em><\/p>\n<ul>\n<li>Francisco Ruiz de Infante (Spanien), \u201eBlueSky &#8211; Laboratorio de Laboratorios\u201c. Kuratorin: Nekane Aramburu. Espacio Fundaci\u00f3n Telef\u00f3nica, Arenales 1540. Di-So 14-20.30 Uhr. 27.3.-14.6.<\/li>\n<li>Sabrina Mezzaqui (Italien), \u201eEquipaje de mano\u201c. <a href=\"http:\/\/www.ccmoca.com.ar\/ccmoca.php\">Centro Cultural MOCA<\/a>, Montes de Oca 169. Mi-So 15-21 Uhr. Eintritt frei. 5.5.-28.6.<\/li>\n<li>Mariano Lucano, \u201ePena de Muerte\u201c, Collagen. Museo de Arte Contempor\u00e1neo de Rosario (MACRO), Bv. Oro\u00f1o und R\u00edo Paran\u00e1, Rosario. 7.5.-29.6.<\/li>\n<li>Liliana Porter, \u201eMatin\u00e9\u201c. <a href=\"http:\/\/www.ruthbenzacar.com\/\">Ruth Benzacar<\/a>, Florida 1000. Mo-Fr 11.30-20 Uhr. 13.5.-19.6.<\/li>\n<li>Tom\u00e1s Otero, \u201e\u00cdconos de un lenguaje\u201c. Hotel Bel Air, Arenales 1462. 14.5.-14.6.<\/li>\n<li>Alejandro Puente, \u201eUn recorrido por su obra\u201c. Kurator: Oscar Moreno. Museo de la Universidad Nacional de Tres de Febrero (MUNTREF), Valent\u00edn G\u00f3mez 4828, Caseros (gegen\u00fcber der Zugstation). Mo-Sa 11-20 Uhr. F\u00fchrungen samstags 15.30 Uhr. 14.5.-11.7.<\/li>\n<li>\u201ePlanet\u00edcola\u201c, Installationen, Gem\u00e4lde und Fotos von Emiliano L\u00f3pez, Nat Oliva, Silvina D&#8217;Alessandro. <a href=\"http:\/\/www.mapaliquido.com.ar\/sitio\/index.php\">Mapa L\u00edquido<\/a>, Las Casas 4100, Boedo. Fr und Sa 18-22 Uhr. 15.5.-20.6.<\/li>\n<li>M\u00f3nica Potenza, \u201eInvasi\u00f3n\u201c. Im Rahmen von \u201eProyecto Cubo 2009\u201c, kuratiert von N\u00e9stor Zonana. <a href=\"http:\/\/www.pabellon4.com\/\">Pabell\u00f3n 4<\/a>, Uriarte 1332, Palermo. Mo-Sa 16-20 Uhr. 27.5.-4.7.<\/li>\n<li>Julio G\u00f3mez, Gem\u00e4lde. <a href=\"http:\/\/www.vanriel.com.ar\/\">Galer\u00eda van Riel<\/a>, Juncal 790, Erdgeschoss. 28.5.-27.6.<\/li>\n<li>Florencio Molina Campos, Hommageausstellung anl\u00e4sslich seines 50. Todestags. <a href=\"http:\/\/www.zurbarangaleria.com.ar\/\">Zurbar\u00e1n Pilar<\/a>, Sheraton Pilar, Ruta Panamericana km 49,5, Pilar. T\u00e4glich 10-20 Uhr. 30.5.-10.7.<\/li>\n<li>\u201eEspacios urbanos: Andreas Gursky, Candida H\u00f6fer, Axel H\u00fctte, Thomas Ruff, Thomas Struth\u201c. <a href=\"http:\/\/www.proa.org\/esp\/\">Fundaci\u00f3n Proa<\/a>, Av. Pedro de Mendoza 1929. Di-So 11-19 Uhr. 31.5.-Ende Juli.<\/li>\n<li>Juan Doffo, \u201eFotograf\u00edas \/ Pinturas\u201c. <a href=\"http:\/\/www.rubbers.com.ar\/\">Galer\u00eda Rubbers Internacional<\/a>, Av. Alvear 1595. Mo-Fr 11-20, Sa 11-13.30 Uhr. 1.6.-27.6.<\/li>\n<li>Quinquela. <a href=\"http:\/\/www.zurbarangaleria.com.ar\/\">Zurbar\u00e1n<\/a>, Cerrito 1522. Mo-Fr 11-21, Sa 11-13 Uhr. 2.6.-11.7.<\/li>\n<li><a href=\"http:\/\/www.lorenzodominguez.com\/\">Lorenzo Dom\u00ednguez<\/a>, \u201eEl escultor en la Isla de Pascuas\u201c. Arcimboldo Galer\u00eda de Arte, Reconquista 761, PA \u201e14\u201c. Mo-Fr 15-19, Sa 11-13 Uhr. 2.6.-27.6.<\/li>\n<li>Osvaldo Decastelli, \u201eMalas hierbas\u201c, \u201eCopia de seguridad\u201c, Installationen. \/ Luis Campos, \u201eHumedades\u201c. \/  Mookie Tenembaum, \u201eAsociaciones il\u00edcitas\u201c. <a href=\"http:\/\/www.galeriaartexarte.com\/\">artexarte<\/a>, Lavalleja 1062. Mo-Sa 13-20 Uhr; feiertags geschlossen. 3.6.-16.7.<\/li>\n<li>\u201eGrupo grabOeste\u201c. <a href=\"http:\/\/blog.cultura.pestalozzi.edu.ar\/\">Asociaci\u00f3n Cultural Pestalozzi<\/a>, Freire 1882, Belgrano R. Di-Fr 16-19 Uhr. 3.6.-3.7.<\/li>\n<li>Adriana Cervi\u00f1o, \u201eCerca del agua\u201c, Keramiken. \/ Bruno Ternavasio, \u201eDe sombras y v\u00e9rtigos\u201c, Fotos. \/ Tatita Ganly, \u201eEncrucijada\u201c, Gem\u00e4lde. Thames Galer\u00eda de Arte, Thames 1776. Mo-Fr 14-20, Sa 15-20 Uhr. 4.6.-23.6.<\/li>\n<li>Jorge Pirozzi, \u201eBrutal y Minuciosamente\u201c, unver\u00f6ffentlichte Werke 2001\u20132009. <a href=\"http:\/\/www.masottatorres.com.ar\/\">MasottaTorres Arte Contempor\u00e1neo<\/a>, M\u00e9xico 459, San Telmo. 5.6.-17.7.<\/li>\n<li>Guillermo Didiego, Gem\u00e4lde. <a href=\"http:\/\/www.galeriamediterranea.com\/\">Mediterr\u00e1nea Galer\u00eda de Arte<\/a>, Pacheco 2380, Villa Urquiza (H\u00f6he Monroe 4900). Mo-Fr 10-20.30, Sa 10-17 Uhr. 6.6.-15.7.<\/li>\n<li>\u201eAnatom\u00eda de un sue\u00f1o\u201c, Digitalkunst, Graphiken und Gem\u00e4lde von Liliana Alem\u00e1n, Diego Bourren, Beatriz Margossian, Nubia Ozzi. Museo Municipal de Bellas Artes Fern\u00e1n F\u00e9lix de Amador, 9 de Julio 863, Luj\u00e1n. 6.6.-24.6.<\/li>\n<li>Claudio Barrag\u00e1n, \u201eGuardianes, Huarpes y Otros\u201c. <a href=\"http:\/\/www.zurbarangaleria.com.ar\/\">Colecci\u00f3n Alvear de Zurbar\u00e1n<\/a>, Av. Alvear 1658. Mo-Fr 10.30-21, Sa 10.30-13 Uhr. 8.6.-4.7.<\/li>\n<li>Diego Goldberg, \u201eTrabajos recientes 2003\/2009\u201c, Fotos. FotoGaler\u00eda des San Mart\u00edn-Theaters, Av. Corrientes 1530. Mo-Fr ab 12 Uhr, Sa und So ab 14 Uhr, bis zum Ende der Vorstellungen im Theater. Eintritt frei. Seit 9.6.<\/li>\n<li>Clara Srebrow, \u201eDe c\u00e1rceles y libertades\u201c. Atica Galer\u00eda de Arte, Libertad 1240, Erdgeschoss \u201e9\u201c. Mo-Fr 11-13 und 15-20, Sa 11-13.30 Uhr. 9.6.-4.7.<\/li>\n<li>\u201ePartitura de Agua\u201c &#8211; Das Wasser als Metapher des Lebens. Werke auf Papier, Gem\u00e4lde, Fotos, Videos und Installationen von Florencia Echesortu,  M\u00f3nica Galeotti, In\u00e9s Gallinal, Ana Gonz\u00e1lez Fraga, \u00c1ngeles Guti\u00e9rrez Urquijo, Isabel Lacau, In\u00e9s Laplace, Josefina Ocampo, Estela Pereda, Jorge Luis Paulin, Daniel Rivademar, Jorge Luis Souto, Paula Ustariz, Mariaugusta Vintimilla, Zoraida Villegas und Joaqu\u00edn Fargas (Universidad Maim\u00f3nides). Kuratorin: Estela Pereda. <a href=\"http:\/\/www.objeto-a.com.ar\/\">Espacio Objeto a<\/a>, Niceto Vega 5181. Di-Sa 14-19 Uhr. Eintritt frei. 10.6.-26.6.<\/li>\n<li>\u201e40 a\u00f1os: Expo Les Luthiers\u201c. Museo de Arte Tigre (MAT), Paseo Victorica 972, Tigre. Mi-Fr 9-19. Sa und So 12-19 Uhr. Seit 10.6.<\/li>\n<li>Juan Astica, Gem\u00e4lde. <a href=\"http:\/\/www.wussmann.com\/\">Wussmann<\/a>, Venezuela 570. 10.6.-21.8.<\/li>\n<li>Daniel Baino, Gem\u00e4lde und Objekte. <a href=\"http:\/\/www.roart.com.ar\/\">RO Galer\u00eda de Arte<\/a>, Paran\u00e1 1158. Mo-Fr 11-20 Uhr. Seit 11.6.<\/li>\n<li>Florencia Levy, \u201eSistema de Caminos\u201c. \/ Carla Graziano, \u201eSobre domesticaci\u00f3n\u201c. <a href=\"http:\/\/www.arte713.com\/?cId=650\">713 Arte Contempor\u00e1neo<\/a>, Defensa 713. Mo-Sa 13-19 Uhr. 11.6.-18.7.<\/li>\n<li>\u201e20+20 &#8211; Dibujantes y grabadores argentinos\u201c (Argentinische Zeichner und Graphiker). Zeichnungen von Cristino Alonso, Jorge \u00c1lvaro, Juan Carlos Ben\u00edtez, Carlos Carmona, Luis de Bairos Moura, Julio Dolz, Ana Eckell, Ladislao Kelity, Alberto Klix, Ladislao Magyar, Marcelo Mayorga, Jorge Meijide, Miguel Ocampo, Norberto Onofrio, Ra\u00fal Ponce, Armando Sapia, Eduardo Stup\u00eda, Jorge Tapia, Ana Tarsia und In\u00e9s Vega. Graphiken von Alda Armagni, Olga Autunno, Horacio Beccaria, Marta Belmes, Alicia Candiani, A\u00edda Chercoff, Alicia D\u00edaz Rinaldi, Eduardo Levy, Matilde Mar\u00edn, Zulema Maza, Juio Leonelo Mu\u00f1eza, Lucrecia Orloff, Marta P\u00e9rez T\u00e9mperley, Ernesto Pesce, Mabel Rubli, Cristina Santander, Carlos Scannapieco, Fabi\u00e1n Velasco, Graciela Zar und Estela Zariquiegui. \/ Carlos Patricio Gonz\u00e1lez, Grahiken zu Rodolfo Kuschs Buch \u201eSomos una simple clase media\u201c, das bei der Er\u00f6ffnung pr\u00e4sentiert wird. Museo Eduardo S\u00edvori, Av. Infanta Isabel 555 (gegen\u00fcber der Br\u00fccke des \u201eRosedal\u201c &#8211; Rosengarten &#8211; von Palermo). Di-Fr 12-20, Sa, So und feiertags 10-20 Uhr. Eintritt 1 Peso f\u00fcr Argentinier, 3 Pesos f\u00fcr Ausl\u00e4nder. Er\u00f6ffnung: 13.6., 12 Uhr. Bis 5.7.<\/li>\n<li>\u201eAbrir el juego\u201c, Foto-Essays von Lucas Cheja, Mar\u00eda Jos\u00e9 D\u00b4Amico, Claudia Fainguersch und Paula Harrington. \u201eEspacioFotogr\u00e1fico\u201c des Teatro de la Ribera, Av. Pedro de Mendoza 1821. Di-So 10 Uhr bis zum Ende der Veranstaltungen im Theater, Mo 10-17 Uhr. Eintritt frei. Er\u00f6ffnung: 13.6., 12.30 Uhr. Bis 25.8.<\/li>\n<li>Javier Tal\u00eda und Pablo Santin, Retrospektive. Bohnenkamp &#038; Revale Art Gallery, Maip\u00fa 979\/981. Mo-Fr 10-19, Sa 10-17 Uhr. Er\u00f6ffnung: 16.6., 18-20 Uhr. Bis 24.6.<\/li>\n<li>Georgina Nu\u00f1ez und Owen Tossounian, \u201eRetrato de una obsesi\u00f3n y otras\u201c. <a href=\"http:\/\/www.lapazespaciodearte.com.ar\/\">La Paz Espacio de Arte<\/a>, Azcu\u00e9naga 1739, Erdgeschoss \u201eB\u201c. Di-Fr 16-20 Uhr. Er\u00f6ffnung: 16.6., 19 Uhr. Bei der Er\u00f6ffnung werden die K\u00fcnstler live Portr\u00e4ts von bekannten Pers\u00f6nlichkeiten und dem Vernissage-Publikum anfertigen. Bis 27.6. Zum Abschluss jeder Ausstellung findet am letzten Samstag des Monats jeweils ein zwangloses Teatime-Treffen mit den K\u00fcnstlern statt; Eintritt frei.<\/li>\n<li>Blas Vidal, Zeichnungen 2005-2009. <a href=\"http:\/\/www.empatia-arte.com\/\">Empat\u00eda<\/a>, Carlos Pellegrini 1255. Er\u00f6ffnung: 16.6., 19 Uhr. Bis 4.7.<\/li>\n<li>Delfina Blaquier, Fotos. Stud Frers, Rio de Janeiro 944, Mart\u00ednez. Er\u00f6ffnung: 17.6., 20.30 Uhr.<\/li>\n<li>A\u00edda Carballo (1916-1985), \u201eEntre el sue\u00f1o y la realidad\u201c (Zwischen Traum und Wirklichkeit). Kuratorin: Gabriela Vicente Irraz\u00e1bal. \/ \u201eMundos para mirar &#8211; La ilustraci\u00f3n en los libros para ni\u00f1os\u201c (Welten zum Angucken &#8211; Die Illustration in Kinderb\u00fcchern). Kuratorin: Liliana Men\u00e9ndez. <a href=\"http:\/\/www.artefundacionosde.com.ar\/bs-as\/index.html\">Espacio de Arte Fundaci\u00f3n Osde<\/a>, Suipacha 658, 1. Stock. Mo-Sa 12-20 Uhr. Er\u00f6ffnung: 18.6., 19 Uhr. Bis 22.8.<\/li>\n<li>Rub\u00e9n Locaso (1934-2001), \u201eObras seleccionadas\u201c, Skulpturen. \/ Adri\u00e1n Pandolfo (1964), \u201eEspacios Fant\u00e1sticos\u201c, Holzschnitte. Zweiger Jovenich Galer\u00eda de Arte, Bulnes 2570, Erdgeschoss \u201eA\u201c. Er\u00f6ffnung: 18.6., 19 Uhr. Bis 17.7.<\/li>\n<li>M\u00f3nica Giron, \u201eEl centro del Jard\u00edn\u201c. <a href=\"http:\/\/www.zavaletalab.com\/\">ZavaletaLAB<\/a>, Venezuela 571. Er\u00f6ffnung: 19.6., 19 Uhr. Bis 1.8.<\/li>\n<\/ul>\n","protected":false},"excerpt":{"rendered":"<p>Click aqu\u00ed para leer la versi\u00f3n en castellano. Ausstellungs-Kalender 13.06.09-20.06.09 Ausstellungszentren MALBA (Museo de Arte Latinoamericano de Buenos Aires), Av. Figueroa Alcorta 3415 (Do-Mo und feiertags 12-20 Uhr, mittwochs bis 21 Uhr, dienstags geschlossen. Eintritt 15 Pesos, Lehrer und Rentner 8 Pesos, Studenten 5 Pesos, unter 5-J\u00e4hrige gratis. Mittwochs: Eintritt 5 Pesos, Lehrer und Rentner [&hellip;]<\/p>\n","protected":false},"author":1,"featured_media":0,"comment_status":"open","ping_status":"open","sticky":false,"template":"","format":"standard","meta":{"footnotes":""},"categories":[3],"tags":[],"class_list":["post-1805","post","type-post","status-publish","format-standard","hentry","category-kalender-agenda"],"_links":{"self":[{"href":"https:\/\/kunstinargentinien.com\/index.php\/wp-json\/wp\/v2\/posts\/1805","targetHints":{"allow":["GET"]}}],"collection":[{"href":"https:\/\/kunstinargentinien.com\/index.php\/wp-json\/wp\/v2\/posts"}],"about":[{"href":"https:\/\/kunstinargentinien.com\/index.php\/wp-json\/wp\/v2\/types\/post"}],"author":[{"embeddable":true,"href":"https:\/\/kunstinargentinien.com\/index.php\/wp-json\/wp\/v2\/users\/1"}],"replies":[{"embeddable":true,"href":"https:\/\/kunstinargentinien.com\/index.php\/wp-json\/wp\/v2\/comments?post=1805"}],"version-history":[{"count":0,"href":"https:\/\/kunstinargentinien.com\/index.php\/wp-json\/wp\/v2\/posts\/1805\/revisions"}],"wp:attachment":[{"href":"https:\/\/kunstinargentinien.com\/index.php\/wp-json\/wp\/v2\/media?parent=1805"}],"wp:term":[{"taxonomy":"category","embeddable":true,"href":"https:\/\/kunstinargentinien.com\/index.php\/wp-json\/wp\/v2\/categories?post=1805"},{"taxonomy":"post_tag","embeddable":true,"href":"https:\/\/kunstinargentinien.com\/index.php\/wp-json\/wp\/v2\/tags?post=1805"}],"curies":[{"name":"wp","href":"https:\/\/api.w.org\/{rel}","templated":true}]}}