{"id":18104,"date":"2014-02-08T20:55:39","date_gmt":"2014-02-08T23:55:39","guid":{"rendered":"http:\/\/kunstinargentinien.com\/?p=18104"},"modified":"2014-02-08T21:26:05","modified_gmt":"2014-02-09T00:26:05","slug":"agenda-kalender-402","status":"publish","type":"post","link":"https:\/\/kunstinargentinien.com\/index.php\/2014\/02\/08\/agenda-kalender-402\/","title":{"rendered":"Agenda \/ Kalender"},"content":{"rendered":"<p><a href=\"http:\/\/kunstinargentinien.com\/index.php\/2014\/02\/08\/kalender-agenda-413\/\">Klicken Sie hier, um die deutsche Version zu lesen.<\/a><\/p>\n<p><strong>Agenda de Muestras 08\/02\/2014-15\/02\/2014<\/p>\n<p><em>Por Susanne Franz<\/em><\/strong><\/p>\n<p><a href=\"http:\/\/kunstinargentinien.com\/wp-content\/uploads\/2014\/02\/aeroflorale11.jpg\"><img loading=\"lazy\" decoding=\"async\" src=\"http:\/\/kunstinargentinien.com\/wp-content\/uploads\/2014\/02\/aeroflorale11.jpg\" alt=\"aeroflorale11\" width=\"250\" height=\"335\" class=\"alignright size-full wp-image-18107\" srcset=\"https:\/\/kunstinargentinien.com\/wp-content\/uploads\/2014\/02\/aeroflorale11.jpg 250w, https:\/\/kunstinargentinien.com\/wp-content\/uploads\/2014\/02\/aeroflorale11-223x300.jpg 223w\" sizes=\"auto, (max-width: 250px) 100vw, 250px\" \/><\/a>La Embajada de Francia informa, que la A\u00e9roflorale II aterriz\u00f3 el viernes por la ma\u00f1ana, en el coraz\u00f3n de Buenos Aires, en la Avenida de Mayo. Despu\u00e9s de haber estudiado la flora chilena, la nave de 15 metros de altura, que pesa 8 toneladas, alcanz\u00f3 las tierras argentinas, con el fin de descubrir nuevas especies de plantas con fuerte capacidad fito-voltaica.<\/p>\n<p>&#8220;La A\u00e9roflorale II es algo as\u00ed como un invernadero volador que se mueve gracias a la energ\u00eda el\u00e9ctrica vegetal o energ\u00eda fito-voltaica. Es un invento que transformar\u00e1 al mundo&#8221;, adelant\u00f3 el comandante FD, quien lidera la Expedici\u00f3n vegetal.<\/p>\n<p>La A\u00e9roflorale II fue construida por &#8220;La Machine&#8221;, una compa\u00f1\u00eda conformada en 1990 por un consorcio de cient\u00edficos que combinan la aviaci\u00f3n con la bot\u00e1nica. El grupo de investigadores decidi\u00f3 construir un dispositivo capaz de volar gracias a la energ\u00eda otorgada por los vegetales.<\/p>\n<p>Despu\u00e9s de su primer despegue, en 2010, recorri\u00f3 los bordes del lago Baikal (Rusia), Bruselas, Torino, Hamburgo, Nantes y Santiago de Chile.<\/p>\n<p>En Buenos Aires se puede visitar \u00e9ste s\u00e1bado 8 y el domingo 9 de febrero de 10 a 22 horas, en la Avenida de Mayo y Per\u00fa.<\/p>\n<p>Las muestras de la semana:<!--more--><\/p>\n<p><strong><em>Centros de exposiciones<\/em><\/strong><\/p>\n<ul>\n<li><a href=\"http:\/\/www.proa.org\/esp\/\">Fundaci\u00f3n Proa<\/a>, Pedro de Mendoza 1929, La Boca, Buenos Aires (Mar-Dom 11-19 hs, Lun cerrado. Entrada $15, jubilados $10 y estudiantes $5; Mar gratis para estudiantes): Ron Mueck (Australia), esculturas. 16.11.-23.02.<\/li>\n<li><a href=\"http:\/\/www.malba.org.ar\/web\/\">Malba<\/a> (Museo de Arte Latinoamericano de Buenos Aires), Av. Figueroa Alcorta 3415, Buenos Aires (Jue-Lun y feriados 12-20 hs, Mi\u00e9 hasta 21 hs, Mar cerrado. Entrada 45 pesos; estudiantes, docentes, jubilados o mayores de 65 a\u00f1os con acreditaci\u00f3n vigente 23 pesos. Personas con discapacidad: sin cargo; menores de 5 a\u00f1os: sin cargo. Mi\u00e9: Entrada 23 pesos; estudiantes, docentes y jubilados con acreditaci\u00f3n vigente: sin cargo. Personas con discapacidad: sin cargo): Liliana Porter, &#8220;El hombre con el hacha y otras situaciones breves&#8221;, instalaci\u00f3n site-specific. Sala 3 (1\u00ba piso). 12.09.-24.02. \/ &#8220;Encuentros &#8211; Tensiones&#8221;, nuevo recorrido por el arte latinoamericano contempor\u00e1neo, a trav\u00e9s de una selecci\u00f3n de m\u00e1s de 100 obras pertenecientes al acervo del Museo y un conjunto de comodatos. Sala 5 (2\u00b0 piso). 17.10.-10.02. \/ Elba Bairon, instalaci\u00f3n escult\u00f3rica concebida especialmente para el espacio del Museo d\u00f3nde se realiza el ciclo &#8220;Contempor\u00e1neo&#8221;. Sala 1 (planta baja). 17.10.-10.03.<\/li>\n<li><a href=\"http:\/\/www.centroculturalrecoleta.org\/nuevositio\/\">Centro Cultural Recoleta<\/a>, Jun\u00edn 1930, Buenos Aires (Mar-Vie 13-20, S\u00e1b, Dom y feriados 11-20 hs, Lun cerrado. Entrada libre y gratuita): XIV Concurso Fotogr\u00e1fico &#8220;Gente de mi Ciudad&#8221;, las obras premiadas y seleccionadas de este a\u00f1o y las obras ganadoras de las ediciones anteriores. Salas 1 y 2. 27.11.-23.02.<\/li>\n<li><a href=\"http:\/\/www.mnba.gob.ar\/\">Museo Nacional de Bellas Artes<\/a> (MNBA), Av. del Libertador 1473, Sala 40 &#8220;Pabell\u00f3n de exposiciones temporarias&#8221; (Planta Baja), Buenos Aires (Mar-Vie 12.30-20.30, S\u00e1b y Dom 9.30-20.30 hs. Visitas guiadas: Jue-Dom 18 hs. Entrada libre): Enrique de Larra\u00f1aga (1900-1956), pinturas. Curador: Roberto Amigo. 17.12.-28.02.<\/li>\n<li>Museo de Artes Pl\u00e1sticas Eduardo S\u00edvori, Av. Infanta Isabel 555, frente al puente del Rosedal de Palermo, Buenos Aires (Mar-Vie 12-20, S\u00e1b, Dom y feriados 10-20 hs. Entrada: $5. Mi\u00e9 y S\u00e1b gratis): Marcelo Mayorga, dibujos y pinturas. 23.11.-23.02.<\/li>\n<li><a href=\"http:\/\/museos.buenosaires.gob.ar\/mam2.htm\">Museo de Arte Moderno de Buenos Aires<\/a> (MAMba), San Juan 350, Buenos Aires (Mar-Vie 11-19, S\u00e1b, Dom y feriados 11-20 hs. Lunes cerrado, excepto feriados. Entrada general: $5. Martes gratis): Le\u00f3n y Coci\u00f1a (Chile), &#8220;La Bella y la Bestia&#8221;. Desde 22.01. \/ Sebasti\u00e1n Gord\u00edn, &#8220;Un extra\u00f1o efecto en el cielo&#8221;. Desde 05.02.<\/li>\n<li><a href=\"http:\/\/www.ccborges.org.ar\/\">Centro Cultural Borges<\/a>, Viamonte 525, Buenos Aires (Lun-S\u00e1b 10-21, Dom 12-21 hs. Entrada: 40 pesos, jubilados y estudiantes: 30 pesos; muestras en el marco del ciclo &#8220;La L\u00ednea Piensa&#8221; gratis): Emiliano Bustos, &#8220;Todo es siempre ahora&#8221;, dibujos. Homenaje al padre del artista, el poeta Miguel \u00c1ngel Bustos, desaparecido durante la \u00faltima dictatura militar. En el ciclo &#8220;La L\u00ednea Piensa&#8221;. Hasta 24.02. \/ &#8220;Stones 50&#8221;, 100 fotograf\u00edas de los Rolling Stones, capturadas por el legendario fot\u00f3grafo brit\u00e1nico Michael Cooper (1941\u20131973). Sala 21. 13.12.-09.03. \/ Hugo Echarri, &#8220;Queremos tanto a Woody&#8221;, visi\u00f3n sobre el gran director neoyorquino Woody Allen. Instalaciones y pinturas. Curadoras: Diana Saiegh y Virginia Fabri. 06.02.-06.03.<\/li>\n<li><a href=\"http:\/\/complejoteatral.gob.ar\/ver\/fotografia\">FotoGaler\u00eda Banco Ciudad del Teatro San Mart\u00edn (CTBA)<\/a>, Av. Corrientes 1530 (Lun-Vie desde las 12 hs, S\u00e1b y Dom desde las 14 hs, hasta la finalizaci\u00f3n de las actividades del d\u00eda en el teatro. Entrada libre y gratuita): &#8220;Los afro-argentinos&#8221;, fotograf\u00edas 1860-1960. Muestra hist\u00f3rica colectiva. &#8220;FotoGaler\u00eda&#8221;. 21.01.-02.03. \/ Juli\u00e1n Rodr\u00edguez y Mart\u00edn Gonz\u00e1lez, &#8220;La noche&#8221;, fotos. Salas del primer piso del Hall Central Carlos Morel. 21.01.-02.03.<\/li>\n<li><a href=\"http:\/\/www.centrocultural.coop\/\">Centro Cultural de la Cooperaci\u00f3n<\/a>, Sala Abraham Vigo (PB), Av. Corrientes 1543, Buenos Aires (Lun-S\u00e1b 14-22, Dom 17-20.30 hs): &#8220;Lo invisible. Fotograf\u00edas m\u00f3viles&#8221;, exposici\u00f3n colectiva de fotos realizadas con tel\u00e9fonos m\u00f3viles. Artistas invitados: Carolina del Bono, Graciela Potenza, Lautaro Bustos Su\u00e1rez, Melisa Hermida y Sabrina D\u00edaz Potenza. Curadora: Sabrina D\u00edaz Potenza. Hasta 22.02.<\/li>\n<li><a href=\"http:\/\/www.museocaraffa.org.ar\/\">Museo Emilio Caraffa (MEC)<\/a>, Av. Poeta Lugones 411, C\u00f3rdoba, Argentina (horarios en enero: Mar-Dom 9-14 hs. Entrada: 10 pesos; estudiantes, jubilados y menores de 12: gratis; Mi\u00e9: gratis): &#8220;Relatos latinoamericanos: Obras de Malba &#8211; Fundaci\u00f3n Costantini&#8221;, 53 obras de Pedro Figari, Antonio Berni, Joaqu\u00edn Torres-Garc\u00eda, Xul Solar, Emilio Pettoruti, H\u00e9lio Oiticica, Alfredo Guttero, Juan Batlle Planas, Emiliano Di Calvacanti, Le\u00f3n Ferrari, Oscar Bony y Guillermo Kuitca, entre otros. Salas 1 y 3. 12.12.-06.03. \/ Pat Andrea, &#8220;Alicia&#8221;, dibujos. Sala 2. 12.12.-06.03. \/ Noel de C\u00e1ndido, &#8220;Error de sistema \/ Hartificial&#8221;, objeto. Sala 4. 12.12.-06.03. \/ Premio Fundaci\u00f3n Andreani 2013-2014. Salas 5, 6 y 7. 12.12.-06.03. \/ Oscar Gubiani, &#8220;Paisajes inasibles&#8221;, pintura\/gr\u00e1fica. Salas 8 y 9. 12.12.-06.03.<\/li>\n<\/ul>\n<p><em><strong>Otras exposiciones<\/strong><\/em><\/p>\n<ul>\n<li>&#8220;Hab\u00eda una vez&#8230;, mu\u00f1ecas y juguetes 1870-1940. Colecci\u00f3n de Mabel y Mar\u00eda Castellano Fotheringham&#8221;. <a href=\"http:\/\/agendacultural.buenosaires.gob.ar\/evento\/munecas-antiguas-en-la-casa-fernandez-blanco\/5094\">Casa Fern\u00e1ndez Blanco<\/a>, Hip\u00f3lito Yrigoyen 1420, Buenos Aires. Mar-Vie 12-18, S\u00e1b y Dom 11-17 hs. Feriados cerrado. Entrada $1. <a href=\"http:\/\/www.youtube.com\/watch?v=3WVqkTMT24g\">Clip Mu\u00f1ecas<\/a>. Desde 14.07.2012.<\/li>\n<li>Luis F. Benedit, &#8220;Genealog\u00edas del campo argentino&#8221;, retrospectiva. Curador: Rodrigo Alonso. Colecci\u00f3n de Arte Amalia Lacroze de Fortabat, Olga Cossettini 141, Puerto Madero, Buenos Aires. Mar-Dom 12-20 hs. Lunes cerrado. Entrada: $35. Menores de 12 a\u00f1os, jubilados, estudiantes y docentes: $20. Los mi\u00e9rcoles gratis para docentes, estudiantes y jubilados, y $20 para el p\u00fablico en general. 22.10.-16.02.<\/li>\n<li>Laurent Thurin-Nal (Francia), &#8220;Fictions&#8221;, fotos. Alianza Francesa, Av. C\u00f3rdoba 946, Buenos Aires. Lun-Vie 9-20, S\u00e1b 9-13 hs. 03.12.-21.02.<\/li>\n<li>Andr\u00e9s Waissman, &#8220;Abgrund&#8221;, viruta mural, instalaci\u00f3n a gran escala de animales de yeso, dibujos sobre papel y pinturas en esmalte blanco\/negras. Curadora: Laetitia de Monteil. \/ James Peck, &#8220;Las estrellas se ocultan tras las nubes&#8221;, pinturas. \/ Fernando Rosas junto a su padre Roberto Rosas, &#8220;Contiguo y Simult\u00e1neo&#8221;, esculturas. ECA Espacio Contempor\u00e1neo de Arte de Mendoza, 9 de Julio y Gutierrez, Ciudad de Mendoza, Argentina. Lun-S\u00e1b 9-21, Dom 16-21 hs. 06.12.-16.03.<\/li>\n<li>&#8220;Aquella ma\u00f1ana fue como si recuperara si no la felicidad, s\u00ed la energ\u00eda, una energ\u00eda que se parec\u00eda mucho al humor, un humor que se parec\u00eda mucho a la memoria&#8221;. Participantes: Luis Garay, Carlos Huffman, Irina Kirchuk, Mart\u00edn Leg\u00f3n, Lux Lindner, Eduardo Navarro, Bel\u00e9n Romero Gunset, Axel Straschnoy, Marcela Sinclair, Cecilia Szalkowicz y Gast\u00f3n P\u00e9rsico, Santiago Villanueva, Os\u00edas Yanov. Curadores invitados: In\u00e9s Katzenstein y Javier Villa. <a href=\"http:\/\/www.parquedelamemoria.org.ar\/\">Parque de la Memoria<\/a>, Av. Costanera Norte Rafael Obligado 6745 (adyacente a Ciudad Universitaria), Buenos Aires. Tel. 4787-0999\/6937. Abierto todos los dias 10-18 hs. Entrada libre y gratuita. 07.12.-25.02.<\/li>\n<li>&#8220;Geometr\u00eda al l\u00edmite&#8221;, 25 artistas argentinos contempor\u00e1neos. <a href=\"http:\/\/www.macba.com.ar\/\">Museo de Arte Contempor\u00e1neo (MACBA)<\/a>, Av. San Juan 328, Buenos Aires. Lun-Vie 12-19, S\u00e1b y Dom 11-19.30 hs. Martes cerrado. Entrada: 25 pesos. Estudiantes, docentes y jubilados (o mayores de 65 a\u00f1os) con acreditaci\u00f3n vigente: 15 pesos. Menores de 12 a\u00f1os: gratis. Mi\u00e9: General: 15 pesos. Estudiantes, docentes y jubilados (o mayores de 65 a\u00f1os) con acreditaci\u00f3n vigente: 10 pesos. Menores de 12 a\u00f1os: gratis. 14.12.-04.05.<\/li>\n<li>Cal\u00e9 (Alejandro del Prado), &#8220;Trapitos al sol&#8221;, 60 originales, entre p\u00e1ginas terminadas, bocetos, pruebas y correcciones, apuntes, fotos, revistas, libros y otros objetos pertenecientes al artista. Colecci\u00f3n y curadur\u00eda: Biblioteca Nacional. MuHu &#8211; Museo del Humor, Edificio de la Munich, Av. de los Italianos 851, Costanera Sur, Buenos Aires. Lun-Vie 11-18, S\u00e1b, Dom y feriados 10-20 hs. Entrada libre y gratuita. 11.01.-09.03.<\/li>\n<li>Pedro Roth, &#8220;La memoria los har\u00e1 libres&#8221;. <a href=\"http:\/\/www.amia.org.ar\/\">Espacio de Arte AMIA<\/a>, Pasteur 633, Entrepiso, Buenos Aires. Lun-Jue 10-19, Vie 10-16 hs. Entrada libre y gratuita, presentando DNI en la entrada. Infos: 4959-8800 int. 8745. 22.01.-20.02.<\/li>\n<li>&#8220;La China Hermosa&#8221;, muestra de fotograf\u00edas de la China contempor\u00e1nea en colaboraci\u00f3n con la Embajada de la Rep\u00fablica Popular de la China. <a href=\"http:\/\/museos.buenosaires.gob.ar\/saavedra.htm\">Museo Hist\u00f3rico Cornelio de Saavedra<\/a>, Cris\u00f3logo Larralde 6309, Buenos Aires. Mar-Vie 9-18, S\u00e1b, Dom y feriados 10-20 hs. Entrada $5; mi\u00e9rcoles gratis. 25.01.-09.03.<\/li>\n<li>Juan Manuel S\u00e1nchez, &#8220;Todo S\u00e1nchez&#8221;, obras 1960-2014. <a href=\"http:\/\/www.holzgaleriadearte.com.ar\/\">Galer\u00eda Holz<\/a>, Arroyo 862, Buenos Aires. Lun-Vie 13-19 hs. Inauguraci\u00f3n: 10.02., 19 hs. El d\u00eda de la inauguraci\u00f3n se sortear\u00e1n 8 serigraf\u00edas entre los asistentes. Hasta 24.02.<\/li>\n<li>&#8220;Fortaleza&#8221;, obras de Florencia Temperley, Alexandra Kehayoglou, Agust\u00edn Sirai, Andr\u00e9s Paredes. <a href=\"http:\/\/www.elsidelrio.com.ar\/\">Elsi del R\u00edo Arte Contempor\u00e1neo<\/a>, Humboldt 1510, Palermo Hollywood, Buenos Aires. Mar-Vie 14-20, S\u00e1b 11-15 hs. Inauguraci\u00f3n: 10.02., 19-22 hs. Hasta 14.03.<\/li>\n<\/ul>\n","protected":false},"excerpt":{"rendered":"<p>Klicken Sie hier, um die deutsche Version zu lesen. Agenda de Muestras 08\/02\/2014-15\/02\/2014 Por Susanne Franz La Embajada de Francia informa, que la A\u00e9roflorale II aterriz\u00f3 el viernes por la ma\u00f1ana, en el coraz\u00f3n de Buenos Aires, en la Avenida de Mayo. Despu\u00e9s de haber estudiado la flora chilena, la nave de 15 metros de [&hellip;]<\/p>\n","protected":false},"author":1,"featured_media":0,"comment_status":"open","ping_status":"open","sticky":false,"template":"","format":"standard","meta":{"footnotes":""},"categories":[18],"tags":[],"class_list":["post-18104","post","type-post","status-publish","format-standard","hentry","category-agenda"],"_links":{"self":[{"href":"https:\/\/kunstinargentinien.com\/index.php\/wp-json\/wp\/v2\/posts\/18104","targetHints":{"allow":["GET"]}}],"collection":[{"href":"https:\/\/kunstinargentinien.com\/index.php\/wp-json\/wp\/v2\/posts"}],"about":[{"href":"https:\/\/kunstinargentinien.com\/index.php\/wp-json\/wp\/v2\/types\/post"}],"author":[{"embeddable":true,"href":"https:\/\/kunstinargentinien.com\/index.php\/wp-json\/wp\/v2\/users\/1"}],"replies":[{"embeddable":true,"href":"https:\/\/kunstinargentinien.com\/index.php\/wp-json\/wp\/v2\/comments?post=18104"}],"version-history":[{"count":6,"href":"https:\/\/kunstinargentinien.com\/index.php\/wp-json\/wp\/v2\/posts\/18104\/revisions"}],"predecessor-version":[{"id":18116,"href":"https:\/\/kunstinargentinien.com\/index.php\/wp-json\/wp\/v2\/posts\/18104\/revisions\/18116"}],"wp:attachment":[{"href":"https:\/\/kunstinargentinien.com\/index.php\/wp-json\/wp\/v2\/media?parent=18104"}],"wp:term":[{"taxonomy":"category","embeddable":true,"href":"https:\/\/kunstinargentinien.com\/index.php\/wp-json\/wp\/v2\/categories?post=18104"},{"taxonomy":"post_tag","embeddable":true,"href":"https:\/\/kunstinargentinien.com\/index.php\/wp-json\/wp\/v2\/tags?post=18104"}],"curies":[{"name":"wp","href":"https:\/\/api.w.org\/{rel}","templated":true}]}}