{"id":18203,"date":"2014-02-22T12:43:00","date_gmt":"2014-02-22T15:43:00","guid":{"rendered":"http:\/\/kunstinargentinien.com\/?p=18203"},"modified":"2014-03-01T17:47:33","modified_gmt":"2014-03-01T20:47:33","slug":"agenda-kalender-404","status":"publish","type":"post","link":"https:\/\/kunstinargentinien.com\/index.php\/2014\/02\/22\/agenda-kalender-404\/","title":{"rendered":"Agenda \/ Kalender"},"content":{"rendered":"<p><a href=\"http:\/\/kunstinargentinien.com\/index.php\/2014\/02\/22\/kalender-agenda-415\/\">Klicken Sie hier, um die deutsche Version zu lesen.<\/a><\/p>\n<p><strong>Agenda de Muestras 22\/02\/2014-01\/03\/2014<\/p>\n<p><em>Por Susanne Franz<\/em><\/strong><\/p>\n<p><a href=\"http:\/\/kunstinargentinien.com\/wp-content\/uploads\/2013\/11\/mueck11.jpg\"><img loading=\"lazy\" decoding=\"async\" src=\"http:\/\/kunstinargentinien.com\/wp-content\/uploads\/2013\/11\/mueck11.jpg\" alt=\"mueck11\" width=\"250\" height=\"167\" class=\"alignright size-full wp-image-17560\" \/><\/a>\u00daltimo fin de semana para ver las inquietantes obras del artista australiano Ron Mueck. M\u00e1s de 150.000 personas ya visitaron la muestra inaugurada el 16 de noviembre en la <a href=\"http:\/\/www.proa.org\/esp\/\">Fundaci\u00f3n Proa<\/a> (Pedro de Mendoza 1929, La Boca, Buenos Aires).<\/p>\n<p>Organizada por la Fondation Cartier, la aclamada exhibici\u00f3n fue presentada en Par\u00eds el a\u00f1o pasado. Empez\u00f3 su itinerancia latinoamericana en Buenos Aires, y ahora sigue viaje a  Brasil, d\u00f3nde se va a poder ver en el &#8220;Museo de Arte Moderno&#8221; de R\u00edo de Janeiro, de marzo a junio de 2014.<\/p>\n<p>Las muestras de la semana:<!--more--><\/p>\n<p><strong><em>Centros de exposiciones<\/em><\/strong><\/p>\n<ul>\n<li><a href=\"http:\/\/www.proa.org\/esp\/\">Fundaci\u00f3n Proa<\/a>, Pedro de Mendoza 1929, La Boca, Buenos Aires (Mar-Dom 11-19 hs, Lun cerrado. Entrada $15, jubilados $10 y estudiantes $5; Mar gratis para estudiantes): Ron Mueck (Australia), esculturas. 16.11.-23.02. \/ Joseph Beuys (Alemania, 1921-1986), 110 obras de 1955-1985, entre objetos, pinturas, dibujos, videos y documentaciones de performances. Curadores: Silke Thomas, Claudia Seelmann y Rafael Raddi. Organizada por Galerie Thomas <em>Modern<\/em>, Munich, en colaboraci\u00f3n con el Instituto Plano Cultural, San Pablo, y Fundaci\u00f3n Proa. 22.03.-Junio 2014.<\/li>\n<li><a href=\"http:\/\/www.malba.org.ar\/web\/\">Malba<\/a> (Museo de Arte Latinoamericano de Buenos Aires), Av. Figueroa Alcorta 3415, Buenos Aires (Jue-Lun y feriados 12-20 hs, Mi\u00e9 hasta 21 hs, Mar cerrado. Entrada 45 pesos; estudiantes, docentes, jubilados o mayores de 65 a\u00f1os con acreditaci\u00f3n vigente 23 pesos. Personas con discapacidad: sin cargo; menores de 5 a\u00f1os: sin cargo. Mi\u00e9: Entrada 23 pesos; estudiantes, docentes y jubilados con acreditaci\u00f3n vigente: sin cargo. Personas con discapacidad: sin cargo): Liliana Porter, &#8220;El hombre con el hacha y otras situaciones breves&#8221;, instalaci\u00f3n site-specific. Sala 3 (1\u00ba piso). 12.09.-24.02. \/ Elba Bairon, instalaci\u00f3n escult\u00f3rica concebida especialmente para el espacio del Museo d\u00f3nde se realiza el ciclo &#8220;Contempor\u00e1neo&#8221;. Sala 1 (planta baja). 17.10.-10.03. \/ Mario Testino (Per\u00fa), &#8220;In Your Face&#8221;, primera exposici\u00f3n en Argentina de uno de los fot\u00f3grafos m\u00e1s influyentes del mundo. Se presenta un conjunto de 122 fotograf\u00edas, seleccionadas por el propio Testino, que refleja la diversidad de su obra. Sala 5 (2\u00ba piso). Inauguraci\u00f3n: 14.03., 19 hs. Hasta 15.06.<\/li>\n<li><a href=\"http:\/\/www.centroculturalrecoleta.org\/nuevositio\/\">Centro Cultural Recoleta<\/a>, Jun\u00edn 1930, Buenos Aires (Mar-Vie 13-20, S\u00e1b, Dom y feriados 11-20 hs, Lun cerrado. Entrada libre y gratuita): XIV Concurso Fotogr\u00e1fico &#8220;Gente de mi Ciudad&#8221;, las obras premiadas y seleccionadas de este a\u00f1o y las obras ganadoras de las ediciones anteriores. Salas 1 y 2. 27.11.-23.02. \/ Marcos Zimmermann, retrospectiva con 200 obras del fot\u00f3grafo de los \u00faltimos 40 a\u00f1os. Curador: Oscar Pintor. Sala Cronopios. Inauguraci\u00f3n: 26.02., 18 hs. Durante la inauguraci\u00f3n, se prensentar\u00e1 el libro antol\u00f3gico &#8220;Marcos Zimmermann 360\u00ba&#8221;. Hasta 30.03.<\/li>\n<li><a href=\"http:\/\/www.mnba.gob.ar\/\">Museo Nacional de Bellas Artes<\/a> (MNBA), Av. del Libertador 1473, Sala 40 &#8220;Pabell\u00f3n de exposiciones temporarias&#8221; (Planta Baja), Buenos Aires (Mar-Vie 12.30-20.30, S\u00e1b y Dom 9.30-20.30 hs. Visitas guiadas: Jue-Dom 18 hs. Entrada libre): Enrique de Larra\u00f1aga (1900-1956), pinturas. Curador: Roberto Amigo. 17.12.-28.02.<\/li>\n<li>Museo de Artes Pl\u00e1sticas Eduardo S\u00edvori, Av. Infanta Isabel 555, frente al puente del Rosedal de Palermo, Buenos Aires (Mar-Vie 12-20, S\u00e1b, Dom y feriados 10-20 hs. Entrada: $5. Mi\u00e9 y S\u00e1b gratis): Marcelo Mayorga, dibujos y pinturas. 23.11.-23.02.<\/li>\n<li><a href=\"http:\/\/museos.buenosaires.gob.ar\/mam2.htm\">Museo de Arte Moderno de Buenos Aires<\/a> (MAMba), San Juan 350, Buenos Aires (Mar-Vie 11-19, S\u00e1b, Dom y feriados 11-20 hs. Lunes cerrado, excepto feriados. Entrada general: $10. Martes gratis): Le\u00f3n y Coci\u00f1a (Chile), &#8220;La Bella y la Bestia&#8221;. 22.01.-06.04. \/ Sebasti\u00e1n Gord\u00edn, &#8220;Un extra\u00f1o efecto en el cielo&#8221;. 05.02.-20.04.<\/li>\n<li><a href=\"http:\/\/www.ccborges.org.ar\/\">Centro Cultural Borges<\/a>, Viamonte 525, Buenos Aires (Lun-S\u00e1b 10-21, Dom 12-21 hs. Entrada: 40 pesos, jubilados y estudiantes: 30 pesos; muestras en el marco del ciclo &#8220;La L\u00ednea Piensa&#8221; gratis): Emiliano Bustos, &#8220;Todo es siempre ahora&#8221;, dibujos. Homenaje al padre del artista, el poeta Miguel \u00c1ngel Bustos, desaparecido durante la \u00faltima dictatura militar. En el ciclo &#8220;La L\u00ednea Piensa&#8221;. Hasta 24.02. \/ &#8220;Stones 50&#8221;, 100 fotograf\u00edas de los Rolling Stones, capturadas por el legendario fot\u00f3grafo brit\u00e1nico Michael Cooper (1941\u20131973). Sala 21. 13.12.-09.03. \/ Hugo Echarri, &#8220;Queremos tanto a Woody&#8221;, visi\u00f3n sobre el gran director neoyorquino Woody Allen. Instalaciones y pinturas. Curadoras: Diana Saiegh y Virginia Fabri. 06.02.-06.03.<\/li>\n<li><a href=\"http:\/\/complejoteatral.gob.ar\/ver\/fotografia\">FotoGaler\u00eda Banco Ciudad del Teatro San Mart\u00edn (CTBA)<\/a>, Av. Corrientes 1530 (Lun-Vie desde las 12 hs, S\u00e1b y Dom desde las 14 hs, hasta la finalizaci\u00f3n de las actividades del d\u00eda en el teatro. Entrada libre y gratuita): &#8220;Los afro-argentinos&#8221;, fotograf\u00edas 1860-1960. Muestra hist\u00f3rica colectiva. &#8220;FotoGaler\u00eda&#8221;. 21.01.-28.02. \/ Juli\u00e1n Rodr\u00edguez y Mart\u00edn Gonz\u00e1lez, &#8220;La noche&#8221;, fotos. Salas del primer piso del Hall Central Carlos Morel. 21.01.-02.03.<\/li>\n<li><a href=\"http:\/\/www.centrocultural.coop\/\">Centro Cultural de la Cooperaci\u00f3n<\/a>, Sala Abraham Vigo (PB), Av. Corrientes 1543, Buenos Aires (Lun-S\u00e1b 14-22, Dom 17-20.30 hs): &#8220;Lo invisible. Fotograf\u00edas m\u00f3viles&#8221;, exposici\u00f3n colectiva de fotos realizadas con tel\u00e9fonos m\u00f3viles. Artistas invitados: Carolina del Bono, Graciela Potenza, Lautaro Bustos Su\u00e1rez, Melisa Hermida y Sabrina D\u00edaz Potenza. Curadora: Sabrina D\u00edaz Potenza. Hasta 22.02.<\/li>\n<li><a href=\"http:\/\/www.museocaraffa.org.ar\/\">Museo Emilio Caraffa (MEC)<\/a>, Av. Poeta Lugones 411, C\u00f3rdoba, Argentina (horarios en enero: Mar-Dom 9-14 hs. Entrada: 10 pesos; estudiantes, jubilados y menores de 12: gratis; Mi\u00e9: gratis): &#8220;Relatos latinoamericanos: Obras de Malba &#8211; Fundaci\u00f3n Costantini&#8221;, 53 obras de Pedro Figari, Antonio Berni, Joaqu\u00edn Torres-Garc\u00eda, Xul Solar, Emilio Pettoruti, H\u00e9lio Oiticica, Alfredo Guttero, Juan Batlle Planas, Emiliano Di Calvacanti, Le\u00f3n Ferrari, Oscar Bony y Guillermo Kuitca, entre otros. Salas 1 y 3. 12.12.-06.03. \/ Pat Andrea, &#8220;Alicia&#8221;, dibujos. Sala 2. 12.12.-06.03. \/ Noel de C\u00e1ndido, &#8220;Error de sistema \/ Hartificial&#8221;, objeto. Sala 4. 12.12.-06.03. \/ Premio Fundaci\u00f3n Andreani 2013-2014. Salas 5, 6 y 7. 12.12.-06.03. \/ Oscar Gubiani, &#8220;Paisajes inasibles&#8221;, pintura\/gr\u00e1fica. Salas 8 y 9. 12.12.-06.03.<\/li>\n<\/ul>\n<p><em><strong>Otras exposiciones<\/strong><\/em><\/p>\n<ul>\n<li>&#8220;Hab\u00eda una vez&#8230;, mu\u00f1ecas y juguetes 1870-1940. Colecci\u00f3n de Mabel y Mar\u00eda Castellano Fotheringham&#8221;. <a href=\"http:\/\/agendacultural.buenosaires.gob.ar\/evento\/munecas-antiguas-en-la-casa-fernandez-blanco\/5094\">Casa Fern\u00e1ndez Blanco<\/a>, Hip\u00f3lito Yrigoyen 1420, Buenos Aires. Mar-Vie 12-18, S\u00e1b y Dom 11-17 hs. Feriados cerrado. Entrada $1. <a href=\"http:\/\/www.youtube.com\/watch?v=3WVqkTMT24g\">Clip Mu\u00f1ecas<\/a>. Desde 14.07.2012.<\/li>\n<li>Andr\u00e9s Waissman, &#8220;Abgrund&#8221;, viruta mural, instalaci\u00f3n a gran escala de animales de yeso, dibujos sobre papel y pinturas en esmalte blanco\/negras. Curadora: Laetitia de Monteil. \/ James Peck, &#8220;Las estrellas se ocultan tras las nubes&#8221;, pinturas. \/ Fernando Rosas junto a su padre Roberto Rosas, &#8220;Contiguo y Simult\u00e1neo&#8221;, esculturas. ECA Espacio Contempor\u00e1neo de Arte de Mendoza, 9 de Julio y Gutierrez, Ciudad de Mendoza, Argentina. Lun-S\u00e1b 9-21, Dom 16-21 hs. 06.12.-16.03.<\/li>\n<li>&#8220;Aquella ma\u00f1ana fue como si recuperara si no la felicidad, s\u00ed la energ\u00eda, una energ\u00eda que se parec\u00eda mucho al humor, un humor que se parec\u00eda mucho a la memoria&#8221;. Participantes: Luis Garay, Carlos Huffman, Irina Kirchuk, Mart\u00edn Leg\u00f3n, Lux Lindner, Eduardo Navarro, Bel\u00e9n Romero Gunset, Axel Straschnoy, Marcela Sinclair, Cecilia Szalkowicz y Gast\u00f3n P\u00e9rsico, Santiago Villanueva, Os\u00edas Yanov. Curadores invitados: In\u00e9s Katzenstein y Javier Villa. <a href=\"http:\/\/www.parquedelamemoria.org.ar\/\">Parque de la Memoria<\/a>, Av. Costanera Norte Rafael Obligado 6745 (adyacente a Ciudad Universitaria), Buenos Aires. Tel. 4787-0999\/6937. Abierto todos los dias 10-18 hs. Entrada libre y gratuita. 07.12.-25.02.<\/li>\n<li>&#8220;Geometr\u00eda al l\u00edmite&#8221;, 25 artistas argentinos contempor\u00e1neos. <a href=\"http:\/\/www.macba.com.ar\/\">Museo de Arte Contempor\u00e1neo (MACBA)<\/a>, Av. San Juan 328, Buenos Aires. Lun-Vie 12-19, S\u00e1b y Dom 11-19.30 hs. Martes cerrado. Entrada: 25 pesos. Estudiantes, docentes y jubilados (o mayores de 65 a\u00f1os) con acreditaci\u00f3n vigente: 15 pesos. Menores de 12 a\u00f1os: gratis. Mi\u00e9: General: 15 pesos. Estudiantes, docentes y jubilados (o mayores de 65 a\u00f1os) con acreditaci\u00f3n vigente: 10 pesos. Menores de 12 a\u00f1os: gratis. 14.12.-04.05.<\/li>\n<li>Cal\u00e9 (Alejandro del Prado), &#8220;Trapitos al sol&#8221;, 60 originales, entre p\u00e1ginas terminadas, bocetos, pruebas y correcciones, apuntes, fotos, revistas, libros y otros objetos pertenecientes al artista. Colecci\u00f3n y curadur\u00eda: Biblioteca Nacional. MuHu &#8211; Museo del Humor, Edificio de la Munich, Av. de los Italianos 851, Costanera Sur, Buenos Aires. Lun-Vie 11-18, S\u00e1b, Dom y feriados 10-20 hs. Entrada libre y gratuita. 11.01.-09.03.<\/li>\n<li>&#8220;La China Hermosa&#8221;, muestra de fotograf\u00edas de la China contempor\u00e1nea en colaboraci\u00f3n con la Embajada de la Rep\u00fablica Popular de la China. <a href=\"http:\/\/museos.buenosaires.gob.ar\/saavedra.htm\">Museo Hist\u00f3rico Cornelio de Saavedra<\/a>, Cris\u00f3logo Larralde 6309, Buenos Aires. Mar-Vie 9-18, S\u00e1b, Dom y feriados 10-20 hs. Entrada $5; mi\u00e9rcoles gratis. 25.01.-09.03.<\/li>\n<li>Juan Manuel S\u00e1nchez, &#8220;Todo S\u00e1nchez&#8221;, obras 1960-2014. <a href=\"http:\/\/www.holzgaleriadearte.com.ar\/\">Galer\u00eda Holz<\/a>, Arroyo 862, Buenos Aires. Lun-Vie 13-19 hs. 10.02.-24.02.<\/li>\n<li>&#8220;Fortaleza&#8221;, obras de Florencia Temperley, Alexandra Kehayoglou, Agust\u00edn Sirai, Andr\u00e9s Paredes. <a href=\"http:\/\/www.elsidelrio.com.ar\/\">Elsi del R\u00edo Arte Contempor\u00e1neo<\/a>, Humboldt 1510, Palermo Hollywood, Buenos Aires. Mar-Vie 14-20, S\u00e1b 11-15 hs. 10.02.-14.03.<\/li>\n<li>Ver\u00f3nica G\u00f3mez, &#8220;Fulgor&#8221;, instalaci\u00f3n. <a href=\"http:\/\/gachiprietogallery.com\/\">Gachi Prieto Gallery<\/a>, Uriarte 1976, Buenos Aires. Mar-Vie 13-20, S\u00e1b 12-18 hs. 18.02.-28.02.<\/li>\n<li><a href=\"http:\/\/ccmatienzo.com.ar\/wp\/events\/palm-yannitto\/\">Carl Palm (Suecia) y Guido Yannitto (Mendoza).<\/a> Curadur\u00eda: Leandro Mart\u00ednez Depietri y Renata Zas. Club Cultural Matienzo, Pringles 1249, Buenos Aires. Mar-Dom desde las 18 hs. Entrada gratis. 18.02.-22.03.<\/li>\n<li>&#8220;Yo, Nosotros, El Arte&#8221;, autorretratos de artistas o retratos de otros artistas, que ponen en im\u00e1genes sus ideas acerca del arte, sus convicciones o sus miedos. Obras de Carlos Alonso, Francisco Amatriain, L\u00edbero Badii, Gabriel Baggio, Antonio Berni, Emilia Bertol\u00e9, Oscar Bony, Marcelo Brodsky, Luis Camnitzer, Mario Canale, A\u00edda Carballo, P\u00edo Collivadino, Horacio Coppola, L\u00eda Correa Morales de Yrurtia, Nicola Costantino, Ernesto Deira, Zoe Di Rienzo, Ferm\u00edn Egu\u00eda, Tom\u00e1s Espina, Grupo Etc\u00e9tera\u2026, Fernando Fader, Raquel Forner, Ana Gallardo, Daniel Garc\u00eda, Nicol\u00e1s Garc\u00eda Uriburu, Edgardo Gim\u00e9nez, Carlos Gorriarena, Alberto Greco, Alfredo Guttero, Annemarie Heinrich, Carlos Herrera, Narcisa Hirsch, Carolina Katz, Roberto Jacoby, Carolina Katz, Federico Klemm, Fortunato Lac\u00e1mera, Jorge Larco, Marcos L\u00f3pez, Horacio Maira, Liliana Maresca, Marta Minuj\u00edn, Manuel Musto, Luis Felipe No\u00e9, Federico Peralta Ramos, Constanza Piaggio, Felipe Pino, Liliana Porter, Prilidiano Pueyrred\u00f3n, Rep, Res, Natalia Rizzo, Augusto Schiavoni, Marcia Schvartz, Eduardo S\u00edvori, Lino Enea Spilimbergo, Grete Stern, Pablo Su\u00e1rez, Graciela Taquini, Miguel Carlos Victorica, Francisco Vidal, Juan Andr\u00e9s Videla y Ana Weiss de Rossi. Curadur\u00eda: Laura Malosetti Costa. <a href=\"http:\/\/www.fundacionosde.com.ar\/backend\/upload\/files\/img_$275.pdf\">Cat\u00e1logo.<\/a> <a href=\"http:\/\/www.artefundacionosde.com.ar\/BO\/home.asp\">Espacio de Arte de Fundaci\u00f3n OSDE<\/a>, Suipacha 658, 1er piso, Buenos Aires. Lun-S\u00e1b 12-20 hs. Dom y feriados cerrado. Entrada libre y gratuita. 27.02.-03.05.<\/li>\n<\/ul>\n","protected":false},"excerpt":{"rendered":"<p>Klicken Sie hier, um die deutsche Version zu lesen. Agenda de Muestras 22\/02\/2014-01\/03\/2014 Por Susanne Franz \u00daltimo fin de semana para ver las inquietantes obras del artista australiano Ron Mueck. M\u00e1s de 150.000 personas ya visitaron la muestra inaugurada el 16 de noviembre en la Fundaci\u00f3n Proa (Pedro de Mendoza 1929, La Boca, Buenos Aires). [&hellip;]<\/p>\n","protected":false},"author":1,"featured_media":0,"comment_status":"open","ping_status":"open","sticky":false,"template":"","format":"standard","meta":{"footnotes":""},"categories":[18],"tags":[],"class_list":["post-18203","post","type-post","status-publish","format-standard","hentry","category-agenda"],"_links":{"self":[{"href":"https:\/\/kunstinargentinien.com\/index.php\/wp-json\/wp\/v2\/posts\/18203","targetHints":{"allow":["GET"]}}],"collection":[{"href":"https:\/\/kunstinargentinien.com\/index.php\/wp-json\/wp\/v2\/posts"}],"about":[{"href":"https:\/\/kunstinargentinien.com\/index.php\/wp-json\/wp\/v2\/types\/post"}],"author":[{"embeddable":true,"href":"https:\/\/kunstinargentinien.com\/index.php\/wp-json\/wp\/v2\/users\/1"}],"replies":[{"embeddable":true,"href":"https:\/\/kunstinargentinien.com\/index.php\/wp-json\/wp\/v2\/comments?post=18203"}],"version-history":[{"count":15,"href":"https:\/\/kunstinargentinien.com\/index.php\/wp-json\/wp\/v2\/posts\/18203\/revisions"}],"predecessor-version":[{"id":18264,"href":"https:\/\/kunstinargentinien.com\/index.php\/wp-json\/wp\/v2\/posts\/18203\/revisions\/18264"}],"wp:attachment":[{"href":"https:\/\/kunstinargentinien.com\/index.php\/wp-json\/wp\/v2\/media?parent=18203"}],"wp:term":[{"taxonomy":"category","embeddable":true,"href":"https:\/\/kunstinargentinien.com\/index.php\/wp-json\/wp\/v2\/categories?post=18203"},{"taxonomy":"post_tag","embeddable":true,"href":"https:\/\/kunstinargentinien.com\/index.php\/wp-json\/wp\/v2\/tags?post=18203"}],"curies":[{"name":"wp","href":"https:\/\/api.w.org\/{rel}","templated":true}]}}