{"id":1826,"date":"2009-07-11T09:10:16","date_gmt":"2009-07-11T12:10:16","guid":{"rendered":"http:\/\/kunstinargentinien.com\/index.php\/2009\/07\/11\/agenda-kalender-168\/"},"modified":"2009-08-09T16:58:16","modified_gmt":"2009-08-09T19:58:16","slug":"agenda-kalender-168","status":"publish","type":"post","link":"https:\/\/kunstinargentinien.com\/index.php\/2009\/07\/11\/agenda-kalender-168\/","title":{"rendered":"Agenda \/ Kalender"},"content":{"rendered":"<p><a href=\"http:\/\/kunstinargentinien.com\/index.php\/2009\/07\/11\/kalender-agenda-174\/\">Klicken Sie hier, um die deutsche Version zu lesen.<\/a><\/p>\n<p><strong>Agenda de Muestras 11\/07\/09-18\/07\/09<\/strong><\/p>\n<div align=center><img decoding=\"async\" id=\"image1803\" alt=pesce.jpg src=\"http:\/\/kunstinargentinien.com\/wp-content\/uploads\/2009\/06\/pesce.jpg\" \/><br \/>\n<em>&#8220;La obra de Pesce parece advertir que todo lo que sucede aqu\u00ed abajo est\u00e1 siendo supervisado desde all\u00e1 arriba. Un mundo vigilado por sat\u00e9lites y sofisticados sistemas tecnol\u00f3gicos que perdieron la dimensi\u00f3n de lo humano&#8221;, escribe Mar\u00eda Teresa Constantin sobre la obra reciente de Ernesto Pesce, que se podr\u00e1 ver hasta ma\u00f1ana, 12 de julio, en la sala Cronopios del <a href=\"http:\/\/centroculturalrecoleta.org\/ccr-sp\/\">Centro Cultural Recoleta<\/a>.<\/em><\/div>\n<p><strong><em>Centros de exposiciones<\/em><\/strong><\/p>\n<ul>\n<li><a href=\"http:\/\/www.malba.org.ar\/web\/\">MALBA<\/a> (Museo de Arte Latinoamericano de Buenos Aires), Av. Figueroa Alcorta 3415 (Jue-Lun y feriados 12-20 hs, Mi\u00e9rcoles hasta 21 hs, martes cerrado. Entrada 15 pesos, docentes y jubilados 8 pesos, estudiantes 5 pesos, menores de 5 a\u00f1os gratis. Mi\u00e9rcoles: Entrada 5 pesos, docentes y jubilados 3 pesos, estudiantes gratis): Luis F. Benedit, &#8220;Equinus Equestris&#8221;. 14.05.-27.07. \/ &#8220;Escuelismo &#8211; Arte argentino de los 90&#8221;, dibujos, pinturas, fotograf\u00edas, videos, objetos e instalaciones de Liliana Porter, Marcelo Pombo, Alfredo Prior, Liliana Maresca, Guillermo Kuitca, Cristina Schiavi, Jorge Macchi, Elba Bairon, M\u00f3nica Gir\u00f3n, Nushi Muntaabsky, Alberto Passolini, Beto De Volder, Leo Battistelli, entre otros. Sala 5, 2\u00ba piso. Visitas guiadas: Mie y Vie 17, Dom 18 hs. 18.06.-03.08. \/ &#8220;Intervenci\u00f3n 6&#8221;: Pablo Reinoso, &#8220;Enredamaderas&#8221;. Hasta noviembre 2009.<\/li>\n<li><a href=\"http:\/\/centroculturalrecoleta.org\/ccr-sp\/\">Centro Cultural Recoleta<\/a>, Jun\u00edn 1930 (Lun-Vie 14-21, Sab, Dom y feriados 10-21 hs): Ernesto Pesce, &#8220;La deriva. Obra reciente&#8221;. Curadora: Mar\u00eda Teresa Constantin. Sala Cronopios. 10.06.-12.07. \/ Matthias Schweickardt, &#8220;El congelamiento en la secuencia expresiva&#8221;, fotos. Espacio Central Planta Alta. 11.06.-12.07. \/ Marta Ares, &#8220;In\u00e1nime&#8221;, fotos y videos. Sala Prometeus. 16.06.-19.07. \/ Giovanna Forti, &#8220;Obras 1997\/2009&#8221;. Salas 1 y 2. 16.06.-12.07. \/ Alexandra Valdivieso Tassoni Estense y Daria Orlandini Malaguzzi Valeri, &#8220;Flash Existencial&#8221;. Sala 13. 18.06.-12.07. \/ Ana Seggiaro, &#8220;Nieve azul&#8221;. Sala 12. 19.06.-12.07.<\/li>\n<\/ul>\n<p><!--more--><\/p>\n<p><em><strong>Otras exposiciones<\/strong><\/em><\/p>\n<ul>\n<li>Alejandro Puente, &#8220;Un recorrido por su obra&#8221;, acr\u00edlicos, dibujos, arte plumario y obras sobre corcho, aglomerado y otros soportes. Curador: Oscar Moreno. Museo de la Universidad Nacional de Tres de Febrero (MUNTREF), Valent\u00edn G\u00f3mez 4828, Caseros (frente a estaci\u00f3n). Lun-Sab 11-20 hs. Visitas guiadas: Sab 15.30 hs. 14.05.-11.07.<\/li>\n<li>&#8220;Espacios urbanos: Andreas Gursky, Candida H\u00f6fer, Axel H\u00fctte, Thomas Ruff, Thomas Struth&#8221;. <a href=\"http:\/\/www.proa.org\/esp\/\">Fundaci\u00f3n Proa<\/a>, Av. Pedro de Mendoza 1929. Mar-Dom 11-19 hs. 31.05.-fines de julio.<\/li>\n<li>Osvaldo Decastelli, &#8220;Malas hierbas&#8221;, &#8220;Copia de seguridad&#8221;, instalaciones. \/ Luis Campos, &#8220;Humedades&#8221;. \/  Mookie Tenembaum, &#8220;Asociaciones il\u00edcitas&#8221;. <a href=\"http:\/\/www.galeriaartexarte.com\/\">artexarte<\/a>, Lavalleja 1062. Lun-Sab 13-20 hs; feriados cerrado. 03.06.-16.07.<\/li>\n<li>Jorge Pirozzi, &#8220;Brutal y Minuciosamente&#8221;, obra in\u00e9dita 2001\u20132009. <a href=\"http:\/\/www.masottatorres.com.ar\/\">MasottaTorres Arte Contempor\u00e1neo<\/a>, M\u00e9xico 459, San Telmo. 05.06.-17.07.<\/li>\n<li>Guillermo Didiego, pinturas. <a href=\"http:\/\/www.galeriamediterranea.com\/\">Mediterr\u00e1nea Galer\u00eda de Arte<\/a>, Pacheco 2380, Villa Urquiza (Alt. Monroe 4900). Lun-Vie 10-20.30, Sab 10-17 hs. 06.06.-15.07.<\/li>\n<li>&#8220;40 a\u00f1os: Expo Les Luthiers&#8221;. Museo de Arte Tigre (MAT), Paseo Victorica 972, Tigre. Mie-Vie 9-19. Sab y Dom 12-19 hs. Desde 10.06.<\/li>\n<li>Juan Astica, pinturas. <a href=\"http:\/\/www.wussmann.com\/\">Wussmann<\/a>, Venezuela 570. 10.06.-21.08.<\/li>\n<li>Daniel Baino, pinturas y objetos. <a href=\"http:\/\/www.roart.com.ar\/\">RO Galer\u00eda de Arte<\/a>, Paran\u00e1 1158. Lun-Vie 11-20 hs. 11.06.-13.07.<\/li>\n<li>Florencia Levy, &#8220;Sistema de Caminos&#8221;. \/ Carla Graziano, &#8220;Sobre domesticaci\u00f3n&#8221;. <a href=\"http:\/\/www.arte713.com\/?cId=650\">713 Arte Contempor\u00e1neo<\/a>, Defensa 713. Lun-Sab 13-19 hs. 11.06.-18.07.<\/li>\n<li>&#8220;Abrir el juego&#8221;, ensayos fotogr\u00e1ficos de Lucas Cheja, Mar\u00eda Jos\u00e9 D\u00b4Amico, Claudia Fainguersch y Paula Harrington. EspacioFotogr\u00e1fico del Teatro de la Ribera, Avenida Pedro de Mendoza 1821. Mar-Dom 10 hs hasta la finalizaci\u00f3n de las actividades del d\u00eda en el teatro, Lun 10-17 hs. Entrada libre. 13.06.-25.08.<\/li>\n<li>Delfina Blaquier, fotografias. Stud Frers, Rio de Janeiro 944, Mart\u00ednez. Desde 17.06.<\/li>\n<li>A\u00edda Carballo (1916-1985), &#8220;Entre el sue\u00f1o y la realidad&#8221;. Curadora: Gabriela Vicente Irraz\u00e1bal. \/ &#8220;Mundos para mirar &#8211; La ilustraci\u00f3n en los libros para ni\u00f1os&#8221;. Curadora: Liliana Men\u00e9ndez. <a href=\"http:\/\/www.artefundacionosde.com.ar\/bs-as\/index.html\">Espacio de Arte Fundaci\u00f3n Osde<\/a>, Suipacha 658, 1\u00ba piso. Lun-Sab 12-20 hs. 18.06.-22.08.<\/li>\n<li>Rub\u00e9n Locaso (1934-2001), &#8220;Obras seleccionadas&#8221;, esculturas. \/ Adri\u00e1n Pandolfo (1964), &#8220;Espacios Fant\u00e1sticos&#8221;, xilograf\u00edas. Zweiger Jovenich Galer\u00eda de Arte, Bulnes 2570, PB A. 18.06.-17.07.<\/li>\n<li>Katja Guggenheim (Suiza), pinturas y esculturas. Braque Galer\u00eda de Arte, Monroe 1996. Lun-Vie 16-20 hs. Desde 18.06.<\/li>\n<li>M\u00f3nica Giron, &#8220;El centro del Jard\u00edn&#8221;. <a href=\"http:\/\/www.zavaletalab.com\/\">ZavaletaLAB<\/a>, Venezuela 571. 19.06.-01.08.<\/li>\n<li>Dani Yako, &#8220;Un viaje&#8221;. La muestra parte de un antiguo retrato familiar con el que Yako visit\u00f3 Telaki, el pueblo polaco de su abuela paterna, y Treblinka, el campo donde los nazis exterminaron a varios integrantes de su familia. En la muestra se incluyen diez fotograf\u00edas tomadas en el itinerario, y aquella imagen sepia de la Europa de los a\u00f1os 20. <a href=\"http:\/\/www.fmh.org.ar\/\">Museo del Holocausto de Buenos Aires<\/a>, Montevideo 919. Lun-Jue 11-19, Vie 11-16 hs. Desde 30.06.<\/li>\n<li>Stella Sidi, &#8220;Mis caf\u00e9s&#8221;, foto-pinturas. <a href=\"http:\/\/www.hipolitorestoarte.com.ar\/sitio\/index.php\">Hip\u00f3lito Rest\u00f3 &#038; Arte<\/a>, Sarmiento 948. 30.06.-31.07.<\/li>\n<li>Grupo Mondongo, &#8220;Silencio&#8221;. \/ Estol, Goldenstein, Kuropatwa, Szalkowicz, &#8220;Talism\u00e1n se busca&#8221; (parte 1), fotograf\u00eda experimental. Curadora: Sonia Becce. <a href=\"http:\/\/www.ruthbenzacar.com\/\">Ruth Benzacar<\/a>, Florida 1000. Lun-Vie 11.30-20, Sab 10.30-13.30 hs. 01.07.-07.08.<\/li>\n<li>Tulio de Sagastiz\u00e1bal, &#8220;Continuo, Contiguo&#8221;. <a href=\"http:\/\/www.rubbers.com.ar\/\">Galer\u00eda Rubbers Internacional<\/a>, Av. Alvear 1595. Lun-Vie 11-20, Sab 11-13.30 hs. 02.07.-31.07.<\/li>\n<li>Ang\u00fa V\u00e1zquez, &#8220;Mares de agua fuerte&#8221;. Atica, Libertad 1240, PB 9. Lun-Vie 11-13 y 15-20, Sab 11-13.30 hs. 07.07.-01.08.<\/li>\n<li>&#8220;Crossover&#8221;, obras de Jorge Opazo, Catalina Schliebener, M\u00f3nica Potenza y Esteban Rivero. En el marco del Proyecto Cubo 2009, curado por N\u00e9stor Zonana. <a href=\"http:\/\/www.pabellon4.com\/\">Pabell\u00f3n 4<\/a>, Uriarte 1332, Palermo. Lun-Sab 16-20 hs. 07.07.-25.07.<\/li>\n<li>Gerhard Richter, &#8220;Survey&#8221;, retrospectiva. Galer\u00edas del Centro Cultural Parque de Espa\u00f1a, Rosario. Mar-Dom 15-20 hs. 08.07.-09.08.<\/li>\n<\/ul>\n","protected":false},"excerpt":{"rendered":"<p>Klicken Sie hier, um die deutsche Version zu lesen. Agenda de Muestras 11\/07\/09-18\/07\/09 &#8220;La obra de Pesce parece advertir que todo lo que sucede aqu\u00ed abajo est\u00e1 siendo supervisado desde all\u00e1 arriba. Un mundo vigilado por sat\u00e9lites y sofisticados sistemas tecnol\u00f3gicos que perdieron la dimensi\u00f3n de lo humano&#8221;, escribe Mar\u00eda Teresa Constantin sobre la obra [&hellip;]<\/p>\n","protected":false},"author":1,"featured_media":0,"comment_status":"open","ping_status":"open","sticky":false,"template":"","format":"standard","meta":{"footnotes":""},"categories":[3],"tags":[],"class_list":["post-1826","post","type-post","status-publish","format-standard","hentry","category-kalender-agenda"],"_links":{"self":[{"href":"https:\/\/kunstinargentinien.com\/index.php\/wp-json\/wp\/v2\/posts\/1826","targetHints":{"allow":["GET"]}}],"collection":[{"href":"https:\/\/kunstinargentinien.com\/index.php\/wp-json\/wp\/v2\/posts"}],"about":[{"href":"https:\/\/kunstinargentinien.com\/index.php\/wp-json\/wp\/v2\/types\/post"}],"author":[{"embeddable":true,"href":"https:\/\/kunstinargentinien.com\/index.php\/wp-json\/wp\/v2\/users\/1"}],"replies":[{"embeddable":true,"href":"https:\/\/kunstinargentinien.com\/index.php\/wp-json\/wp\/v2\/comments?post=1826"}],"version-history":[{"count":0,"href":"https:\/\/kunstinargentinien.com\/index.php\/wp-json\/wp\/v2\/posts\/1826\/revisions"}],"wp:attachment":[{"href":"https:\/\/kunstinargentinien.com\/index.php\/wp-json\/wp\/v2\/media?parent=1826"}],"wp:term":[{"taxonomy":"category","embeddable":true,"href":"https:\/\/kunstinargentinien.com\/index.php\/wp-json\/wp\/v2\/categories?post=1826"},{"taxonomy":"post_tag","embeddable":true,"href":"https:\/\/kunstinargentinien.com\/index.php\/wp-json\/wp\/v2\/tags?post=1826"}],"curies":[{"name":"wp","href":"https:\/\/api.w.org\/{rel}","templated":true}]}}