{"id":18310,"date":"2014-03-08T14:39:35","date_gmt":"2014-03-08T17:39:35","guid":{"rendered":"http:\/\/kunstinargentinien.com\/?p=18310"},"modified":"2014-03-10T12:02:52","modified_gmt":"2014-03-10T15:02:52","slug":"agenda-kalender-406","status":"publish","type":"post","link":"https:\/\/kunstinargentinien.com\/index.php\/2014\/03\/08\/agenda-kalender-406\/","title":{"rendered":"Agenda \/ Kalender"},"content":{"rendered":"<p><a href=\"http:\/\/kunstinargentinien.com\/index.php\/2014\/03\/08\/kalender-agenda-417\/\">Klicken Sie hier, um die deutsche Version zu lesen.<\/a><\/p>\n<p><strong>Agenda de Muestras 08\/03\/2014-15\/03\/2014<\/p>\n<p><em>Por Susanne Franz<\/em><\/strong><\/p>\n<p><a href=\"http:\/\/kunstinargentinien.com\/wp-content\/uploads\/2014\/03\/oh-boy.jpg\"><img loading=\"lazy\" decoding=\"async\" src=\"http:\/\/kunstinargentinien.com\/wp-content\/uploads\/2014\/03\/oh-boy.jpg\" alt=\"oh boy\" width=\"500\" height=\"308\" class=\"aligncenter size-full wp-image-18313\" srcset=\"https:\/\/kunstinargentinien.com\/wp-content\/uploads\/2014\/03\/oh-boy.jpg 500w, https:\/\/kunstinargentinien.com\/wp-content\/uploads\/2014\/03\/oh-boy-300x184.jpg 300w\" sizes=\"auto, (max-width: 500px) 100vw, 500px\" \/><\/a><br \/>\nLa d\u00e9cima edici\u00f3n del tradicional Encuentro Cinematogr\u00e1fico Argentino-Europeo organizado por el Instituto Nacional de Cine y Artes Audiovisuales de la Argentina y la Intendencia Municipal de Pinamar se desarrollar\u00e1 entre el 8 y el 16 de marzo de 2014. A modo de estreno en Argentina, el Goethe-Institut presenta dos producciones alemanas: &#8220;Oh Boy&#8221;, \u00f3pera prima de Jan-Ole Gerster, con Tom Schilling (foto); y &#8220;La medici\u00f3n del mundo&#8221; de Detlev Buck.<\/p>\n<p>&#8220;Oh Boy&#8221; (2012, 83 min.) se presentar\u00e1 el martes 11\/3 a las 21.45 hs. Es el relato de Niko Fischer que ha abandonado la universidad y deambula por Berl\u00edn. En turbulentos episodios, &#8220;Oh Boy&#8221; cuenta la vida de este joven que est\u00e1 a punto de cambiar radicalmente.<\/p>\n<p>&#8220;La medici\u00f3n del mundo&#8221; (2012, 120 min.) se presentar\u00e1 el s\u00e1bado, 8\/3, a las 20.20 hs, y el domingo, 16\/3, a las 14.55 hs. La pel\u00edcula est\u00e1 basada en la novela hom\u00f3nima de Daniel Kehlmann (2005). A principios del S. XIX, dos hombres investigan el mundo. Uno de ellos se concentra en lo visible; el otro, en lo imaginable. Alexander von Humboldt, hijo de una familia de la nobleza, viaja a Sudam\u00e9rica para medir el continente y descubrir nuevas formas de vida. Carl Friedrich Gauss, nacido en un entorno modesto, investiga en el escritorio de su casa, y se convierte en un reconocido matem\u00e1tico. Al final los dos alemanes, ya famosos y ancianos, se re\u00fanen. A la pregunta &#8220;\u00bfQu\u00e9 queda?&#8221;, Humboldt responde sin dudar: &#8220;La curiosidad&#8221;.<\/p>\n<p>Pantalla Pinamar, 10\u00ba Encuentro Cinematogr\u00e1fico Argentino-Europeo. Salas 1 y 2 del Complejo Oasis, Avenida Shaw, Pinamar. Programaci\u00f3n y horarios <a href=\"http:\/\/www.pantallapinamar.com\/\"><em>aqu\u00ed<\/em><\/a>. <\/p>\n<p>Las muestras de la semana:<!--more--><\/p>\n<p><strong><em>Centros de exposiciones<\/em><\/strong><\/p>\n<ul>\n<li><a href=\"http:\/\/www.proa.org\/esp\/\">Fundaci\u00f3n Proa<\/a>, Pedro de Mendoza 1929, La Boca, Buenos Aires (Mar-Dom 11-19 hs, Lun cerrado. Entrada $15, jubilados $10 y estudiantes $5; Mar gratis para estudiantes): Joseph Beuys (Alemania, 1921-1986), 110 obras de 1955-1985, entre objetos, pinturas, dibujos, videos y documentaciones de performances. Curadores: Silke Thomas, Claudia Seelmann y Rafael Raddi. Organizada por Galerie Thomas <em>Modern<\/em>, Munich, en colaboraci\u00f3n con el Instituto Plano Cultural, San Pablo, y Fundaci\u00f3n Proa. 22.03.-Junio 2014.<\/li>\n<li><a href=\"http:\/\/www.malba.org.ar\/web\/\">Malba<\/a> (Museo de Arte Latinoamericano de Buenos Aires), Av. Figueroa Alcorta 3415, Buenos Aires (Jue-Lun y feriados 12-20 hs, Mi\u00e9 hasta 21 hs, Mar cerrado. Entrada 45 pesos; estudiantes, docentes, jubilados o mayores de 65 a\u00f1os con acreditaci\u00f3n vigente 23 pesos. Personas con discapacidad: sin cargo; menores de 5 a\u00f1os: sin cargo. Mi\u00e9: Entrada 23 pesos; estudiantes, docentes y jubilados con acreditaci\u00f3n vigente: sin cargo. Personas con discapacidad: sin cargo): Elba Bairon, instalaci\u00f3n escult\u00f3rica concebida especialmente para el espacio del Museo d\u00f3nde se realiza el ciclo &#8220;Contempor\u00e1neo&#8221;. Sala 1 (planta baja). 17.10.-10.03. \/ Mario Testino (Per\u00fa), &#8220;In Your Face&#8221;, primera exposici\u00f3n en Argentina de uno de los fot\u00f3grafos m\u00e1s influyentes del mundo. Se presenta un conjunto de 122 fotograf\u00edas, seleccionadas por el propio Testino, que refleja la diversidad de su obra. Sala 5 (2\u00ba piso). Inauguraci\u00f3n: 14.03., 19 hs. Hasta 15.06.<\/li>\n<li><a href=\"http:\/\/www.centroculturalrecoleta.org\/nuevositio\/\">Centro Cultural Recoleta<\/a>, Jun\u00edn 1930, Buenos Aires (Mar-Vie 13-20, S\u00e1b, Dom y feriados 11-20 hs, Lun cerrado. Entrada libre y gratuita): Marcos Zimmermann, &#8220;360\u00ba&#8221;, retrospectiva con 200 obras del fot\u00f3grafo de los \u00faltimos 40 a\u00f1os. Curador: Oscar Pintor. Sala Cronopios. 26.02.-30.03.<\/li>\n<li><a href=\"http:\/\/museos.buenosaires.gob.ar\/mam2.htm\">Museo de Arte Moderno de Buenos Aires<\/a> (MAMba), San Juan 350, Buenos Aires (Mar-Vie 11-19, S\u00e1b, Dom y feriados 11-20 hs. Lunes cerrado, excepto feriados. Entrada general: $10. Martes gratis): Le\u00f3n y Coci\u00f1a (Chile), &#8220;La Bella y la Bestia&#8221;. 22.01.-06.04. \/ Sebasti\u00e1n Gord\u00edn, &#8220;Un extra\u00f1o efecto en el cielo&#8221;. 05.02.-20.04.<\/li>\n<li><a href=\"http:\/\/www.ccborges.org.ar\/\">Centro Cultural Borges<\/a>, Viamonte 525, Buenos Aires (Lun-S\u00e1b 10-21, Dom 12-21 hs. Entrada: 40 pesos, jubilados y estudiantes: 30 pesos): &#8220;Stones 50&#8221;, 100 fotograf\u00edas de los Rolling Stones, capturadas por el legendario fot\u00f3grafo brit\u00e1nico Michael Cooper (1941\u20131973). Sala 21. 13.12.-09.03. \/ Juan Romano, &#8220;El caminante y sus ensue\u00f1os&#8221;, pinturas y dibujos. Curadora: Martha Nogueira. Inauguraci\u00f3n: 13.03., 19 hs. Hasta 13.04.<\/li>\n<li><a href=\"http:\/\/complejoteatral.gob.ar\/ver\/fotografia\">FotoGaler\u00eda Banco Ciudad del Teatro San Mart\u00edn (CTBA)<\/a>, Av. Corrientes 1530 (Lun-Vie desde las 12 hs, S\u00e1b y Dom desde las 14 hs, hasta la finalizaci\u00f3n de las actividades del d\u00eda en el teatro. Entrada libre y gratuita): Mart\u00edn Felipe, &#8220;Los d\u00edas y las noches&#8221;, ensayo fotogr\u00e1fico. FotoGaler\u00eda Banco Ciudad. Inauguraci\u00f3n: 11.03., 19 hs. Hasta 04.05.<\/li>\n<\/ul>\n<p><em><strong>Otras exposiciones<\/strong><\/em><\/p>\n<ul>\n<li>&#8220;Hab\u00eda una vez&#8230;, mu\u00f1ecas y juguetes 1870-1940. Colecci\u00f3n de Mabel y Mar\u00eda Castellano Fotheringham&#8221;. <a href=\"http:\/\/agendacultural.buenosaires.gob.ar\/evento\/munecas-antiguas-en-la-casa-fernandez-blanco\/5094\">Casa Fern\u00e1ndez Blanco<\/a>, Hip\u00f3lito Yrigoyen 1420, Buenos Aires. Mar-Vie 12-18, S\u00e1b y Dom 11-17 hs. Feriados cerrado. Entrada $1. <a href=\"http:\/\/www.youtube.com\/watch?v=3WVqkTMT24g\">Clip Mu\u00f1ecas<\/a>. Desde 14.07.2012.<\/li>\n<li>Andr\u00e9s Waissman, &#8220;Abgrund&#8221;, viruta mural, instalaci\u00f3n a gran escala de animales de yeso, dibujos sobre papel y pinturas en esmalte blanco\/negras. Curadora: Laetitia de Monteil. \/ James Peck, &#8220;Las estrellas se ocultan tras las nubes&#8221;, pinturas. \/ Fernando Rosas junto a su padre Roberto Rosas, &#8220;Contiguo y Simult\u00e1neo&#8221;, esculturas. ECA Espacio Contempor\u00e1neo de Arte de Mendoza, 9 de Julio y Gutierrez, Ciudad de Mendoza, Argentina. Lun-S\u00e1b 9-21, Dom 16-21 hs. 06.12.-16.03.<\/li>\n<li>&#8220;Geometr\u00eda al l\u00edmite&#8221;, 25 artistas argentinos contempor\u00e1neos. <a href=\"http:\/\/www.macba.com.ar\/\">Museo de Arte Contempor\u00e1neo (MACBA)<\/a>, Av. San Juan 328, Buenos Aires. Lun-Vie 12-19, S\u00e1b y Dom 11-19.30 hs. Martes cerrado. Entrada: 25 pesos. Estudiantes, docentes y jubilados (o mayores de 65 a\u00f1os) con acreditaci\u00f3n vigente: 15 pesos. Menores de 12 a\u00f1os: gratis. Mi\u00e9: General: 15 pesos. Estudiantes, docentes y jubilados (o mayores de 65 a\u00f1os) con acreditaci\u00f3n vigente: 10 pesos. Menores de 12 a\u00f1os: gratis. 14.12.-04.05.<\/li>\n<li>Cal\u00e9 (Alejandro del Prado), &#8220;Trapitos al sol&#8221;, 60 originales, entre p\u00e1ginas terminadas, bocetos, pruebas y correcciones, apuntes, fotos, revistas, libros y otros objetos pertenecientes al artista. Colecci\u00f3n y curadur\u00eda: Biblioteca Nacional. MuHu &#8211; Museo del Humor, Edificio de la Munich, Av. de los Italianos 851, Costanera Sur, Buenos Aires. Lun-Vie 11-18, S\u00e1b, Dom y feriados 10-20 hs. Entrada libre y gratuita. 11.01.-09.03.<\/li>\n<li>&#8220;La China Hermosa&#8221;, muestra de fotograf\u00edas de la China contempor\u00e1nea en colaboraci\u00f3n con la Embajada de la Rep\u00fablica Popular de la China. <a href=\"http:\/\/museos.buenosaires.gob.ar\/saavedra.htm\">Museo Hist\u00f3rico Cornelio de Saavedra<\/a>, Cris\u00f3logo Larralde 6309, Buenos Aires. Mar-Vie 9-18, S\u00e1b, Dom y feriados 10-20 hs. Entrada $5; mi\u00e9rcoles gratis. 25.01.-09.03.<\/li>\n<li>&#8220;Fortaleza&#8221;, obras de Florencia Temperley, Alexandra Kehayoglou, Agust\u00edn Sirai, Andr\u00e9s Paredes. <a href=\"http:\/\/www.elsidelrio.com.ar\/\">Elsi del R\u00edo Arte Contempor\u00e1neo<\/a>, Humboldt 1510, Palermo Hollywood, Buenos Aires. Mar-Vie 14-20, S\u00e1b 11-15 hs. 10.02.-14.03.<\/li>\n<li><a href=\"http:\/\/ccmatienzo.com.ar\/wp\/events\/palm-yannitto\/\">Carl Palm (Suecia) y Guido Yannitto (Mendoza).<\/a> Curadur\u00eda: Leandro Mart\u00ednez Depietri y Renata Zas. Club Cultural Matienzo, Pringles 1249, Buenos Aires. Mar-Dom desde las 18 hs. Entrada gratis. 18.02.-22.03.<\/li>\n<li>&#8220;Yo, Nosotros, El Arte&#8221;, autorretratos de artistas o retratos de otros artistas, que ponen en im\u00e1genes sus ideas acerca del arte, sus convicciones o sus miedos. Obras de Carlos Alonso, Francisco Amatriain, L\u00edbero Badii, Gabriel Baggio, Antonio Berni, Emilia Bertol\u00e9, Oscar Bony, Marcelo Brodsky, Luis Camnitzer, Mario Canale, A\u00edda Carballo, P\u00edo Collivadino, Horacio Coppola, L\u00eda Correa Morales de Yrurtia, Nicola Costantino, Ernesto Deira, Zoe Di Rienzo, Ferm\u00edn Egu\u00eda, Tom\u00e1s Espina, Grupo Etc\u00e9tera\u2026, Fernando Fader, Raquel Forner, Ana Gallardo, Daniel Garc\u00eda, Nicol\u00e1s Garc\u00eda Uriburu, Edgardo Gim\u00e9nez, Carlos Gorriarena, Alberto Greco, Alfredo Guttero, Annemarie Heinrich, Carlos Herrera, Narcisa Hirsch, Carolina Katz, Roberto Jacoby, Carolina Katz, Federico Klemm, Fortunato Lac\u00e1mera, Jorge Larco, Marcos L\u00f3pez, Horacio Maira, Liliana Maresca, Marta Minuj\u00edn, Manuel Musto, Luis Felipe No\u00e9, Federico Peralta Ramos, Constanza Piaggio, Felipe Pino, Liliana Porter, Prilidiano Pueyrred\u00f3n, Rep, Res, Natalia Rizzo, Augusto Schiavoni, Marcia Schvartz, Eduardo S\u00edvori, Lino Enea Spilimbergo, Grete Stern, Pablo Su\u00e1rez, Graciela Taquini, Miguel Carlos Victorica, Francisco Vidal, Juan Andr\u00e9s Videla y Ana Weiss de Rossi. Curadur\u00eda: Laura Malosetti Costa. <a href=\"http:\/\/www.fundacionosde.com.ar\/backend\/upload\/files\/img_$275.pdf\">Cat\u00e1logo.<\/a> <a href=\"http:\/\/www.artefundacionosde.com.ar\/BO\/home.asp\">Espacio de Arte de Fundaci\u00f3n OSDE<\/a>, Suipacha 658, 1er piso, Buenos Aires. Lun-S\u00e1b 12-20 hs. Dom y feriados cerrado. Entrada libre y gratuita. 27.02.-03.05.<\/li>\n<li>Constanza Alberione, &#8220;Piques de ensue\u00f1o&#8221;. <a href=\"http:\/\/www.miaumiauestudio.com\/muestras\/alberione\/index.php\">Miau Miau<\/a>, Bulnes 2705, Buenos Aires. Lun-Vie 13-19 hs. 07.03.-07.04.<\/li>\n<li>Susana Mill\u00e1n, &#8220;Intervenci\u00f3n del espacio urbano &#8211; Inter Venidos&#8221;. Asociaci\u00f3n Cultural Pestalozzi, Auditorio, Ramon Freire 1882, Buenos Aires. Inauguraci\u00f3n: 10.03., 20 hs. Hasta 25.04.<\/li>\n<li>Rachel Lebenas, &#8220;El manto de los milagros&#8221;, dibujos. Espacio de Arte AMIA, Pasteur 633, entrepiso, Buenos Aires. Lun-Jue 10-19, Vie 10-16 hs. Entrada libre y gratuita. Se requiere identificaci\u00f3n para ingresar. Inauguraci\u00f3n: 12.03., 18.30 hs. Hasta 25.04.<\/li>\n<li>Santiago Carrera, &#8220;Evidencias&#8221;. Curadora: Melisa Boratyn. <a href=\"https:\/\/www.facebook.com\/naranjaverde\">Naranja\/Verde<\/a>, Av. Santa Fe 1284, piso 1, Buenos Aires. Inauguraci\u00f3n: 12.03., 20.30 hs. Hasta 12.04.<\/li>\n<li>Diego Perrotta, &#8220;Rituales Paganos&#8221;. <a href=\"https:\/\/www.facebook.com\/museos.rafaela.gob\">Museo Municipal de Bellas Artes Dr. Urbano Poggi<\/a>, Sarmiento 530, Rafaela, Santa Fe, Argentina. Mar-Vie 8-12 y 15.30-19, Dom 18-20.30 hs. Entrada libre y gratuita. Inauguraci\u00f3n: 14.03., 20.30 hs. Hasta 18.05.<\/li>\n<li>Carola Zech, esculturas. Curador: Philippe Cyroulnik. Galer\u00eda Vasari, Esmeralda 1357, Buenos Aires. Lun-Vie 11-20 hs. Inauguraci\u00f3n: 19.03., 19 hs. Hasta 25.04.<\/li>\n<\/ul>\n","protected":false},"excerpt":{"rendered":"<p>Klicken Sie hier, um die deutsche Version zu lesen. Agenda de Muestras 08\/03\/2014-15\/03\/2014 Por Susanne Franz La d\u00e9cima edici\u00f3n del tradicional Encuentro Cinematogr\u00e1fico Argentino-Europeo organizado por el Instituto Nacional de Cine y Artes Audiovisuales de la Argentina y la Intendencia Municipal de Pinamar se desarrollar\u00e1 entre el 8 y el 16 de marzo de 2014. [&hellip;]<\/p>\n","protected":false},"author":1,"featured_media":0,"comment_status":"open","ping_status":"open","sticky":false,"template":"","format":"standard","meta":{"footnotes":""},"categories":[18],"tags":[],"class_list":["post-18310","post","type-post","status-publish","format-standard","hentry","category-agenda"],"_links":{"self":[{"href":"https:\/\/kunstinargentinien.com\/index.php\/wp-json\/wp\/v2\/posts\/18310","targetHints":{"allow":["GET"]}}],"collection":[{"href":"https:\/\/kunstinargentinien.com\/index.php\/wp-json\/wp\/v2\/posts"}],"about":[{"href":"https:\/\/kunstinargentinien.com\/index.php\/wp-json\/wp\/v2\/types\/post"}],"author":[{"embeddable":true,"href":"https:\/\/kunstinargentinien.com\/index.php\/wp-json\/wp\/v2\/users\/1"}],"replies":[{"embeddable":true,"href":"https:\/\/kunstinargentinien.com\/index.php\/wp-json\/wp\/v2\/comments?post=18310"}],"version-history":[{"count":8,"href":"https:\/\/kunstinargentinien.com\/index.php\/wp-json\/wp\/v2\/posts\/18310\/revisions"}],"predecessor-version":[{"id":18328,"href":"https:\/\/kunstinargentinien.com\/index.php\/wp-json\/wp\/v2\/posts\/18310\/revisions\/18328"}],"wp:attachment":[{"href":"https:\/\/kunstinargentinien.com\/index.php\/wp-json\/wp\/v2\/media?parent=18310"}],"wp:term":[{"taxonomy":"category","embeddable":true,"href":"https:\/\/kunstinargentinien.com\/index.php\/wp-json\/wp\/v2\/categories?post=18310"},{"taxonomy":"post_tag","embeddable":true,"href":"https:\/\/kunstinargentinien.com\/index.php\/wp-json\/wp\/v2\/tags?post=18310"}],"curies":[{"name":"wp","href":"https:\/\/api.w.org\/{rel}","templated":true}]}}