{"id":1836,"date":"2009-07-04T08:35:37","date_gmt":"2009-07-04T11:35:37","guid":{"rendered":"http:\/\/kunstinargentinien.com\/index.php\/2009\/07\/04\/kalender-agenda-175\/"},"modified":"2009-07-18T11:14:54","modified_gmt":"2009-07-18T14:14:54","slug":"kalender-agenda-175","status":"publish","type":"post","link":"https:\/\/kunstinargentinien.com\/index.php\/2009\/07\/04\/kalender-agenda-175\/","title":{"rendered":"Kalender \/ Agenda"},"content":{"rendered":"<p><a href=\"http:\/\/kunstinargentinien.com\/index.php\/2009\/07\/04\/agenda-kalender-169\/\">Click aqu\u00ed para leer la versi\u00f3n en castellano.<\/a><\/p>\n<p><strong>Ausstellungs-Kalender 04.07.09-11.07.09<\/strong><\/p>\n<div align=center><img decoding=\"async\" id=\"image1831\" src=\"http:\/\/kunstinargentinien.com\/wp-content\/uploads\/2009\/07\/cub2.jpg\" alt=\"cub2.jpg\" \/><br \/>\n<em>Die Ausstellung \u201eCrossover &#8211; Proyecto Cubo 2009\u201c wird am 7. Juli im <a href=\"http:\/\/www.pabellon4.com\/\">Pabell\u00f3n 4<\/a> er\u00f6ffnet.<\/em><\/div>\n<p><em><strong>Ausstellungszentren<\/strong><\/em><\/p>\n<ul>\n<li><a href=\"http:\/\/www.malba.org.ar\/web\/\">MALBA<\/a> (Museo de Arte Latinoamericano de Buenos Aires), Av. Figueroa Alcorta 3415 (Do-Mo und feiertags 12-20 Uhr, mittwochs bis 21 Uhr, dienstags geschlossen. Eintritt 15 Pesos, Lehrer und Rentner 8 Pesos, Studenten 5 Pesos, unter 5-J\u00e4hrige gratis. Mittwochs: Eintritt 5 Pesos, Lehrer und Rentner 3 Pesos, Studenten gratis): Luis F. Benedit, \u201eEquinus Equestris\u201c. 14.5.-27.7. \/ \u201eEscuelismo &#8211; Arte argentino de los 90\u201c (Argentinische Kunst der 90er), Zeichnungen, Gem\u00e4lde, Fotos, Videos, Objekte und Installationen von Liliana Porter, Marcelo Pombo, Alfredo Prior, Liliana Maresca, Guillermo Kuitca, Cristina Schiavi, Jorge Macchi, Elba Bairon, M\u00f3nica Gir\u00f3n, Nushi Muntaabsky, Alberto Passolini, Beto De Volder, Leo Battistelli u.v.a. Saal 5, 2. Stock. F\u00fchrungen: Mi und Fr 17, So 18 Uhr. 18.6.-3.8. \/ \u201eIntervenci\u00f3n 6\u201c: Pablo Reinoso, \u201eEnredamaderas\u201c. Bis November.<\/li>\n<li><a href=\"http:\/\/centroculturalrecoleta.org\/ccr-sp\/\">Centro Cultural Recoleta<\/a>, Jun\u00edn 1930 (Mo-Fr 14-21, Sa, So und feiertags 10-21 Uhr): Ernesto Pesce, \u201eLa deriva. Obra reciente\u201c. Kuratorin: Mar\u00eda Teresa Constantin. Cronopios-Saal. 10.6.-12.7. \/ Matthias Schweickardt, \u201eEl congelamiento en la secuencia expresiva\u201c, Fotos. \u201eEspacio Central Planta Alta\u201c. 11.6.-12.7. \/ Marta Ares, \u201eIn\u00e1nime\u201c, Fotos und Videos. Prometeus-Saal. 16.6.-19.7. \/ Giovanna Forti, Werke 1997\/2009. S\u00e4le 1 und 2. 16.6.-12.7. \/ Alexandra Valdivieso Tassoni Estense und Daria Orlandini Malaguzzi Valeri, \u201eFlash Existencial\u201c. Saal 13. 18.6.-12.7. \/ Ana Seggiaro, \u201eNieve azul\u201c. Saal 12. 19.6.-12.7.<\/li>\n<\/ul>\n<p><!--more--><\/p>\n<p><em><strong>Sonstige Ausstellungen<\/strong><\/em><\/p>\n<ul>\n<li>Alejandro Puente, \u201eUn recorrido por su obra\u201c. Kurator: Oscar Moreno. Museo de la Universidad Nacional de Tres de Febrero (MUNTREF), Valent\u00edn G\u00f3mez 4828, Caseros (gegen\u00fcber der Zugstation). Mo-Sa 11-20 Uhr. F\u00fchrungen samstags 15.30 Uhr. 14.5.-11.7.<\/li>\n<li>M\u00f3nica Potenza, \u201eInvasi\u00f3n\u201c. Im Rahmen von \u201eProyecto Cubo 2009\u201c, kuratiert von N\u00e9stor Zonana. <a href=\"http:\/\/www.pabellon4.com\/\">Pabell\u00f3n 4<\/a>, Uriarte 1332, Palermo. Mo-Sa 16-20 Uhr. 27.5.-4.7.<\/li>\n<li>Florencio Molina Campos, Hommageausstellung anl\u00e4sslich seines 50. Todestags. <a href=\"http:\/\/www.zurbarangaleria.com.ar\/\">Zurbar\u00e1n Pilar<\/a>, Sheraton Pilar, Ruta Panamericana km 49,5, Pilar. T\u00e4glich 10-20 Uhr. 30.5.-10.7.<\/li>\n<li>\u201eEspacios urbanos: Andreas Gursky, Candida H\u00f6fer, Axel H\u00fctte, Thomas Ruff, Thomas Struth\u201c. <a href=\"http:\/\/www.proa.org\/esp\/\">Fundaci\u00f3n Proa<\/a>, Av. Pedro de Mendoza 1929. Di-So 11-19 Uhr. 31.5.-Ende Juli.<\/li>\n<li>Quinquela. <a href=\"http:\/\/www.zurbarangaleria.com.ar\/\">Zurbar\u00e1n<\/a>, Cerrito 1522. Mo-Fr 11-21, Sa 11-13 Uhr. 2.6.-11.7.<\/li>\n<li>Osvaldo Decastelli, \u201eMalas hierbas\u201c, \u201eCopia de seguridad\u201c, Installationen. \/ Luis Campos, \u201eHumedades\u201c. \/  Mookie Tenembaum, \u201eAsociaciones il\u00edcitas\u201c. <a href=\"http:\/\/www.galeriaartexarte.com\/\">artexarte<\/a>, Lavalleja 1062. Mo-Sa 13-20 Uhr; feiertags geschlossen. 3.6.-16.7.<\/li>\n<li>Jorge Pirozzi, \u201eBrutal y Minuciosamente\u201c, unver\u00f6ffentlichte Werke 2001\u20132009. <a href=\"http:\/\/www.masottatorres.com.ar\/\">MasottaTorres Arte Contempor\u00e1neo<\/a>, M\u00e9xico 459, San Telmo. 5.6.-17.7.<\/li>\n<li>Guillermo Didiego, Gem\u00e4lde. <a href=\"http:\/\/www.galeriamediterranea.com\/\">Mediterr\u00e1nea Galer\u00eda de Arte<\/a>, Pacheco 2380, Villa Urquiza (H\u00f6he Monroe 4900). Mo-Fr 10-20.30, Sa 10-17 Uhr. 6.6.-15.7.<\/li>\n<li>Diego Goldberg, \u201eTrabajos recientes 2003\/2009\u201c, Fotos. FotoGaler\u00eda des San Mart\u00edn-Theaters, Av. Corrientes 1530. Mo-Fr ab 12 Uhr, Sa und So ab 14 Uhr, bis zum Ende der Vorstellungen im Theater. Eintritt frei. Seit 9.6.<\/li>\n<li>\u201e40 a\u00f1os: Expo Les Luthiers\u201c. Museo de Arte Tigre (MAT), Paseo Victorica 972, Tigre. Mi-Fr 9-19. Sa und So 12-19 Uhr. Seit 10.6.<\/li>\n<li>Juan Astica, Gem\u00e4lde. <a href=\"http:\/\/www.wussmann.com\/\">Wussmann<\/a>, Venezuela 570. 10.6.-21.8.<\/li>\n<li>Daniel Baino, Gem\u00e4lde und Objekte. <a href=\"http:\/\/www.roart.com.ar\/\">RO Galer\u00eda de Arte<\/a>, Paran\u00e1 1158. Mo-Fr 11-20 Uhr. 11.6.-13.7.<\/li>\n<li>Florencia Levy, \u201eSistema de Caminos\u201c. \/ Carla Graziano, \u201eSobre domesticaci\u00f3n\u201c. <a href=\"http:\/\/www.arte713.com\/?cId=650\">713 Arte Contempor\u00e1neo<\/a>, Defensa 713. Mo-Sa 13-19 Uhr. 11.6.-18.7.<\/li>\n<li>\u201e20+20 &#8211; Dibujantes y grabadores argentinos\u201c (Argentinische Zeichner und Graphiker). Zeichnungen von Cristino Alonso, Jorge \u00c1lvaro, Juan Carlos Ben\u00edtez, Carlos Carmona, Luis de Bairos Moura, Julio Dolz, Ana Eckell, Ladislao Kelity, Alberto Klix, Ladislao Magyar, Marcelo Mayorga, Jorge Meijide, Miguel Ocampo, Norberto Onofrio, Ra\u00fal Ponce, Armando Sapia, Eduardo Stup\u00eda, Jorge Tapia, Ana Tarsia und In\u00e9s Vega. Graphiken von Alda Armagni, Olga Autunno, Horacio Beccaria, Marta Belmes, Alicia Candiani, A\u00edda Chercoff, Alicia D\u00edaz Rinaldi, Eduardo Levy, Matilde Mar\u00edn, Zulema Maza, Juio Leonelo Mu\u00f1eza, Lucrecia Orloff, Marta P\u00e9rez T\u00e9mperley, Ernesto Pesce, Mabel Rubli, Cristina Santander, Carlos Scannapieco, Fabi\u00e1n Velasco, Graciela Zar und Estela Zariquiegui. \/ Carlos Patricio Gonz\u00e1lez, Grahiken zu Rodolfo Kuschs Buch \u201eSomos una simple clase media\u201c, das bei der Er\u00f6ffnung pr\u00e4sentiert wird. Museo Eduardo S\u00edvori, Av. Infanta Isabel 555 (gegen\u00fcber der Br\u00fccke des \u201eRosedal\u201c &#8211; Rosengarten &#8211; von Palermo). Di-Fr 12-20, Sa, So und feiertags 10-20 Uhr. Eintritt 1 Peso f\u00fcr Argentinier, 3 Pesos f\u00fcr Ausl\u00e4nder. 13.6.-5.7.<\/li>\n<li>\u201eAbrir el juego\u201c, Foto-Essays von Lucas Cheja, Mar\u00eda Jos\u00e9 D\u00b4Amico, Claudia Fainguersch und Paula Harrington. \u201eEspacioFotogr\u00e1fico\u201c des Teatro de la Ribera, Av. Pedro de Mendoza 1821. Di-So 10 Uhr bis zum Ende der Veranstaltungen im Theater, Mo 10-17 Uhr. Eintritt frei. 13.6.-25.8.<\/li>\n<li>Delfina Blaquier, Fotos. Stud Frers, Rio de Janeiro 944, Mart\u00ednez. Seit 17.6.<\/li>\n<li>A\u00edda Carballo (1916-1985), \u201eEntre el sue\u00f1o y la realidad\u201c (Zwischen Traum und Wirklichkeit). Kuratorin: Gabriela Vicente Irraz\u00e1bal. \/ \u201eMundos para mirar &#8211; La ilustraci\u00f3n en los libros para ni\u00f1os\u201c (Welten zum Angucken &#8211; Die Illustration in Kinderb\u00fcchern). Kuratorin: Liliana Men\u00e9ndez. <a href=\"http:\/\/www.artefundacionosde.com.ar\/bs-as\/index.html\">Espacio de Arte Fundaci\u00f3n Osde<\/a>, Suipacha 658, 1. Stock. Mo-Sa 12-20 Uhr. 18.6.-22.8.<\/li>\n<li>Rub\u00e9n Locaso (1934-2001), \u201eObras seleccionadas\u201c, Skulpturen. \/ Adri\u00e1n Pandolfo (1964), \u201eEspacios Fant\u00e1sticos\u201c, Holzschnitte. Zweiger Jovenich Galer\u00eda de Arte, Bulnes 2570, Erdgeschoss \u201eA\u201c. 18.6.-17.7.<\/li>\n<li>Katja Guggenheim (Schweiz), Gem\u00e4lde und Skulpturen. Braque Galer\u00eda de Arte, Monroe 1996. Mo-Fr 16-20 Uhr. Seit 18.6.<\/li>\n<li>M\u00f3nica Giron, \u201eEl centro del Jard\u00edn\u201c. <a href=\"http:\/\/www.zavaletalab.com\/\">ZavaletaLAB<\/a>, Venezuela 571. 19.6.-1.8.<\/li>\n<li>Dani Yako, \u201eUn viaje\u201c (Eine Reise). Die Ausstellung nimmt ein altes Familienportr\u00e4t als Ausgangspunkt, das Dani Yako auf seiner Reise nach Telaki begleitete, in das polnische Dorf, aus dem seine Gro\u00dfmutter v\u00e4terlicherseits stammte. Und dann auch nach Treblinka, in das Konzentrationslager, in dem mehrere Mitglieder seiner Familie von den Nazis ermordet wurden. Auf den 10 Fotos der Ausstellung spielt auch immer jenes Sepia-Bild aus dem Europa der 20er Jahre eine Rolle. <a href=\"http:\/\/www.fmh.org.ar\/\">Museo del Holocausto de Buenos Aires<\/a>, Montevideo 919. Mo-Do 11-19, Fr 11-16 Uhr. Seit 30.6.<\/li>\n<li>Stella Sidi, \u201eMis caf\u00e9s\u201c, Foto-Gem\u00e4lde. <a href=\"http:\/\/www.hipolitorestoarte.com.ar\/sitio\/index.php\">Hip\u00f3lito Rest\u00f3 &#038; Arte<\/a>, Sarmiento 948. 30.6.-31.7.<\/li>\n<li>Tulio de Sagastiz\u00e1bal, \u201eContinuo, Contiguo\u201c. <a href=\"http:\/\/www.rubbers.com.ar\/\">Galer\u00eda Rubbers Internacional<\/a>, Av. Alvear 1595. Mo-Fr 11-20, Sa 11-13.30 Uhr. 2.7.-31.7.<\/li>\n<li>\u201eCrossover\u201c, Werke von Jorge Opazo, Catalina Schliebener, M\u00f3nica Potenza und Esteban Rivero. Im Rahmen von \u201eProyecto Cubo 2009\u201c, kuratiert von N\u00e9stor Zonana. <a href=\"http:\/\/www.pabellon4.com\/\">Pabell\u00f3n 4<\/a>, Uriarte 1332, Palermo. Mo-Sa 16-20 Uhr. Er\u00f6ffnung: 7.7., 20 Uhr. Bis 25.7.<\/li>\n<\/ul>\n","protected":false},"excerpt":{"rendered":"<p>Click aqu\u00ed para leer la versi\u00f3n en castellano. Ausstellungs-Kalender 04.07.09-11.07.09 Die Ausstellung \u201eCrossover &#8211; Proyecto Cubo 2009\u201c wird am 7. Juli im Pabell\u00f3n 4 er\u00f6ffnet. Ausstellungszentren MALBA (Museo de Arte Latinoamericano de Buenos Aires), Av. Figueroa Alcorta 3415 (Do-Mo und feiertags 12-20 Uhr, mittwochs bis 21 Uhr, dienstags geschlossen. Eintritt 15 Pesos, Lehrer und Rentner [&hellip;]<\/p>\n","protected":false},"author":1,"featured_media":0,"comment_status":"open","ping_status":"open","sticky":false,"template":"","format":"standard","meta":{"footnotes":""},"categories":[3],"tags":[],"class_list":["post-1836","post","type-post","status-publish","format-standard","hentry","category-kalender-agenda"],"_links":{"self":[{"href":"https:\/\/kunstinargentinien.com\/index.php\/wp-json\/wp\/v2\/posts\/1836","targetHints":{"allow":["GET"]}}],"collection":[{"href":"https:\/\/kunstinargentinien.com\/index.php\/wp-json\/wp\/v2\/posts"}],"about":[{"href":"https:\/\/kunstinargentinien.com\/index.php\/wp-json\/wp\/v2\/types\/post"}],"author":[{"embeddable":true,"href":"https:\/\/kunstinargentinien.com\/index.php\/wp-json\/wp\/v2\/users\/1"}],"replies":[{"embeddable":true,"href":"https:\/\/kunstinargentinien.com\/index.php\/wp-json\/wp\/v2\/comments?post=1836"}],"version-history":[{"count":0,"href":"https:\/\/kunstinargentinien.com\/index.php\/wp-json\/wp\/v2\/posts\/1836\/revisions"}],"wp:attachment":[{"href":"https:\/\/kunstinargentinien.com\/index.php\/wp-json\/wp\/v2\/media?parent=1836"}],"wp:term":[{"taxonomy":"category","embeddable":true,"href":"https:\/\/kunstinargentinien.com\/index.php\/wp-json\/wp\/v2\/categories?post=1836"},{"taxonomy":"post_tag","embeddable":true,"href":"https:\/\/kunstinargentinien.com\/index.php\/wp-json\/wp\/v2\/tags?post=1836"}],"curies":[{"name":"wp","href":"https:\/\/api.w.org\/{rel}","templated":true}]}}