{"id":1845,"date":"2009-07-25T13:52:08","date_gmt":"2009-07-25T16:52:08","guid":{"rendered":"http:\/\/kunstinargentinien.com\/index.php\/2009\/07\/25\/agenda-kalender-171\/"},"modified":"2009-08-09T16:57:19","modified_gmt":"2009-08-09T19:57:19","slug":"agenda-kalender-171","status":"publish","type":"post","link":"https:\/\/kunstinargentinien.com\/index.php\/2009\/07\/25\/agenda-kalender-171\/","title":{"rendered":"Agenda \/ Kalender"},"content":{"rendered":"<p><a href=\"http:\/\/kunstinargentinien.com\/index.php\/2009\/07\/25\/kalender-agenda-177\/\">Klicken Sie hier, um die deutsche Version zu lesen.<\/a><\/p>\n<p><strong>Agenda de Muestras 25\/07\/09-01\/08\/09<\/strong><\/p>\n<div align=center><img decoding=\"async\" id=\"image1844\" alt=obrien.jpg src=\"http:\/\/kunstinargentinien.com\/wp-content\/uploads\/2009\/07\/obrien.jpg\" \/><br \/>\n<em>El jueves se inaugur\u00f3 una muestra-homenaje a Nelly O&#8217;Brien de Lacy en la Galer\u00eda Vermeer.<\/em><\/div>\n<p><strong><em>Centros de exposiciones<\/em><\/strong><\/p>\n<ul>\n<li><a href=\"http:\/\/www.malba.org.ar\/web\/\">MALBA<\/a> (Museo de Arte Latinoamericano de Buenos Aires), Av. Figueroa Alcorta 3415 (Jue-Lun y feriados 12-20 hs, Mi\u00e9rcoles hasta 21 hs, martes cerrado. Entrada 15 pesos, docentes y jubilados 8 pesos, estudiantes 5 pesos, menores de 5 a\u00f1os gratis. Mi\u00e9rcoles: Entrada 5 pesos, docentes y jubilados 3 pesos, estudiantes gratis): Luis F. Benedit, &#8220;Equinus Equestris&#8221;. 14.05.-27.07. \/ &#8220;Escuelismo &#8211; Arte argentino de los 90&#8221;, dibujos, pinturas, fotograf\u00edas, videos, objetos e instalaciones de Liliana Porter, Marcelo Pombo, Alfredo Prior, Liliana Maresca, Guillermo Kuitca, Cristina Schiavi, Jorge Macchi, Elba Bairon, M\u00f3nica Gir\u00f3n, Nushi Muntaabsky, Alberto Passolini, Beto De Volder, Leo Battistelli, entre otros. Sala 5, 2\u00ba piso. Visitas guiadas: Mie y Vie 17, Dom 18 hs. 18.06.-03.08. \/ &#8220;Intervenci\u00f3n 6&#8221;: Pablo Reinoso, &#8220;Enredamaderas&#8221;. Hasta noviembre 2009.<\/li>\n<li><a href=\"http:\/\/centroculturalrecoleta.org\/ccr-sp\/\">Centro Cultural Recoleta<\/a>, Jun\u00edn 1930 (Lun-Vie 14-21, Sab, Dom y feriados 10-21 hs): Alfredo Benavidez Bedoya, &#8220;Huellas por la memoria y la justicia&#8221;. Espacio Central PB. Muestra organizada por la AMIA. 08.07.-02.08. \/ Pedro Roth, &#8220;Seiscientos por diez mil&#8221;. Curador: Elio Kapszuk. Cada uno de los seiscientos peque\u00f1os dibujos de la muestra es el testimonio por diez mil muertos y si multiplic\u00e1ramos el n\u00famero de dibujos por el de muertos, da los seis millones del genocidio nazi. Sala C. 17.07.-09.08. \/ Carlos Gorriarena, &#8220;Siglo XXI&#8221;, pinturas. Curador: Ra\u00fal Santana. Sala Cronopios. 23.07.-23.08. \/ Alda Armagni, &#8220;Latidos de Amerindia&#8221;, grabados 2003-2009. Sala J. Inauguraci\u00f3n: 31.07., 19 hs. Hasta 23.08.<\/li>\n<p><!--more--><\/p>\n<li><a href=\"http:\/\/www.pabellon4.com\/\">Pabell\u00f3n 4<\/a>, Uriarte 1332, Palermo Viejo (Lun-Sab 16-20 hs):<br \/>\n&#8220;Crossover&#8221;, obras de Jorge Opazo, Catalina Schliebener, M\u00f3nica Potenza y Esteban Rivero. En el marco del Proyecto Cubo 2009, curado por N\u00e9stor Zonana. 07.07.-25.07. \/ Fabiana Gonzalez, &#8220;Todas las puertas&#8221;, pinturas. Sala I. Inauguraci\u00f3n: 28.07., 20 hs. Hasta 15.08. \/ Renata Sanz Fufanti, &#8220;Eterno Resplandor&#8221;, fotograf\u00eda. Sala II. Inauguraci\u00f3n: 28.07., 20 hs. Hasta 15.08. \/ Jorge Opazo, &#8220;Todos los robots, androides y cyborgs con nosotros&#8221;, pinturas, fotograf\u00eda, mixtas y Wincofon Monster &#8211; performance apertura. En el marco del Proyecto Cubo 2009, curado por N\u00e9stor Zonana. Sala Proyecto Cubo. Inauguraci\u00f3n: 28.07., 20 hs. Hasta 05.09.<\/li>\n<\/ul>\n<p><em><strong>Otras exposiciones<\/strong><\/em><\/p>\n<ul>\n<li>&#8220;Espacios urbanos: Andreas Gursky, Candida H\u00f6fer, Axel H\u00fctte, Thomas Ruff, Thomas Struth&#8221;. <a href=\"http:\/\/www.proa.org\/esp\/\">Fundaci\u00f3n Proa<\/a>, Av. Pedro de Mendoza 1929. Mar-Dom 11-19 hs. 31.05.-fines de julio.<\/li>\n<li>Juan Astica, pinturas. <a href=\"http:\/\/www.wussmann.com\/\">Wussmann<\/a>, Venezuela 570. 10.06.-21.08.<\/li>\n<li>&#8220;Abrir el juego&#8221;, ensayos fotogr\u00e1ficos de Lucas Cheja, Mar\u00eda Jos\u00e9 D\u00b4Amico, Claudia Fainguersch y Paula Harrington. EspacioFotogr\u00e1fico del Teatro de la Ribera, Avenida Pedro de Mendoza 1821. Mar-Dom 10 hs hasta la finalizaci\u00f3n de las actividades del d\u00eda en el teatro, Lun 10-17 hs. Entrada libre. 13.06.-25.08.<\/li>\n<li>A\u00edda Carballo (1916-1985), &#8220;Entre el sue\u00f1o y la realidad&#8221;. Curadora: Gabriela Vicente Irraz\u00e1bal. \/ &#8220;Mundos para mirar &#8211; La ilustraci\u00f3n en los libros para ni\u00f1os&#8221;. Curadora: Liliana Men\u00e9ndez. <a href=\"http:\/\/www.artefundacionosde.com.ar\/bs-as\/index.html\">Espacio de Arte Fundaci\u00f3n Osde<\/a>, Suipacha 658, 1\u00ba piso. Lun-Sab 12-20 hs. 18.06.-22.08.<\/li>\n<li>M\u00f3nica Gir\u00f3n, &#8220;El centro del Jard\u00edn&#8221;. <a href=\"http:\/\/www.zavaletalab.com\/\">ZavaletaLAB<\/a>, Venezuela 571. 19.06.-01.08.<\/li>\n<li>Dani Yako, &#8220;Un viaje&#8221;. La muestra parte de un antiguo retrato familiar con el que Yako visit\u00f3 Telaki, el pueblo polaco de su abuela paterna, y Treblinka, el campo donde los nazis exterminaron a varios integrantes de su familia. En la muestra se incluyen diez fotograf\u00edas tomadas en el itinerario, y aquella imagen sepia de la Europa de los a\u00f1os 20. <a href=\"http:\/\/www.fmh.org.ar\/\">Museo del Holocausto de Buenos Aires<\/a>, Montevideo 919. Lun-Jue 11-19, Vie 11-16 hs. Desde 30.06.<\/li>\n<li>Stella Sidi, &#8220;Mis caf\u00e9s&#8221;, foto-pinturas. <a href=\"http:\/\/www.hipolitorestoarte.com.ar\/sitio\/index.php\">Hip\u00f3lito Rest\u00f3 &#038; Arte<\/a>, Sarmiento 948. 30.06.-31.07.<\/li>\n<li>Rafael Gonz\u00e1lez Moreno, &#8220;Modul Ando&#8221;. Galer\u00eda Braga Men\u00e9ndez, Humboldt 1574. Lun-Sab 13-20 hs. 30.06.-29.08.<\/li>\n<li>Grupo Mondongo, &#8220;Silencio&#8221;. \/ Estol, Goldenstein, Kuropatwa, Szalkowicz, &#8220;Talism\u00e1n se busca&#8221; (parte 1), fotograf\u00eda experimental. Curadora: Sonia Becce. <a href=\"http:\/\/www.ruthbenzacar.com\/\">Ruth Benzacar<\/a>, Florida 1000. Lun-Vie 11.30-20, Sab 10.30-13.30 hs. 01.07.-07.08.<\/li>\n<li>Mar\u00eda Marta Crespo, pinturas. British Arts Centre, Suipacha 1333. Mar-Vie 14-18.30 hs. 01.07.-31.07.<\/li>\n<li>Tulio de Sagastiz\u00e1bal, &#8220;Continuo, Contiguo&#8221;. <a href=\"http:\/\/www.rubbers.com.ar\/\">Galer\u00eda Rubbers Internacional<\/a>, Av. Alvear 1595. Lun-Vie 11-20, Sab 11-13.30 hs. 02.07.-31.07.<\/li>\n<li>Mar\u00eda Cristina Cerro, pinturas. <a href=\"http:\/\/www.vanriel.com.ar\/\">Galer\u00eda van Riel<\/a>, Juncal 790, PB. Lun-Vie 15-20, Sab 11-13 hs. 02.07.-01.08.<\/li>\n<li>Ang\u00fa V\u00e1zquez, &#8220;Mares de agua fuerte&#8221;. Atica, Libertad 1240, PB 9. Lun-Vie 11-13 y 15-20, Sab 11-13.30 hs. 07.07.-01.08.<\/li>\n<li>Juan Stoppani, &#8220;Muestra Antol\u00f3gica&#8221;. Castagnino Rold\u00e1n, Juncal 743. Lun-Vie 10-19 hs. 07.07.-31.07.<\/li>\n<li>Alejandrina Sol\u00e1, &#8220;De c\u00f3mo conoc\u00ed las p\u00e9rdidas y me convert\u00ed en una exagerada&#8221;. <a href=\"http:\/\/www.decastelliarte.blogspot.com\/\">Decastelli Arte<\/a>, Chile 354, San Telmo. Dom-Vie 11-18 hs, s\u00e1bados cerrado. 07.07.-02.08.<\/li>\n<li>Gerhard Richter, &#8220;Survey&#8221;, retrospectiva. Galer\u00edas del Centro Cultural Parque de Espa\u00f1a, Rosario. Mar-Dom 15-20 hs. 08.07.-09.08.<\/li>\n<li>&#8220;Extranjer\u00edas&#8221;, obras de Carlos Amorales, Pat Badani, Mart\u00edn Bonadeo, Mariana Castillo Deball, Roberto Jacoby, Jorge Macchi, Liliana Porter, Mariano Sard\u00f3n, Leonardo Solaas, Tamara Stuby. Curadores: N\u00e9stor Garc\u00eda Canclini, Andrea Giunta. <a href=\"http:\/\/www.fundacion.telefonica.com.ar\/espacio\/\">Espacio Fundaci\u00f3n Telef\u00f3nica<\/a>, Arenales 1540. 08.07.-27.09.<\/li>\n<li>Pedro Roth, &#8220;Desde la cama&#8221;, pinturas. Museo Eduardo S\u00edvori, Sala Temporaria B, Av. Infanta Isabel 555 (frente al puente del Rosedal). Mar-Vie 12-20, Sab, Dom y feriados 10-20 hs. 11.07.-02.08.<\/li>\n<li>&#8220;Photosuisse &#8211; Fotograf\u00eda Suiza Contempor\u00e1nea&#8221;. <a href=\"http:\/\/www.ccborges.org.ar\/\">Centro Cultural Borges<\/a>, Viamonte\/San Mart\u00edn. Lun-Sab 10-21, Dom 12-21 hs. Entrada 10 pesos. 23.07.-17.08.<\/li>\n<li>Nelly O&#8217;Brien de Lacy, &#8220;Memorias de im\u00e1genes inquietantes&#8221;, acuarelas. Vermeer, Suipacha 1168. 23.07.-12.08.<\/li>\n<li>Cinthia De Levie, &#8220;Diez minutos antes de que anochezca&#8221;. \/ D\u00e9bora Pierpaoli, &#8220;No te dejar\u00e9 morir&#8221;. <a href=\"http:\/\/www.arte713.com\/?cId=650\">713 Arte Contempor\u00e1neo<\/a>, Defensa 713. Lun-Sab 13-19 hs. 23.07.-29.08.<\/li>\n<li>Diego Bastos, &#8220;Para alejarse del suelo&#8221;, pinturas. Sala Planta Baja. \/ Juan Pablo Inzirillo, &#8220;Zooml\u00f3gico&#8221;. Sala Subterr\u00e1nea. <a href=\"http:\/\/www.masottatorres.com.ar\/\">MasottaTorres Arte Contempor\u00e1neo<\/a>, M\u00e9xico 459, San Telmo. Mar-Vie 14-20, Sab 16-20 hs. 24.07.-28.08.<\/li>\n<li>Emma Livingston &#038; Marina Curci. <a href=\"http:\/\/www.roart.com.ar\/\">RO Galer\u00eda de Arte<\/a>, Paran\u00e1 1158. Lun-Vie 11-20 hs. A partir del 27.07.<\/li>\n<li>Mar\u00eda Suardi, &#8220;Tocar con los ojos, ver con los dedos&#8221;, grabados. Atica Galer\u00eda de Arte, Libertad 1240, PB 9. Lun-Vie 11-13 y 15-20, Sab 11-13.30 hs. Inauguraci\u00f3n: 04.08., 19 hs. Hasta 29.08. El jueves 13 de agosto a las 19 hs se presentar\u00e1 el libro &#8220;Bosquemas&#8221; con textos de Mario Merlino e im\u00e1genes de Mar\u00eda Suardi. Los textos ser\u00e1n le\u00eddos por Luciano Suardi y Fabiana Falc\u00f3n.<\/li>\n<\/ul>\n","protected":false},"excerpt":{"rendered":"<p>Klicken Sie hier, um die deutsche Version zu lesen. Agenda de Muestras 25\/07\/09-01\/08\/09 El jueves se inaugur\u00f3 una muestra-homenaje a Nelly O&#8217;Brien de Lacy en la Galer\u00eda Vermeer. Centros de exposiciones MALBA (Museo de Arte Latinoamericano de Buenos Aires), Av. Figueroa Alcorta 3415 (Jue-Lun y feriados 12-20 hs, Mi\u00e9rcoles hasta 21 hs, martes cerrado. Entrada [&hellip;]<\/p>\n","protected":false},"author":1,"featured_media":0,"comment_status":"open","ping_status":"open","sticky":false,"template":"","format":"standard","meta":{"footnotes":""},"categories":[3],"tags":[],"class_list":["post-1845","post","type-post","status-publish","format-standard","hentry","category-kalender-agenda"],"_links":{"self":[{"href":"https:\/\/kunstinargentinien.com\/index.php\/wp-json\/wp\/v2\/posts\/1845","targetHints":{"allow":["GET"]}}],"collection":[{"href":"https:\/\/kunstinargentinien.com\/index.php\/wp-json\/wp\/v2\/posts"}],"about":[{"href":"https:\/\/kunstinargentinien.com\/index.php\/wp-json\/wp\/v2\/types\/post"}],"author":[{"embeddable":true,"href":"https:\/\/kunstinargentinien.com\/index.php\/wp-json\/wp\/v2\/users\/1"}],"replies":[{"embeddable":true,"href":"https:\/\/kunstinargentinien.com\/index.php\/wp-json\/wp\/v2\/comments?post=1845"}],"version-history":[{"count":0,"href":"https:\/\/kunstinargentinien.com\/index.php\/wp-json\/wp\/v2\/posts\/1845\/revisions"}],"wp:attachment":[{"href":"https:\/\/kunstinargentinien.com\/index.php\/wp-json\/wp\/v2\/media?parent=1845"}],"wp:term":[{"taxonomy":"category","embeddable":true,"href":"https:\/\/kunstinargentinien.com\/index.php\/wp-json\/wp\/v2\/categories?post=1845"},{"taxonomy":"post_tag","embeddable":true,"href":"https:\/\/kunstinargentinien.com\/index.php\/wp-json\/wp\/v2\/tags?post=1845"}],"curies":[{"name":"wp","href":"https:\/\/api.w.org\/{rel}","templated":true}]}}