{"id":18493,"date":"2014-04-05T09:17:43","date_gmt":"2014-04-05T12:17:43","guid":{"rendered":"http:\/\/kunstinargentinien.com\/?p=18493"},"modified":"2014-04-12T18:07:18","modified_gmt":"2014-04-12T21:07:18","slug":"kalender-agenda-421","status":"publish","type":"post","link":"https:\/\/kunstinargentinien.com\/index.php\/2014\/04\/05\/kalender-agenda-421\/","title":{"rendered":"Kalender \/ Agenda"},"content":{"rendered":"<p><a href=\"http:\/\/kunstinargentinien.com\/index.php\/2014\/04\/05\/agenda-kalender-410\/\">Click aqu\u00ed\u00ad para leer la versi\u00f3n en castellano.<\/a><\/p>\n<p><strong>Ausstellungskalender 05\/04\/2014-12\/04\/2014<\/p>\n<p><em>Von Susanne Franz<\/em><\/strong><\/p>\n<p><a href=\"http:\/\/kunstinargentinien.com\/wp-content\/uploads\/2014\/04\/triangulo.jpg\"><img loading=\"lazy\" decoding=\"async\" src=\"http:\/\/kunstinargentinien.com\/wp-content\/uploads\/2014\/04\/triangulo.jpg\" alt=\"triangulo\" width=\"210\" height=\"313\" class=\"alignright size-full wp-image-18488\" srcset=\"https:\/\/kunstinargentinien.com\/wp-content\/uploads\/2014\/04\/triangulo.jpg 210w, https:\/\/kunstinargentinien.com\/wp-content\/uploads\/2014\/04\/triangulo-201x300.jpg 201w\" sizes=\"auto, (max-width: 210px) 100vw, 210px\" \/><\/a>Am Montag, den 7. April, um 19.30 Uhr, wird im &#8220;Museo del Holocausto&#8221; (Montevideo 919, Buenos Aires) die Avant-Premiere des Filmes &#8220;El Tri\u00e1ngulo Rosa&#8221; (Das rosa Dreieck) gezeigt. Der Film beschreibt die Geschichte eines d\u00e4nischen Arztes, der im Konzentrationslager Buchenwald mit jungen homosexuellen Gefangenen experimentierte, um eine &#8220;Heilung&#8221; f\u00fcr die Homosexualit\u00e4t zu finden.<\/p>\n<p>Bei den Nazis (vor allem Himmler) stie\u00df er mit seinem makabren Vorschlag auf offene Ohren. Der Fall ist aber auch vor allem deshalb interessant, weil der betreffende Mediziner nach dem Zweiten Weltkrieg nach Argentinien floh, sich in Buenos Aires niederlie\u00df und im Stadtviertel Palermo (Uriarte H\u00f6he 2200) seinen Beruf aus\u00fcbte und dort bis zu seinem Tod im Jahr 1965 unbehelligt lebte.<\/p>\n<p>Der Eintritt ist frei, vorherige Anmeldung ist erforderlich. Es gibt nur eine beschr\u00e4nkte Anzahl von Sitzpl\u00e4tzen. Eintrittskarten kann man unter E-Mail secretaria@museodelholocausto.org.ar oder Tel.: 4811-3588 reservieren.<\/p>\n<p>Die Ausstellungen der Woche:<!--more--><\/p>\n<p><strong><em>Ausstellungszentren<\/em><\/strong><\/p>\n<ul>\n<li><a href=\"http:\/\/www.proa.org\/esp\/\">Fundaci\u00f3n Proa<\/a>, Pedro de Mendoza 1929, La Boca, Buenos Aires (Di-So 11-19 Uhr, montags geschlossen. Eintritt 15 Pesos, Rentner 10 Pesos, Studenten 5 Pesos; dienstags gratis f\u00fcr Studenten): Joseph Beuys (Deutschland, 1921-1986), Arbeiten 1955-1985. 110 Werke, darunter Objekte, Gem\u00e4lde, Zeichnungen, Videos und Dokumentationen von Performances. Kuratoren: Silke Thomas, Claudia Seelmann und Rafael Raddi. Organisiert von Galerie Thomas <em>Modern<\/em>, M\u00fcnchen, in Zusammenarbeit mit dem Instituto Plano Cultural, Sao Paulo, und der Fundaci\u00f3n Proa. 22.3.-Juni 2014.<\/li>\n<li><a href=\"http:\/\/www.malba.org.ar\/web\/\">Malba<\/a> (Museo de Arte Latinoamericano de Buenos Aires), Av. Figueroa Alcorta 3415, Buenos Aires (Do-Mo und feiertags 12-20, Mi bis 21 Uhr, dienstags geschlossen. Eintritt 45 Pesos; Studenten, Lehrer, Rentner oder \u00fcber 65-J\u00e4hrige mit g\u00fcltigem Ausweis 23 Pesos. Behinderte: gratis; Kinder unter 5: gratis. Mi: Eintritt 23 Pesos; Studenten, Lehrer und Rentner mit g\u00fcltigem Ausweis: gratis. Behinderte: gratis): Mario Testino (Peru), &#8220;In Your Face&#8221;, erste Ausstellung in Argentinien eines der ber\u00fchmtesten und einflussreichsten (Mode-)Fotografen der Welt. Es werden 122 von Testino selbst ausgew\u00e4hlte Fotografien gezeigt. Saal 5 (2. Stock). 14.3.-15.6. \/ &#8220;Garabito. La donaci\u00f3n&#8221; (Garabito. Die Schenkung), 31 Werke von Ricardo Garabito, geschaffen zwischen 1965 und 2007, die der K\u00fcnstler dem Museum geschenkt hat. Saal 3. 27.3.-9.6. \/ &#8220;Lo contrario de la magia&#8221; (Das Gegenteil von Magie), Werke im Spannungsfeld zwischen Kunst und Technologie in der zeitgen\u00f6ssischen Kultur von Juli\u00e1n D\u2019Angiolillo, Pablo La Padula, Nuna Mangiante, Rodolfo Marqu\u00e9s, H\u00e9ctor Meana, Leticia Obeid, Aim\u00e9 Pastorino, Eduardo Santiere, Juli\u00e1n Ter\u00e1n. Gastkurator: Lux Lindner. Saal 1. Im Rahmen des Zyklus &#8220;Contempor\u00e1neo&#8221; (Zeitgen\u00f6ssisch). 27.3.-7.7.<\/li>\n<li><a href=\"http:\/\/mnba.gob.ar\/exhibiciones\/la-mirada-en-el-otro\">Museo Nacional de Bellas Artes (MNBA)<\/a>, Av. del Libertador 1473, Buenos Aires (Di-Fr 12.30-20.30, Sa und So 9.30-20.30 Uhr. Eintritt frei): &#8220;La mirada en el otro. Conexiones-confrontaciones&#8221;, Werke von 14 Fotografen, die zwischen 1994 und 2008 den Sp\u00e0nischen Nationalpreis f\u00fcr Fotografie gewonnen haben, darunter Gabriel Cuallad\u00f3, Joan Colom, Cristina Garc\u00eda Rodero, Toni Catany, Humberto Rivas, Alberto Garc\u00eda-Alix, Ouka Leele, Chema Madoz und Joan Fontcuberta. Kuratoren: Carmen de la Guerra und Javier D\u00edez. Seit 25.3.<\/li>\n<li>Museo Eduardo S\u00edvori, Av. Infanta Isabel 555, gegen\u00fcber der Br\u00fccke zum Rosengarten des Palermo-Parks, Buenos Aires (Di-Fr 12-20, Sa, So und feiertags 10-20 Uhr): 58. Sal\u00f3n de Artes Pl\u00e1sticas &#8220;Manuel Belgrano&#8221;, pr\u00e4mierte und ausgew\u00e4hlte Werke von 2013 in den Kategorien Malerei, Skulptur, Zeichnung, Graphik und Monotypie. 22.3.-18.5. Zeitplan: 22.3.-6.4.: Zeichnung und pr\u00e4mierte Werke aller Kategorien. 12.4.-27.4.: Graphik, Monotypie, Skulptur und pr\u00e4mierte Werke aller Kategorien. 3.5.-18.5.: Malerei und pr\u00e4mierte Werke aller Kategorien.<\/li>\n<li><a href=\"http:\/\/www.centroculturalrecoleta.org\/nuevositio\/\">Centro Cultural Recoleta<\/a>, Jun\u00edn 1930, Buenos Aires (Di-Fr 13-20, Sa, So und feiertags 11-20 Uhr, montags geschlossen. Eintritt frei): Kunstmesse <a href=\"http:\/\/www.mirafestival.com.ar\/\">Mir\u00e1 Festival de Arte<\/a>. Organisiert von Patricia Altmark (&#8220;Cultura al D\u00eda&#8221;), Graciela Smith (&#8220;Magenta&#8221;) und Susana Araujo (&#8220;Qu\u00e9 Hacemos&#8221;). Werke von 170 K\u00fcnstlern, darunter Milo Lockett, Juan Doffo, Alejandro Raineri, Raquel Bigio. Er\u00f6ffnung: 23.4., 18 Uhr. Bis 27.4. Eintritt frei. \/ R\u00f3mulo Macci\u00f3, Retrospektive. Cronopios-Saal. Er\u00f6ffnung: 29.4., 18 Uhr.<\/li>\n<\/li>\n<li><a href=\"http:\/\/museos.buenosaires.gob.ar\/mam2.htm\">Museo de Arte Moderno de Buenos Aires<\/a> (MAMba), San Juan 350, Buenos Aires (Di-Fr 11-19, Sa, So und feiertags 11-20 Uhr; montags geschlossen, au\u00dfer an Feiertagen. Eintritt 10 Pesos; dienstags gratis): Sebasti\u00e1n Gord\u00edn, &#8220;Un extra\u00f1o efecto en el cielo&#8221;. 5.2.-20.4.<\/li>\n<li><a href=\"http:\/\/www.ccborges.org.ar\/\">Centro Cultural Borges<\/a>, Viamonte 525, Buenos Aires (Mo-Sa 10-21, So 12-21 Uhr. Eintritt: 40 Pesos, Rentner und Studenten: 30 Pesos): Juan Romano, &#8220;El caminante y sus ensue\u00f1os&#8221;, Gem\u00e4lde und Zeichnungen. Kuratorin: Martha Nogueira. 13.3.-13.4.<\/li>\n<li><a href=\"http:\/\/complejoteatral.gob.ar\/ver\/fotografia\">FotoGaler\u00eda Banco Ciudad des San Mart\u00edn-Theaters (CTBA)<\/a>, Av. Corrientes 1530 (Mo-Fr ab 12 Uhr, Sa und So ab 14 Uhr, bis zum Ende der Aktivit\u00e4ten des jeweiligen Tages im Theater. Eintritt frei): Mart\u00edn Felipe, &#8220;Los d\u00edas y las noches&#8221;, Foto-Essay. &#8220;FotoGaler\u00eda Banco Ciudad&#8221;. 11.3.-4.5.<\/li>\n<\/ul>\n<p><em><strong>Weitere Ausstellungen<\/strong><\/em><\/p>\n<ul>\n<li><a href=\"http:\/\/kunstinargentinien.com\/index.php\/2012\/10\/06\/ein-historisches-haus-voller-geschichten\/\">&#8220;Hab\u00eda una vez&#8230;, mu\u00f1ecas y juguetes 1870\u20131940. Colecci\u00f3n de Mabel y Mar\u00eda Castellano Fotheringham&#8221; (Es war einmal&#8230;, Puppen und Spielzeug aus den Jahren 1870 bis 1940. Sammlung Mabel und Mar\u00eda Castellano Fotheringham)<\/a>. <a href=\"http:\/\/agendacultural.buenosaires.gob.ar\/evento\/munecas-antiguas-en-la-casa-fernandez-blanco\/5094\">Casa Fern\u00e1ndez Blanco<\/a>, Hip\u00f3lito Yrigoyen 1420, Buenos Aires. Di-Fr 12-18, Sa und So 11-17 Uhr. feiertags geschlossen. Eintritt 1 Peso. <a href=\"http:\/\/www.youtube.com\/watch?v=3WVqkTMT24g\">Siehe Videoclip &#8220;Mu\u00f1ecas&#8221;<\/a>. Seit 14.7.2012.<\/li>\n<li>&#8220;Geometr\u00eda al l\u00edmite&#8221;, 25 zeitgen\u00f6ssische argentinische K\u00fcnstler. <a href=\"http:\/\/www.macba.com.ar\/\">Museo de Arte Contempor\u00e1neo (MACBA)<\/a>, Av. San Juan 328, Buenos Aires. Mo-Fr 12-19, Sa und So 11-19.30 Uhr. Di geschlossen. Eintritt: 25 Pesos. Studenten, Lehrer, Rentner und \u00fcber 65-J\u00e4hrige mit Ausweis: 15 Pesos. Kinder unter 12: gratis. Mittwochs Eintritt: 15 Pesos. Studenten, Lehrer, Rentner und \u00fcber 65-J\u00e4hrige mit Ausweis: 10 Pesos. Kinder unter 12: gratis. 14.12.-4.5.<\/li>\n<li>&#8220;Yo, Nosotros, El Arte&#8221; (Ich, Wir, Die Kunst), Selbstportr\u00e4ts von K\u00fcnstlern oder ihre Darstellungen anderer K\u00fcnstler, in denen ihre Gedanken \u00fcber die Kunst, ihre \u00dcberzeugungen oder auch ihre \u00c4ngste zum Ausdruck kommen. Werke von Carlos Alonso, Francisco Amatriain, L\u00edbero Badii, Gabriel Baggio, Antonio Berni, Emilia Bertol\u00e9, Oscar Bony, Marcelo Brodsky, Luis Camnitzer, Mario Canale, A\u00edda Carballo, P\u00edo Collivadino, Horacio Coppola, L\u00eda Correa Morales de Yrurtia, Nicola Costantino, Ernesto Deira, Zoe Di Rienzo, Ferm\u00edn Egu\u00eda, Tom\u00e1s Espina, Grupo Etc\u00e9tera\u2026, Fernando Fader, Raquel Forner, Ana Gallardo, Daniel Garc\u00eda, Nicol\u00e1s Garc\u00eda Uriburu, Edgardo Gim\u00e9nez, Carlos Gorriarena, Alberto Greco, Alfredo Guttero, Annemarie Heinrich, Carlos Herrera, Narcisa Hirsch, Roberto Jacoby, Carolina Katz, Federico Klemm, Fortunato Lac\u00e1mera, Jorge Larco, Marcos L\u00f3pez, Horacio Maira, Liliana Maresca, Marta Minuj\u00edn, Manuel Musto, Luis Felipe No\u00e9, Federico Peralta Ramos, Constanza Piaggio, Felipe Pino, Liliana Porter, Prilidiano Pueyrred\u00f3n, Rep, Res, Natalia Rizzo, Augusto Schiavoni, Marcia Schvartz, Eduardo S\u00edvori, Lino Enea Spilimbergo, Grete Stern, Pablo Su\u00e1rez, Graciela Taquini, Miguel Carlos Victorica, Francisco Vidal, Juan Andr\u00e9s Videla und Ana Weiss de Rossi. Kuratorin: Laura Malosetti Costa. <a href=\"http:\/\/www.fundacionosde.com.ar\/backend\/upload\/files\/img_$275.pdf\">Katalog.<\/a> <a href=\"http:\/\/www.artefundacionosde.com.ar\/BO\/home.asp\">Espacio de Arte Fundaci\u00f3n OSDE<\/a>, Suipacha 658, 1. Stock, Buenos Aires. Mo-Sa 12-20 Uhr. So und feiertags geschlossen. Eintritt frei. 27.2.-3.5.<\/li>\n<li>Constanza Alberione, &#8220;Piques de ensue\u00f1o&#8221;. <a href=\"http:\/\/www.miaumiauestudio.com\/muestras\/alberione\/index.php\">Miau Miau<\/a>, Bulnes 2705, Buenos Aires. Mo-Fr 13-19 Uhr. 7.3.-7.4.<\/li>\n<li>Santiago Carrera, &#8220;Evidencias&#8221;. Kuratorin: Melisa Boratyn. <a href=\"https:\/\/www.facebook.com\/naranjaverde\">Naranja\/Verde<\/a>, Av. Santa Fe 1284, 1. Stock, Buenos Aires. 12.3.-12.4.<\/li>\n<li>Rachel Lebenas, &#8220;El manto de los milagros&#8221;, Zeichnungen. Espacio de Arte AMIA, Pasteur 633, Buenos Aires. Mo-Do 10-19, Fr 10-16 Uhr. Eintritt frei. Beim Eingang muss man einen Ausweis vorlegen. 12.3.-25.4.<\/li>\n<li>Josefina Oliver (1875\u20131956), &#8220;Colores del Silencio&#8221;, Fotoas. Palais de Glace, Posadas 1725, Buenos Aires. Di-Fr 12-20, Sa, So und feiertags 10-20 Uhr. Eintritt frei. 13.3.-20.4.<\/li>\n<li>Diego Perrotta, &#8220;Rituales Paganos&#8221;. <a href=\"https:\/\/www.facebook.com\/museos.rafaela.gob\">Museo Municipal de Bellas Artes Dr. Urbano Poggi<\/a>, Sarmiento 530, Rafaela, Santa Fe, Argentinien. Di-Fr 8-12 und 15.30-19, So 18-20.30 Uhr. Eintritt frei. 14.3.-18.5.<\/li>\n<li>Carola Zech, Skulpturen. Kurator: Philippe Cyroulnik. Galer\u00eda Vasari, Esmeralda 1357, Buenos Aires. Mo-Fr 11-20 Uhr. 19.3.-25.4.<\/li>\n<li><a href=\"http:\/\/www.buenosaires.gob.ar\/noticias\/con-obras-de-regazzoni-se-abre-el-paseo-de-las-esculturas\">Carlos Regazzoni, 45 Skulpturen unter freiem Himmel<\/a>. 3. Ausgabe des Zyklus &#8220;Paseo de las Esculturas&#8221;. Plaza Rub\u00e9n Dar\u00edo, Austria zwischen Av. Figueroa Alcorta und Av. del Libertador, Buenos Aires. Seit 22.3.<\/li>\n<li>Anna-Lisa Marjak, &#8220;Rezantes&#8221;, Gem\u00e4lde. <a href=\"http:\/\/www.elsidelrio.com.ar\/\">Elsi del R\u00edo Arte Contempor\u00e1neo<\/a>, Humboldt 1510, Palermo Hollywood, Buenos Aires. Di-Fr 14-20, Sa 11-15 Uhr. 25.3.-25.4.<\/li>\n<li>Luis Altieri, &#8220;En el desierto, flores&#8221;, Gem\u00e4lde. <a href=\"http:\/\/www.lila-gallery.com\/\">Lila Gallery<\/a>, Av. C\u00f3rdoba 5222 (Ecke Uriarte), Buenos Aires. Di-Sa 14-20 Uhr. Seit 27.3.<\/li>\n<li><a href=\"http:\/\/www.espaciosrevelados.com\/info\/\">&#8220;Espacios revelados\/Changing Places&#8221;<\/a>, von der Siemens Stiftung organisiertes, internationales Projekt. K\u00fcnstlerische Interventionen in au\u00dfergew\u00f6hnlichen, leerstehenden R\u00e4umen der Stadt Buenos Aires. K\u00fcnstler (u.a.): William Forsythe, Tim Etchells, Rabih Mrou\u00e9, Mariano Pensotti, Alejandro Tantani\u00e1n, Beatriz Catani und Federico Le\u00f3n. Eintritt frei, je nach Kapazit\u00e4t des jeweiligen Raumes. 27.3.-6.4.<\/li>\n<li>&#8220;Berlin LIVE: Berlin meets Buenos Aires&#8221;, Feiern zum 20. Jahrestag der St\u00e4dtepartnerschaft. Ausstellungen und Pr\u00e4sentationen aus Berlin sowie Kooperationsprojekte zwischen Berlin und Buenos Aires, u.a. eine Kunstausstellung zum Thema &#8220;Ikone und Symbole kultureller Identit\u00e4t. Buenos Aires-Berlin&#8221; der IDBerlin; die Markthalle Neun aus Berlin Kreuzberg mit einem nachhaltigen Konzept zur Lebensmittelproduktion und Stadtentwicklung; das Internationale Designfestival Berlin DMY mit einer Ausstellung zu Designobjekten &#8220;made in Berlin&#8221; sowie viele andere Projekte. Centro Metropolitano de Dise\u00f1o (CMD), Algarrobo 1041, Buenos Aires. 31.3.-9.4.<\/li>\n<li>&#8220;250 a\u00f1os del Hospital Jud\u00edo de Berl\u00edn reflejados en la historia de la comunidad jud\u00eda de Berl\u00edn&#8221; (250 Jahre J\u00fcdisches Hospital in Berlin, widergespiegelt in der Geschichte der j\u00fcdischen Gemeinde von Berlin), historiographische Ausstellung. Im Rahmen des 20. Jubil\u00e4ums der St\u00e4dtepartnerschaft von Berlin und Buenos Aires. Museo Jud\u00edo de Buenos Aires, Libertad 769, Buenos Aires. Telefon: 4123-0832. Di-Do 11-18, Fr 11-17 Uhr. Beim Eintritt ist ein Personalausweis vorzulegen. 1.4.-27.6.<\/li>\n<li>Carl Meffert\/Clement Moreau, Zeichnungen. \/ Marina Papadopoulos, Skulpturen. Asociaci\u00f3n Cultural Pestalozzi, Ramon Freire 1882, Buenos Aires. Er\u00f6ffnung: 7.4., 20 Uhr.<\/li>\n<li>Karim Makarius, Gem\u00e4lde-Retrospektive 1970-2011. <a href=\"http:\/\/www.theartgallery.com.ar\/homeazulb.htm\">The Art Gallery<\/a>, Uruguay 967, Buenos Aires. Tel.: 4811-6050. Er\u00f6ffnung: 11.4., 19-22 Uhr.<\/li>\n<\/ul>\n","protected":false},"excerpt":{"rendered":"<p>Click aqu\u00ed\u00ad para leer la versi\u00f3n en castellano. Ausstellungskalender 05\/04\/2014-12\/04\/2014 Von Susanne Franz Am Montag, den 7. April, um 19.30 Uhr, wird im &#8220;Museo del Holocausto&#8221; (Montevideo 919, Buenos Aires) die Avant-Premiere des Filmes &#8220;El Tri\u00e1ngulo Rosa&#8221; (Das rosa Dreieck) gezeigt. Der Film beschreibt die Geschichte eines d\u00e4nischen Arztes, der im Konzentrationslager Buchenwald mit jungen [&hellip;]<\/p>\n","protected":false},"author":1,"featured_media":0,"comment_status":"open","ping_status":"open","sticky":false,"template":"","format":"standard","meta":{"footnotes":""},"categories":[3],"tags":[],"class_list":["post-18493","post","type-post","status-publish","format-standard","hentry","category-kalender-agenda"],"_links":{"self":[{"href":"https:\/\/kunstinargentinien.com\/index.php\/wp-json\/wp\/v2\/posts\/18493","targetHints":{"allow":["GET"]}}],"collection":[{"href":"https:\/\/kunstinargentinien.com\/index.php\/wp-json\/wp\/v2\/posts"}],"about":[{"href":"https:\/\/kunstinargentinien.com\/index.php\/wp-json\/wp\/v2\/types\/post"}],"author":[{"embeddable":true,"href":"https:\/\/kunstinargentinien.com\/index.php\/wp-json\/wp\/v2\/users\/1"}],"replies":[{"embeddable":true,"href":"https:\/\/kunstinargentinien.com\/index.php\/wp-json\/wp\/v2\/comments?post=18493"}],"version-history":[{"count":9,"href":"https:\/\/kunstinargentinien.com\/index.php\/wp-json\/wp\/v2\/posts\/18493\/revisions"}],"predecessor-version":[{"id":18564,"href":"https:\/\/kunstinargentinien.com\/index.php\/wp-json\/wp\/v2\/posts\/18493\/revisions\/18564"}],"wp:attachment":[{"href":"https:\/\/kunstinargentinien.com\/index.php\/wp-json\/wp\/v2\/media?parent=18493"}],"wp:term":[{"taxonomy":"category","embeddable":true,"href":"https:\/\/kunstinargentinien.com\/index.php\/wp-json\/wp\/v2\/categories?post=18493"},{"taxonomy":"post_tag","embeddable":true,"href":"https:\/\/kunstinargentinien.com\/index.php\/wp-json\/wp\/v2\/tags?post=18493"}],"curies":[{"name":"wp","href":"https:\/\/api.w.org\/{rel}","templated":true}]}}