{"id":1868,"date":"2009-08-22T12:25:34","date_gmt":"2009-08-22T15:25:34","guid":{"rendered":"http:\/\/kunstinargentinien.com\/index.php\/2009\/08\/22\/kalender-agenda-181\/"},"modified":"2009-09-06T13:33:26","modified_gmt":"2009-09-06T16:33:26","slug":"kalender-agenda-181","status":"publish","type":"post","link":"https:\/\/kunstinargentinien.com\/index.php\/2009\/08\/22\/kalender-agenda-181\/","title":{"rendered":"Kalender \/ Agenda"},"content":{"rendered":"<p><a href=\"http:\/\/kunstinargentinien.com\/index.php\/2009\/08\/22\/agenda-kalender-175\/\">Click aqu\u00ed para leer la versi\u00f3n en castellano.<\/a><\/p>\n<p><strong>Ausstellungs-Kalender 22.08.09-29.08.09<\/strong><\/p>\n<div align=center><img decoding=\"async\" id=\"image1866\" alt=musac2.jpg src=\"http:\/\/kunstinargentinien.com\/wp-content\/uploads\/2009\/08\/musac2.jpg\" \/><br \/>\n<em>Bis 13. September wurde die Ausstellung \u201eHU\u00c9SPED\u201c, Sammlung des MUSAC, im <a href=\"http:\/\/www.mnba.org.ar\/\">Museo Nacional de Bellas Artes<\/a> verl\u00e4ngert.<\/em><\/div>\n<p><em><strong>Ausstellungszentren<\/strong><\/em><\/p>\n<ul>\n<li><a href=\"http:\/\/www.malba.org.ar\/web\/\">MALBA<\/a> (Museo de Arte Latinoamericano de Buenos Aires), Av. Figueroa Alcorta 3415 (Do-Mo und feiertags 12-20 Uhr, mittwochs bis 21 Uhr, dienstags geschlossen. Eintritt 15 Pesos, Lehrer und Rentner 8 Pesos, Studenten 5 Pesos, unter 5-J\u00e4hrige gratis. Mittwochs: Eintritt 5 Pesos, Lehrer und Rentner 3 Pesos, Studenten gratis): \u201eYente &#8211; Prati\u201c, Ausstellung \u00fcber zwei Pionierinnen der abstrakten Kunst in Argentinien: Yente (Eugenia Crenovich, 1905-1990) und Lidy Prati (Lidia Elena Prati, 1921-2008). Gast-Kuratorin (Yente): Adriana Lauria. Saal 5, 2. Stock. 20.8.-5.10. F\u00fchrungen: Mi und Fr 17, So 18 Uhr. \/ \u201eContempor\u00e1neo 24: Miguel \u00c1ngel R\u00edos 2001-2008\u201c, Videoinstallationen, Zeichnungen und Fotos. Saal 1, Erdgeschoss. 20.8.-26.10. Im September zeigt malba.cine im Auditorium Miguel \u00c1ngel R\u00edos&#8217; Dokumentarfilm \u201eFuego amigo\u201c. \/ \u201eDestination: Brazil\u201c, brasilianisches Design. \u201eTiendamalba\u201c. Bis September. \/ \u201eIntervenci\u00f3n 6\u201c: Pablo Reinoso, \u201eEnredamaderas\u201c. Bis November.<\/li>\n<li><a href=\"http:\/\/www.mnba.org.ar\/\">Museo Nacional de Bellas Artes<\/a>, Av. del Libertador 1473 (Di-Fr 12.30-20.30, Sa und So 9.30-20.30 Uhr, Eintritt frei): \u201eHU\u00c9SPED, Colecci\u00f3n MUSAC en el MNBA\u201c (Sammlung des MUSAC im MNBA). Kurator: Rafael Doctor. 4.8.-13.9.<\/li>\n<li><a href=\"http:\/\/www.mat.gov.ar\/\">Museo de Arte Tigre<\/a> (MAT), Paseo Victorica 972, Tigre (Mi-Fr 9-19, Sa und So 12-19 Uhr): Rub\u00e9n Locaso, Skulpturen. 15.8.-13.9. \/ Enrique Burone Risso, Gem\u00e4lde-Retrospektive. 15.8.-13.9.<\/li>\n<p><!--more--><\/p>\n<li><a href=\"http:\/\/centroculturalrecoleta.org\/ccr-sp\/\">Centro Cultural Recoleta<\/a>, Jun\u00edn 1930 (Mo-Fr 14-21, Sa, So und feiertags 10-21 Uhr): Carlos Gorriarena, \u201eSiglo XXI\u201c, Gem\u00e4lde. Kurator: Ra\u00fal Santana. Cronopios-Saal. 23.7.-23.8. \/ Alda Armagni, \u201eLatidos de Amerindia\u201c, Graphiken 2003-2009. Saal J. 31.7.-23.8. \/ Diego Perrotta, \u201eSi no era Dios era el Diablo\u201c. Saal C. 14.8.-13.9. \/ \u201eHagamos visible lo invisible\u201c. \u201eEspacio Avon\u201c hat diese erste Ausstellung \u201eKunst gegen sexuelle Gewalt\u201c organisiert, an der mehr als 50 K\u00fcnstler aus ganz Argentinien teilnehmen. Seit 20.8. \/ \u201eBrisas de Jap\u00f3n. Arte de Okinawa y obras de Seiko Yagi\u201c (Winde aus Japan. Kunst aus Okinawa und das Werk von Seiko Yagi). Saal 10. 21.8.-13.9. \/ \u201eDesde los muros. Arte e inclusi\u00f3n social\u201c (Hinter Mauern. Kunst und soziale Wiedereingliederung). Kunst von Insassen der Haftanstalten von Buenos Aires. S\u00e4le 1 und 2. 21.8.-20.9. \/ \u201eCazador de Aventuras\u201c. Der argentinische Comic f\u00fcr Erwachsene erschien von 1992 bis 2001. Geschrieben und gezeichnet wurde er von Ariel Olivetti, Jorge Lucas (Erfinder des Protagonisten), Mauro Cascioli und Claudio Ram\u00edrez. \u201eEspacio Historieta\u201c. 21.8.-20.9.<\/li>\n<li><a href=\"http:\/\/www.ccborges.org.ar\/\">Centro Cultural Borges<\/a>, Viamonte\/San Mart\u00edn (Mo-Sa 10-21, So 12-21 Uhr. Eintritt 10 Pesos): \u201ePhotosuisse\u201c &#8211; Zeitgen\u00f6ssische Schweizer Fotografie. 23.7.-30.8. \/ \u201eC\u00e1tedra\u201c, Werke von 20 Studenten des Lehrstuhls \u201eProyectual de Pinturas\u201c von Carlos Bissolino am IUNA: Andr\u00e9s Aizicovich, Gala Berger, Fredy Borges, Cotelito, Mat\u00edas Dinenzon, Lino Divas, Nicol\u00e1s Gullota, Itamar Hartavi, Muriel Kraljevich Chadwick, Cristian L\u00f3pez Rey, Gimena Macri, Luciana Malfatti, Rodolfo Marques, Pablo Montivero, Delfina Moore, Ramiro Oller, Nicol\u00e1s Ozuna, Juan Reos, Luc\u00eda Sornas und Rosario Zorraqu\u00edn. Kuratorin: Florencia Braga Men\u00e9ndez. 4.8.-30.8. \/ \u201eDarwin en la Argentina\u201c, dokumentarische Ausstellung anl\u00e4sslich des 200. Geburtstags des Wissenschaftlers mit Schwerpunkt auf seinem Aufenthalt in Argentinien. 13.8.-9.9.<\/li>\n<li><a href=\"http:\/\/www.pabellon4.com\/\">Pabell\u00f3n 4<\/a>, Uriarte 1332, Palermo Viejo (Mo-Sa 16-20 Uhr): Jorge Opazo, \u201eTodos los robots, androides y cyborgs con nosotros\u201c, Gem\u00e4lde, Fotos, Mischtechniken. Im Rahmen von \u201eProyecto Cubo 2009\u201c, kuratiert von N\u00e9stor Zonana. \u201eProyecto Cubo\u201c-Saal. 28.7.-5.9. \/ Delia Ana Iglesias, \u201eCreadores del universo\u201c, Gem\u00e4lde. Saal I. 18.8.-5.9. \/ Eduardo Del Burgo, \u201eSerendipidad\u201c, Fotos. Saal II. 18.8.-5.9.<\/li>\n<li><a href=\"http:\/\/www.palaisdeglace.org\/\">Palais de Glace<\/a>, Posadas 1725 (Di-Fr 12-20, Sa und So 10-20 Uhr. Eintritt frei): Jorge Demirji\u00e1n, Zeichnungen 1963-2009, Gem\u00e4lde 2006-2009. Er\u00f6ffnung: 27.8., 19 Uhr. Bis 20.9. \/ \u201eConcurso Nacional de Fotograf\u00eda &#8216;Cultura del Agua&#8217;\u201c, 2. Ausgabe. Er\u00f6ffnung: 27.8., 19 Uhr. Bis 20.9. \/ \u201ePapel Sujeto\/Objeto\u201c, Gemeinschaftsausstellung, Werke auf Papier und K\u00fcnstlerb\u00fccher. Er\u00f6ffnung: 27.8., 19 Uhr. Bis 20.9. \/ Lucas Dist\u00e9fano, \u201eOrg\u00e1nico\u201c, Fotos. Er\u00f6ffnung: 27.8., 19 Uhr. Bis 20.9. \/ Lena Szankay, \u201eM\u00edmesis\u201c, Fotos. Er\u00f6ffnung: 27.8., 19 Uhr. Bis 20.9. \/ M\u00e1ximo Pedraza, \u201e\u00c1rbol Solo\u201c, Zeichnungen. Er\u00f6ffnung: 27.8., 19 Uhr. Bis 20.9.<\/li>\n<\/ul>\n<p><em><strong>Sonstige Ausstellungen<\/strong><\/em><\/p>\n<ul>\n<li>\u201eAbrir el juego\u201c, Foto-Essays von Lucas Cheja, Mar\u00eda Jos\u00e9 D\u00b4Amico, Claudia Fainguersch und Paula Harrington. \u201eEspacioFotogr\u00e1fico\u201c des Teatro de la Ribera, Av. Pedro de Mendoza 1821. Di-So 10 Uhr bis zum Ende der Veranstaltungen im Theater, Mo 10-17 Uhr. Eintritt frei. 13.6.-25.8.<\/li>\n<li>A\u00edda Carballo (1916-1985), \u201eEntre el sue\u00f1o y la realidad\u201c (Zwischen Traum und Wirklichkeit). Kuratorin: Gabriela Vicente Irraz\u00e1bal. \/ \u201eMundos para mirar &#8211; La ilustraci\u00f3n en los libros para ni\u00f1os\u201c (Welten zum Angucken &#8211; Die Illustration in Kinderb\u00fcchern). Kuratorin: Liliana Men\u00e9ndez. <a href=\"http:\/\/www.artefundacionosde.com.ar\/bs-as\/index.html\">Espacio de Arte Fundaci\u00f3n Osde<\/a>, Suipacha 658, 1. Stock. Mo-Sa 12-20 Uhr. 18.6.-22.8.<\/li>\n<li>Rafael Gonz\u00e1lez Moreno, \u201eModul Ando\u201c. Galer\u00eda Braga Men\u00e9ndez, Humboldt 1574. Mo-Sa 13-20 Uhr. 30.6.-29.8.<\/li>\n<li>Edgardo Gim\u00e9nez und Diego Figueroa, \u201eEsta noche no\u201c, Installation. Centro Cultural de Espa\u00f1a en Buenos Aires (CCEBA), Florida 943. 7.7.-4.9.<\/li>\n<li>\u201eExtranjer\u00edas\u201c, Werke von Carlos Amorales, Pat Badani, Mart\u00edn Bonadeo, Mariana Castillo Deball, Roberto Jacoby, Jorge Macchi, Liliana Porter, Mariano Sard\u00f3n, Leonardo Solaas, Tamara Stuby. Kuratoren: N\u00e9stor Garc\u00eda Canclini, Andrea Giunta. <a href=\"http:\/\/www.fundacion.telefonica.com.ar\/espacio\/\">Espacio Fundaci\u00f3n Telef\u00f3nica<\/a>, Arenales 1540. 8.7.-27.9.<\/li>\n<li>Cinthia De Levie, \u201eDiez minutos antes de que anochezca\u201c. \/ D\u00e9bora Pierpaoli, \u201eNo te dejar\u00e9 morir\u201c. <a href=\"http:\/\/www.arte713.com\/?cId=650\">713 Arte Contempor\u00e1neo<\/a>, Defensa 713. Mo-Sa 13-19 Uhr. 23.7.-29.8.<\/li>\n<li>Diego Bastos, \u201ePara alejarse del suelo\u201c, Gem\u00e4lde. Erdgeschoss. \/ Juan Pablo Inzirillo, \u201eZooml\u00f3gico\u201c. Untergeschoss. <a href=\"http:\/\/www.masottatorres.com.ar\/\">MasottaTorres Arte Contempor\u00e1neo<\/a>, M\u00e9xico 459, San Telmo. Di-Fr 14-20, Sa 16-20 Uhr. 24.7.-28.8.<\/li>\n<li>Florian Paucke (1719-1780), Zeichnungen. \/ Juan de Dios Mena (1897-1954), Skulpturen. \/ Textilkunst aus dem Nordosten Argentiniens. \u201ePabell\u00f3n de las Bellas Artes\u201c, Katholische Universit\u00e4t UCA, Alicia Moreau de Justo 1300. Mo-Sa 11-19 Uhr. Eintritt frei. 30.7.-30.8. Am 25. August, um 18 Uhr, leitet der Historiker Horacio Aguilar f\u00fcr interessierte Besucher eine kostenlose F\u00fchrung durch die Paucke-Ausstellung.<\/li>\n<li>Adriana Lestido, \u201eLo que se ve\u201c, 162 Werke, die fast 30 Jahre im Schaffen der Fotografin umfassen, von 1979 bis 2007. \/ \u201eSobre gustos&#8230;\u201c (\u201e\u00dcber Geschmack\u201c&#8230; l\u00e4sst sich nicht streiten), verschiedene Gesichtspunkte zum Thema des herrschenden Geschmacks. Museo Municipal de Bellas Artes J. B. Castagnino, Pellegrini 2202, Rosario. Seit 31.7.<\/li>\n<li>Jean-Antoine Houdon (1741-1828), Skulpturen. Aus der Sammlung des Louvre. Kurator: Guilhem Scherf. Museo Nacional de Arte Decorativo, Av. de Libertador 1902. Eintritt 5 Pesos, Studenten und Rentner 3 Pesos; dienstags gratis. 4.8.-27.9.<\/li>\n<li>\u201eDibujo Argentino Contempor\u00e1neo\u201c (Zeitgen\u00f6ssische Argentinische Zeichnung), Werke von Marcelo Bordese, Carlos Carmona, An\u00edbal Cedr\u00f3n, Gerardo Feldstein, Daniel Garc\u00eda, Eduardo Gualdoni, Jorge Meijide, Omar Panosetti, Ernesto Pesce, Diego Perrotta, Jorge Pietra, Roberto Rey, Eduardo Stup\u00eda, Alejandro Thornton, In\u00e9s Vega. Kuratoren: Marcelo Pelissier und Jorge Meijide. <a href=\"http:\/\/www.nuestroshijos.org.ar\/\">\u201eEspacio Cultural Nuestros Hijos\u201c, ECuNHI<\/a>, Av. del Libertador 8465. Mo-Fr 14-21 Uhr. Eintritt frei. Seit 4.8.<\/li>\n<li>\u201eMonumento para un s\u00f3tano\u201c, Werke von Luciana Lamothe, Jane Brodie, Guido Yannitto, Gast\u00f3n P\u00e9rsico, Hern\u00e1n Paganini, Karina Peisajovich. <a href=\"http:\/\/www.fnartes.gov.ar\/\">Fondo Nacional de las Artes<\/a>, Alsina 673. 4.8.-24.8.<\/li>\n<li>Rafael Podobnik (Slowenien), Fotos. \u201eFotoGaler\u00eda\u201c des San Mart\u00edn-Theaters, Av. Corrientes 1530. Mo-Fr ab 12 Uhr, Sa und So ab 14 Uhr, bis zum Ende der Veranstaltungen im Theater. Eintritt frei. 4.8.-30.8.<\/li>\n<li>Silvina Benguria, Gem\u00e4lde. <a href=\"http:\/\/www.rubbers.com.ar\/\">Galer\u00eda Rubbers Internacional<\/a>, Av. Alvear 1595. Mo-Fr 11-20, Sa 11-13.30 Uhr. 4.8.-29.8.<\/li>\n<li>Mar\u00eda Suardi, \u201eTocar con los ojos, ver con los dedos\u201c, Graphiken. Atica Galer\u00eda de Arte, Libertad 1240, Erdgeschoss \u201e9\u201c. Mo-Fr 11-13 und 15-20, Sa 11-13.30 Uhr. 4.8.-29.8.<\/li>\n<li>Anah\u00ed Roitman, \u201eSobreVuelos\u201c, Installation \/ Intervention. Paseo del Buen Pastor, Av. Hip\u00f3lito Yrigoyen 325, C\u00f3rdoba-Stadt. Eintritt frei. Mo-So und feiertags 10-22 Uhr. 5.8.-31.8.<\/li>\n<li>M\u00f3nica Canzio, Skulpturen und Zeichnungen. <a href=\"http:\/\/www.empatia-arte.com\/\">Galer\u00eda Empat\u00eda<\/a>, Carlos Pellegrini 1255. 5.8.-29.8.<\/li>\n<li>\u201eConstrucciones y Abstracciones\u201c, Gem\u00e4lde, Graphiken und Mischtechniken von Teresio Fara (1929-1986), Nicol\u00e1s Menza, Santiago Garc\u00eda Pilotto, Graciela Dietl, Alicia D\u00edaz Rinaldi, Juan Mel\u00e9, Carlos Scannapieco, Salvador Constanzo, Nicol\u00e1s Stella und Ernesto Luzuriaga. Kurator: Sergio Artola. Mundo Nuevo Gallery Art, Callao 1870, Erdgeschoss. Mo-Fr 11-20 Uhr. Eintritt frei. 5.8.-5.9.<\/li>\n<li>Ivonne Jacob, \u201eDi\u00e1logos\u201c. <a href=\"http:\/\/blog.cultura.pestalozzi.edu.ar\/\">Asociaci\u00f3n Cultural Pestalozzi<\/a>, Freire 1882, Belgrano R. Di-Fr 14-19 Uhr. 5.8.-28.8.<\/li>\n<li>\u201ePaisajes Argentinos\u201c. <a href=\"http:\/\/www.coppaoliverarte.com.ar\/\">Coppa Oliver Arte<\/a>, Talcahuano 1287, Erdgeschoss. Seit 5.8.<\/li>\n<li>Rodolfo Zagert, \u201eHuellas encontradas\u201c. Abgeordnetenkammer der Nation, \u201eSal\u00f3n de los Pasos Perdidos\u201c, Kongress, Av. Rivadavia 1864, 1. Stock. Mo-Fr 10-20 Uhr. 6.8.-31.8.<\/li>\n<li>Cecilia Biagini, \u201eUna mec\u00e1nica infinita\u201c. <a href=\"http:\/\/www.vanriel.com.ar\/\">Galer\u00eda van Riel<\/a>, Juncal 790, Erdgeschoss. Mo-Fr 15-20, Sa 11-13 Uhr. 6.8.-29.8.<\/li>\n<li>Richard Sturgeon, Gem\u00e4lde. <a href=\"http:\/\/www.galeriaisabelanchorena.sion.com\/\">Isabel Anchorena<\/a>, Arenales 1239, 4 H. Mo-Fr 11-20, Sa 11-16 Uhr. 6.8.-7.9.<\/li>\n<li>Marit\u00e9 Mart\u00ednez, Gem\u00e4lde. Galer\u00eda Thames, Thames 1776. Mo-Fr 14-20, Sa 15-20 Uhr. 6.8.-25.8.<\/li>\n<li>\u201eGrupo Doble Cero\u201c. <a href=\"http:\/\/www.fundacionfjklemm.org\/\">Fundaci\u00f3n Federico Jorge Klemm<\/a>, Marcelo T. de Alvear 626. Seit 6.8.<\/li>\n<li>\u201eCon guantes blancos\u201c (Mit Samthandschuhen), Fotos und B\u00fccher von Andrea Nacach, Federico Merea, Hugo Aveta, Ignacio Iasparra, Luciana Betesh, Marcelo Brodsky, Ral Veroni, Rosana Simonassi, Santiago Porter und Victoria Sim\u00f3n. <a href=\"http:\/\/www.vvvgallery.com\/\">VVVgallery<\/a>, Aguirre 1153, 2. Stock (Aguirre Ecke Juan B. Justo). Mi-Fr 16-20, Sa 15.30-18.30 Uhr. 6.8.-29.8.<\/li>\n<li>\u201eDue\u00f1os de la encrucijada\u201c, Werke von Guillermo Srodek Hart, Le\u00f3n Ferrari, Dany Barreto, Gustavo Tabares, \u00c1ngela L\u00f3pez Ruiz, Melina Scumburdis, Guillermo Zabaleta, Diego Perrotta, Nico Sara, Marcelo Bordese, Margaret Whyte, Nora Correas, Anabel Vanoni. Kurator: Juan Batalla. <a href=\"http:\/\/www.rojas.uba.ar\/\">Centro Cultural Rojas<\/a>, \u201eEspacio de Arte A\u201c, Av. Corrientes 2038. Eintritt frei. 6.8.-31.8.<\/li>\n<li>\u201eXXI. Sal\u00f3n Municipal de Tapiz\u201c (Textilkunst), preisgekr\u00f6nte Werke. Museo S\u00edvori, Saal B, Av. Infanta Isabel 555 (gegen\u00fcber der Br\u00fccke des Rosedal). Di-Fr 12-20, Sa, So und feiertags 10-20 Uhr. 8.8.-6.9.<\/li>\n<li>\u201eLITHO\/gr\u00e1fica 2009\u201c, Werke von Le\u00f3n Ferrari, Ana Eckell, Jorge Meijide, Ana Erman, Milo Lockett, Gustavo Amenedo, Sara Lipchinsky, Guillermo Roux, Mariana Guerrero, Charito Estrada, Mabel Berzano, Silvana Blasbalg, Elena Dotta, Silvia Sanjurjo, Renate Levy, Alicia Cittadini, Cristina Hauk, Carlos Carmona, Carla Rey, Floky Gauvry, Mar\u00eda Guerreiro, Analy Sendon, Ale Coirini, Cristina Solia, Aurora Rodr\u00edguez, Gabriela Esterovich, Silvia Brewda, Andrea Fontenla, Macarena de la Cuesta, Marcelo Sewald, Adriana Burgos, Claudio Goldini, Norma Villareal, Teresa Magrane, Ana Castro Feijoo, Silvia Plumari, Mar\u00eda Helena Arbuco, Estela Vivo. Museo Municipal de Bellas Artes \u201eJuan S\u00e1nchez\u201c, Sarmiento Ecke Villegas, Gral. Roca, Provinz R\u00edo Negro. 8.8.-20.9.<\/li>\n<li>Daniel Kiblisky, \u201eEl Recreo de los sentidos\u201c. Erdgeschoss. \/ Matilde Mar\u00edn, Videos. Erdgeschoss. \/ Juan Pablo Cheret, \u201eIntruders\u201c. 1. Stock. \/ Marisa Rueda, \u201eCiudades L\u00edquidas\u201c, Installation. 1. Stock. \/ Andrea Ladvocat, Installationen. 2. Stock. Galer\u00eda ArtexArte, Lavalleja 1062. Mo-Fr 13-20 Uhr. Eintritt frei. 11.8.-30.9.<\/li>\n<li>\u201eTe miro, me mir\u00e1s\u201c, Werke von Alberione, Fern\u00e1ndez, Garibotti, Iturralde, Soibelman, Torres. <a href=\"http:\/\/gachiprietogallery.com\/v2\/\">Gachi Prieto Gallery<\/a>, Uriarte 1976, Palermo. Mo-Fr 12-20, Sa 13-19 Uhr. 11.8.-8.9.<\/li>\n<li>Diego Haboba, \u201eLa imborrable memoria del exilio\u201c, Gem\u00e4lde und Zeichnungen. <a href=\"http:\/\/www.galeriavasari.com.ar\/\">Galer\u00eda Vasari<\/a>, Esmeralda 1357. Mo-Fr 11-20 Uhr. 12.8.-11.9.<\/li>\n<li>Silvina Lacarra, \u201eRetorno\u201c. \/ Mariano Vilela, \u201eMateria gris\u201c. <a href=\"http:\/\/www.dabbahtorrejon.com.ar\/\">Dabbah Torrej\u00f3n<\/a>, El Salvador 5176. Di-Fr 15-20, Sa 11-18 Uhr. Seit 13.8.<\/li>\n<li>Bernardo Ezcurra, Antonia Robirosa, Karina Badaracco, Jos\u00e9 Ignacio Miguens, Marina Di Paolo, Gem\u00e4lde. Museo Metropolitano, Castex 3217. Mo-Fr 14-20, Sa 14-18 Uhr. 13.8.-26.8.<\/li>\n<li><a href=\"http:\/\/www.carlosfurman.com.ar\/\">Carlos Furman<\/a>, \u201eTANGO\u201c, 35 Schwarzwei\u00dffotos in 75&#215;95 cm aus Furmans soeben erschienenem, 184-seitigem Bildband TANGO. \u201eFotoGaler\u00eda\u201c des San Mart\u00edn-Theaters, Av. Corrientes 1530. Mo-Fr ab 12 Uhr, Sa und So ab 14 Uhr, bis zum Ende der Veranstaltungen im Theater. Eintritt frei. 18.8.-27.9.<\/li>\n<li>In\u00e9s Echenique, \u201eComunidades\u201c, Gem\u00e4lde. Galer\u00eda Lagard, Suipacha 1216. Mo-Fr 13-18.30 Uhr. 18.8.-31.8.<\/li>\n<li>Florencia Pravaz und Adri\u00e1n Perrone, \u201eNo conserve la lata\u201c, Gem\u00e4lde. <a href=\"http:\/\/www.lapazespaciodearte.com.ar\/\">La Paz Espacio de Arte<\/a>, Azcu\u00e9naga 1739, Erdgeschoss \u201eB\u201c. 18.8.-5.9.<\/li>\n<li>Horacio Politi, \u201eQuerida Buenos Aires\u201c. <a href=\"http:\/\/www.brartgallery.com.ar\/includes\/contenido\/home.php\">Bohnenkamp &#038; Revale Art Gallery<\/a>,Maip\u00fa 979. Mo-Fr 10-19, Sa 10-17 Uhr. 18.8.-26.8.<\/li>\n<li>Julio Grinblatt, \u201eUsos de la fotograf\u00eda 5\u201c, Fotos und Videos. \/ \u201eTalism\u00e1n se busca\u201c (Teil 2), Werke von Roberto Aizenberg, Max G\u00f3mez Canle, Fabio Kacero, Fernanda Laguna, Pablo Siquier, Diego Vergara, Federico Villarino. Kuratorin: Sonia Becce. <a href=\"http:\/\/www.ruthbenzacar.com\/\">Ruth Benzacar<\/a>, Florida 1000. Mo-Fr 11.30-20 Uhr. 19.8.-25.9.<\/li>\n<li>\u201ePaisajes y Marinas\u201c, Landschafts- und Hafenbilder von Rub\u00e9n Baima, Jorge Bertolino, Claudio Gorrochategui, Jorge Vulcano. <a href=\"http:\/\/www.galeriamediterranea.com.ar\/\">Mediterr\u00e1nea Galer\u00eda de Arte<\/a>, Pacheco 2380, Villa Urquiza (H\u00f6he Monroe 4900). Mo-Fr 10-20.30, Sa 10-17 Uhr. 20.8.-19.9.<\/li>\n<li>Liliana Alem\u00e1n \/ Nubia Ozzi, \u201eJuegos artificiales y Er\u00f3ticos\u201c. Museo Maguncia, Gutemberg-Saal, Av. Pedro de Mendoza 1855, La Boca. Di-Fr 10-18, Sa und So 11-19 Uhr. Er\u00f6ffnung: 22.8., 13 Uhr. Bis 9.9.<\/li>\n<li>Diego Melero, \u201eRepresentaci\u00f3n De. Idea sobre y para una acci\u00f3n\u201c, Performance-Videos, Installation. Galer\u00eda Arcimboldo, Reconquista 761, Erdgeschoss \u201e14\u201c. Mo-Fr 15-19, Sa 11-13 Uhr. Er\u00f6ffnung: 24.8., 19 Uhr. Bis 19.9.<\/li>\n<li>Eduardo Iglesias Brickles. <a href=\"http:\/\/www.galeriavermeer.com.ar\/\">Vermeer Galer\u00eda de Arte<\/a>, Suipacha 1168. Er\u00f6ffnung: 26.8., 19 Uhr. Bis 26.9.<\/li>\n<li>\u201eAgua y Luz II, Po\u00e9ticas Tecnol\u00f3gicas a Fin de D\u00e9cada\u201c. Kuratorin: Graciela Taquini. Teilnehmende K\u00fcnstler\/gruppen (u.a.): Fabiana Barreda, Grupo Magma, Proyecto Untitled, Gabriel Rud, Paula Senderowicz, M\u00f3nica Van Asperen, Augusto Zanela. <a href=\"http:\/\/www.objeto-a.com.ar\/\">Objeto a<\/a>, Niceto Vega 5181. Di-Sa 15-20 Uhr. Er\u00f6ffnung: 27.8., 19.30 Uhr. Bis 23.9.<\/li>\n<li>Carlos Rosero (Ecuador), \u201eValija de Viajero\u201c, Gem\u00e4lde. <a href=\"http:\/\/www.centrocultural.coop\/\">Centro Cultural de la Cooperaci\u00f3n<\/a>, \u201eEspacio Ra\u00fal Lozza\u201c, Av. Corrientes 1543. Er\u00f6ffnung: 27.8., 19 Uhr.<\/li>\n<li><a href=\"http:\/\/www.leorobertazzi.com\/\">Leonardo Robertazzi<\/a>, Gem\u00e4lde und Zeichnungen. <a href=\"http:\/\/www.apicearte.com\/\">Apice Arte<\/a>, Juncal 685, Erdgeschoss. Mo-Fr 15-20 Uhr. Er\u00f6ffnung: 28.8., 19 Uhr. Bis 25.9.<\/li>\n<\/ul>\n","protected":false},"excerpt":{"rendered":"<p>Click aqu\u00ed para leer la versi\u00f3n en castellano. Ausstellungs-Kalender 22.08.09-29.08.09 Bis 13. September wurde die Ausstellung \u201eHU\u00c9SPED\u201c, Sammlung des MUSAC, im Museo Nacional de Bellas Artes verl\u00e4ngert. Ausstellungszentren MALBA (Museo de Arte Latinoamericano de Buenos Aires), Av. Figueroa Alcorta 3415 (Do-Mo und feiertags 12-20 Uhr, mittwochs bis 21 Uhr, dienstags geschlossen. Eintritt 15 Pesos, Lehrer [&hellip;]<\/p>\n","protected":false},"author":1,"featured_media":0,"comment_status":"open","ping_status":"open","sticky":false,"template":"","format":"standard","meta":{"footnotes":""},"categories":[3],"tags":[],"class_list":["post-1868","post","type-post","status-publish","format-standard","hentry","category-kalender-agenda"],"_links":{"self":[{"href":"https:\/\/kunstinargentinien.com\/index.php\/wp-json\/wp\/v2\/posts\/1868","targetHints":{"allow":["GET"]}}],"collection":[{"href":"https:\/\/kunstinargentinien.com\/index.php\/wp-json\/wp\/v2\/posts"}],"about":[{"href":"https:\/\/kunstinargentinien.com\/index.php\/wp-json\/wp\/v2\/types\/post"}],"author":[{"embeddable":true,"href":"https:\/\/kunstinargentinien.com\/index.php\/wp-json\/wp\/v2\/users\/1"}],"replies":[{"embeddable":true,"href":"https:\/\/kunstinargentinien.com\/index.php\/wp-json\/wp\/v2\/comments?post=1868"}],"version-history":[{"count":0,"href":"https:\/\/kunstinargentinien.com\/index.php\/wp-json\/wp\/v2\/posts\/1868\/revisions"}],"wp:attachment":[{"href":"https:\/\/kunstinargentinien.com\/index.php\/wp-json\/wp\/v2\/media?parent=1868"}],"wp:term":[{"taxonomy":"category","embeddable":true,"href":"https:\/\/kunstinargentinien.com\/index.php\/wp-json\/wp\/v2\/categories?post=1868"},{"taxonomy":"post_tag","embeddable":true,"href":"https:\/\/kunstinargentinien.com\/index.php\/wp-json\/wp\/v2\/tags?post=1868"}],"curies":[{"name":"wp","href":"https:\/\/api.w.org\/{rel}","templated":true}]}}