{"id":1873,"date":"2009-08-29T19:26:54","date_gmt":"2009-08-29T22:26:54","guid":{"rendered":"http:\/\/kunstinargentinien.com\/index.php\/2009\/08\/29\/agenda-kalender-176\/"},"modified":"2009-09-11T20:28:31","modified_gmt":"2009-09-11T23:28:31","slug":"agenda-kalender-176","status":"publish","type":"post","link":"https:\/\/kunstinargentinien.com\/index.php\/2009\/08\/29\/agenda-kalender-176\/","title":{"rendered":"Agenda \/ Kalender"},"content":{"rendered":"<p><a href=\"http:\/\/kunstinargentinien.com\/index.php\/2009\/08\/29\/kalender-agenda-182\/\">Klicken Sie hier, um die deutsche Version zu lesen.<\/a><\/p>\n<p><strong>Agenda de Muestras 29\/08\/09-05\/09\/09<\/strong><\/p>\n<div align=center><img decoding=\"async\" id=\"image1871\" alt=EIB2.jpg src=\"http:\/\/kunstinargentinien.com\/wp-content\/uploads\/2009\/08\/EIB2.jpg\" \/><br \/>\n<em>Eduardo Iglesias Brickles expone en <a href=\"http:\/\/www.galeriavermeer.com.ar\/\">Vermeer<\/a>.<\/em><\/div>\n<p><strong><em>Centros de exposiciones<\/em><\/strong><\/p>\n<ul>\n<li><a href=\"http:\/\/www.malba.org.ar\/web\/\">MALBA<\/a> (Museo de Arte Latinoamericano de Buenos Aires), Av. Figueroa Alcorta 3415 (Jue-Lun y feriados 12-20 hs, Mi\u00e9rcoles hasta 21 hs, martes cerrado. Entrada 15 pesos, docentes y jubilados 8 pesos, estudiantes 5 pesos, menores de 5 a\u00f1os gratis. Mi\u00e9rcoles: Entrada 5 pesos, docentes y jubilados 3 pesos, estudiantes gratis): &#8220;Yente &#8211; Prati&#8221;, exposici\u00f3n que pone en valor la producci\u00f3n de dos pioneras de la abstracci\u00f3n en la Argentina: Yente (Eugenia Crenovich, 1905-1990) y Lidy Prati (Lidia Elena Prati, 1921-2008). Curadora invitada (Yente): Adriana Lauria. Sala 5, 2\u00ba piso. 20.08.-05.10.  Visitas guiadas: Mie y Vie 17, Dom 18 hs. \/ &#8220;Contempor\u00e1neo 24: Miguel \u00c1ngel R\u00edos 2001-2008&#8221;, videoinstalaciones, dibujos y fotos. Sala 1, P.B. 20.08.-26.10. Durante el mes de septiembre, malba.cine proyectar\u00e1 en el auditorio el documental &#8220;Fuego amigo&#8221; de Miguel \u00c1ngel R\u00edos. \/ &#8220;Destination: Brazil&#8221;, selecci\u00f3n de dise\u00f1o brasile\u00f1o realizada por MoMA en colaboraci\u00f3n con Malba. Tiendamalba. Hasta septiembre. \/ &#8220;Intervenci\u00f3n 6&#8221;: Pablo Reinoso, &#8220;Enredamaderas&#8221;. Hasta noviembre 2009.<\/li>\n<li><a href=\"http:\/\/www.mnad.org\/\">Museo Nacional de Arte Decorativo<\/a>, Av. del Libertador 1902 (Mar-Dom 14-19 hs. Entrada 5 pesos, estudiantes y jubilados 3 pesos; martes gratuita): &#8220;El poema del \u00e1ngulo recto &#8211; Le Corbusier en Buenos Aires&#8221;. De 1947 a 1955, Charles-\u00c9douard Jeanneret Le Corbusier ilustr\u00f3 y compuso &#8220;El poema del \u00e1ngulo recto&#8221;, un ambicioso proyecto que pretend\u00eda convertirse en &#8220;una reflexi\u00f3n sobre la vida y el arte&#8221;. Preocupado por el papel del arte despu\u00e9s de Auschwitz, Le Corbusier se propuso elaborar &#8220;una s\u00edntesis de las artes&#8221; y una vuelta a &#8220;las humanidades y el simbolismo&#8221; que plasm\u00f3 en este libro que se preguntaba sobre &#8220;\u00bfcu\u00e1l es el papel de la creaci\u00f3n y el creador? y \u00bfqu\u00e9 significa ser un artista?&#8221; Muestra auspiciada por la Fundaci\u00f3n Cultural Suizo-Argentina. 02.09.-25.10. Actividades paralelas: Mesa redonda con el curador Juan Calatrava: 02.09., 19 hs. Meditaci\u00f3n coreogr\u00e1fica de Oscar Ara\u00edz, vestuario de Renata Schussheim, Grupo de Danza de la UNSAM: 06.09., 18.30 hs. \/ Jean-Antoine Houdon (1741-1828), esculturas. De la colecci\u00f3n del Louvre. Curador: Guilhem Scherf. 04.08.-27.09.<\/li>\n<p><!--more--><\/p>\n<li><a href=\"http:\/\/www.mnba.org.ar\/\">Museo Nacional de Bellas Artes<\/a>, Av. del Libertador 1473 (Mar-Vie 12.30-20.30, Sab y Dom 9.30-20.30 hs. Entrada libre): &#8220;HU\u00c9SPED&#8221;, Colecci\u00f3n MUSAC en el MNBA. Curador: Rafael Doctor. 04.08.-13.09.<\/li>\n<li><a href=\"http:\/\/www.mat.gov.ar\/\">Museo de Arte Tigre<\/a> (MAT), Paseo Victorica 972, Tigre (Mie-Vie 9-19, Sab y Dom 12-19 hs): Rub\u00e9n Locaso, esculturas. 15.08.-13.09. \/ Enrique Burone Risso, pinturas, retrospectiva. 15.08.-13.09.<\/li>\n<li><a href=\"http:\/\/centroculturalrecoleta.org\/ccr-sp\/\">Centro Cultural Recoleta<\/a>, Jun\u00edn 1930 (Lun-Vie 14-21, Sab, Dom y feriados 10-21 hs): Diego Perrotta, &#8220;Si no era Dios era el Diablo&#8221;. Sala C. 14.08.-13.09. \/ &#8220;Hagamos visible lo invisible&#8221;. Espacio Avon presenta la primer muestra tem\u00e1tica de arte contra la violencia de g\u00e9nero, que ha convocado a m\u00e1s de 50 artistas de todo el pa\u00eds. Desde 20.08. \/ &#8220;Brisas de Jap\u00f3n. Arte de Okinawa y obras de Seiko Yagi&#8221;. A 100 a\u00f1os de la llegada del primer inmigrante japon\u00e9s okinawense a la Argentina, tendr\u00e1 lugar esta muestra en la cual se difundir\u00e1 la cultura japonesa a trav\u00e9s de diversas manifestaciones art\u00edsticas. Se exhibir\u00e1n piezas t\u00edpicas tales como: kimono, esculturas en origami; y obras, cartas y fotos que describen la vida del artista pl\u00e1stico Seiko Yagi. Sala 10. 21.08.-13.09. \/ &#8220;Desde los muros. Arte e inclusi\u00f3n social&#8221;. La muestra se plantea como un puente entre el arte y la libertad y como un canal de expresi\u00f3n para las mujeres y hombres que se encuentran alojados en institutos correccionales de Buenos Aires. Salas 1 y 2. 21.08.-20.09. \/ &#8220;Cazador de Aventuras&#8221;. Es un c\u00f3mic argentino que se public\u00f3 de 1992 a 2001. De tono irreverente y trasgresor, es famoso por haber iniciado una nueva era de c\u00f3mics para adultos en la argentina. Fue escrito y dibujado por Ariel Olivetti, Jorge Lucas (creador del personaje), Mauro Cascioli y Claudio Ram\u00edrez. Espacio Historieta. 21.08.-20.09.<\/li>\n<li><a href=\"http:\/\/www.ccborges.org.ar\/\">Centro Cultural Borges<\/a>, Viamonte\/San Mart\u00edn (Lun-Sab 10-21, Dom 12-21 hs. Entrada 10 pesos): &#8220;Photosuisse &#8211; Fotograf\u00eda Suiza Contempor\u00e1nea&#8221;. 23.07.-30.08. \/ &#8220;C\u00e1tedra&#8221;, obras de 20 alumnos de la c\u00e1tedra de Proyectual de Pinturas de Carlos Bissolino en el IUNA: Andr\u00e9s Aizicovich, Gala Berger, Fredy Borges, Cotelito, Mat\u00edas Dinenzon, Lino Divas, Nicol\u00e1s Gullota, Itamar Hartavi, Muriel Kraljevich Chadwick, Cristian L\u00f3pez Rey, Gimena Macri, Luciana Malfatti, Rodolfo Marques, Pablo Montivero, Delfina Moore, Ramiro Oller, Nicol\u00e1s Ozuna, Juan Reos, Luc\u00eda Sornas y Rosario Zorraqu\u00edn. Curadora: Florencia Braga Men\u00e9ndez. 04.08.-30.08. \/ &#8220;Darwin en la Argentina&#8221;, muestra hist\u00f3rico-fotogr\u00e1fica en homenaje al c\u00e9lebre cient\u00edfico ingl\u00e9s en el &#8220;A\u00f1o Darwin&#8221; que conmemora los 200 a\u00f1os de su nacimiento y 150 de la publicaci\u00f3n del &#8220;Origen de las especies&#8221;. 13.08.-09.09.<\/li>\n<li><a href=\"http:\/\/www.pabellon4.com\/\">Pabell\u00f3n 4<\/a>, Uriarte 1332, Palermo Viejo (Lun-Sab 16-20 hs): Jorge Opazo, &#8220;Todos los robots, androides y cyborgs con nosotros&#8221;, pinturas, fotograf\u00eda, mixtas. En el marco del Proyecto Cubo 2009, curado por N\u00e9stor Zonana. Sala Proyecto Cubo. 28.07.-05.09. \/ Delia Ana Iglesias, &#8220;Creadores del universo&#8221;, pinturas. Sala I. 18.08.-05.09. \/ Eduardo Del Burgo, &#8220;Serendipidad&#8221;, fotos. Sala II. 18.08.-05.09.<\/li>\n<li><a href=\"http:\/\/www.palaisdeglace.org\/\">Palais de Glace<\/a>, Posadas 1725 (Mar-Vie 12-20, Sab y Dom 10-20 hs. Entrada libre y gratuita): Jorge Demirji\u00e1n, dibujos 1963-2009, pinturas 2006-2009. 27.08.-20.09. \/ &#8220;Concurso Nacional de Fotograf\u00eda &#8216;Cultura del Agua'&#8221;, 2\u00ba edici\u00f3n. 27.08.-20.09. \/ &#8220;Papel Sujeto\/Objeto&#8221;, muestra colectiva, obras en papel y libros de artista. 27.08.-20.09. \/ Lucas Dist\u00e9fano, &#8220;Org\u00e1nico&#8221;, fotos. 27.08.-20.09. \/ Lena Szankay, &#8220;M\u00edmesis&#8221;, fotos. 27.08.-20.09. \/ M\u00e1ximo Pedraza, &#8220;\u00c1rbol Solo&#8221;, dibujos. 27.08.-20.09.<\/li>\n<\/ul>\n<p><em><strong>Otras exposiciones<\/strong><\/em><\/p>\n<ul>\n<li>Rafael Gonz\u00e1lez Moreno, &#8220;Modul Ando&#8221;. Galer\u00eda Braga Men\u00e9ndez, Humboldt 1574. Lun-Sab 13-20 hs. 30.06.-29.08.<\/li>\n<li>Edgardo Gim\u00e9nez y Diego Figueroa, &#8220;Esta noche no&#8221;, instalaci\u00f3n. Centro Cultural de Espa\u00f1a en Buenos Aires (CCEBA), Florida 943. 07.07.-04.09.<\/li>\n<li>&#8220;Extranjer\u00edas&#8221;, obras de Carlos Amorales, Pat Badani, Mart\u00edn Bonadeo, Mariana Castillo Deball, Roberto Jacoby, Jorge Macchi, Liliana Porter, Mariano Sard\u00f3n, Leonardo Solaas, Tamara Stuby. Curadores: N\u00e9stor Garc\u00eda Canclini, Andrea Giunta. <a href=\"http:\/\/www.fundacion.telefonica.com.ar\/espacio\/\">Espacio Fundaci\u00f3n Telef\u00f3nica<\/a>, Arenales 1540. 08.07.-27.09.<\/li>\n<li>Cinthia De Levie, &#8220;Diez minutos antes de que anochezca&#8221;. \/ D\u00e9bora Pierpaoli, &#8220;No te dejar\u00e9 morir&#8221;. <a href=\"http:\/\/www.arte713.com\/?cId=650\">713 Arte Contempor\u00e1neo<\/a>, Defensa 713. Lun-Sab 13-19 hs. 23.07.-29.08.<\/li>\n<li>Diego Bastos, &#8220;Para alejarse del suelo&#8221;, pinturas. Sala Planta Baja. \/ Juan Pablo Inzirillo, &#8220;Zooml\u00f3gico&#8221;. Sala Subterr\u00e1nea. <a href=\"http:\/\/www.masottatorres.com.ar\/\">MasottaTorres Arte Contempor\u00e1neo<\/a>, M\u00e9xico 459, San Telmo. Mar-Vie 14-20, Sab 16-20 hs. 24.07.-28.08.<\/li>\n<li>Florian Paucke (1719-1780), dibujos. \/ Juan de Dios Mena (1897-1954), esculturas. \/ Arte textil del noroeste argentino. Pabell\u00f3n de las Bellas Artes de la UCA, Alicia Moreau de Justo 1300. Lun-Sab 11-19 hs. Entrada libre. 30.07.-30.08.<\/li>\n<li>&#8220;La mirada de la sangre&#8221;, obras de (entre otros) Juan Astica, Carlos Bissolino, Daniela Boo, Marcelo Bordese, Mart\u00edn Chatruc, Pablo De Monte, Gerardo Feldstein, Luis Niveiro, Hugo Sbernini, Eduardo Stup\u00eda, In\u00e9s Vega, Alejandra Winkhaus. La Casona de los Olivera, Complejo Cultural Chacra de los Remedios, Parque Avellaneda, Directorio y Lacarra. Mar-Vie 14-19, Sab, Dom y feriados 12-19 hs. 01.08.-11.10.<\/li>\n<li>Rafael Podobnik (Eslovenia), fotograf\u00edas. FotoGaler\u00eda del Teatro San Mart\u00edn, Av. Corrientes 1530. Lun-Vie desde las 12 hs, Sab y Dom desde las 14 hs, hasta la finalizaci\u00f3n de las actividades del d\u00eda en el teatro. Entrada libre. 04.08.-30.08.<\/li>\n<li>Anah\u00ed Roitman, &#8220;SobreVuelos&#8221;, instalaci\u00f3n a\u00e9rea \/ intervenci\u00f3n mural. Paseo del Buen Pastor, Av. Hip\u00f3lito Yrigoyen 325, C\u00f3rdoba. Entrada libre y gratuita. Lun-Dom y feriados 10-22 hs. 05.08.-31.08.<\/li>\n<li>&#8220;Construcciones y Abstracciones&#8221;, acr\u00edlicos, grabados, \u00f3leos y t\u00e9cnicas mixtas de Teresio Fara (1929-1986), Nicol\u00e1s Menza, Santiago Garc\u00eda Pilotto, Graciela Dietl, Alicia D\u00edaz Rinaldi, Juan Mel\u00e9, Carlos Scannapieco, Salvador Constanzo, Nicol\u00e1s Stella y Ernesto Luzuriaga. Curador: Sergio Artola. Mundo Nuevo Gallery Art, Callao 1870, P.B. Lun-Vie 11-20 hs. Entrada libre y gratuita. 05.08.-05.09.<\/li>\n<li>Rodolfo Zagert, &#8220;Huellas encontradas&#8221;. C\u00e1mara de Diputados de la Naci\u00f3n, Sal\u00f3n de los Pasos Perdidos, Congreso de la Naci\u00f3n, Av. Rivadavia 1864, piso 1. Lun-Vie 10-20 hs. 06.08.-31.08.<\/li>\n<li>Richard Sturgeon, pinturas. <a href=\"http:\/\/www.galeriaisabelanchorena.sion.com\/\">Isabel Anchorena<\/a>, Arenales 1239, Puerta 4 H. Lun-Vie 11-20, Sab 11-16 hs. 06.08.-07.09.<\/li>\n<li>&#8220;Grupo Doble Cero&#8221;. <a href=\"http:\/\/www.fundacionfjklemm.org\/\">Fundaci\u00f3n Federico Jorge Klemm<\/a>, Marcelo T. de Alvear 626. Desde 06.08.<\/li>\n<li>&#8220;Con guantes blancos&#8221;, fotograf\u00edas y libros de Andrea Nacach, Federico Merea, Hugo Aveta, Ignacio Iasparra, Luciana Betesh, Marcelo Brodsky, Ral Veroni, Rosana Simonassi, Santiago Porter y Victoria Sim\u00f3n. <a href=\"http:\/\/www.vvvgallery.com\/\">VVVgallery<\/a>, Aguirre 1153, 2\u00ba piso (Aguirre y Juan B. Justo). Mie-Vie 16-20, Sab 15.30-18.30 hs. 06.08.-29.08.<\/li>\n<li>&#8220;Due\u00f1os de la encrucijada&#8221;, obras de Guillermo Srodek Hart, Le\u00f3n Ferrari, Dany Barreto, Gustavo Tabares, \u00c1ngela L\u00f3pez Ruiz, Melina Scumburdis, Guillermo Zabaleta, Diego Perrotta, Nico Sara, Marcelo Bordese, Margaret Whyte, Nora Correas, Anabel Vanoni. Curador: Juan Batalla. <a href=\"http:\/\/www.rojas.uba.ar\/\">Centro Cultural Rojas<\/a>, Espacio de Arte A, Av. Corrientes 2038. Entrada gratuita. 06.08.-31.08.<\/li>\n<li>&#8220;XXI. Sal\u00f3n Municipal de Tapiz (Arte Textil)&#8221;, las obras premiadas en las categor\u00edas T\u00e9cnicas Cl\u00e1sicas y T\u00e9cnicas Artesanales. Museo S\u00edvori, Sala Temporaria (B), Av. Infanta Isabel 555 (frente al puente del Rosedal). Mar-Vie 12-20, Sab, Dom y feriados 10-20 hs. 08.08.-06.09.<\/li>\n<li>&#8220;LITHO\/gr\u00e1fica 2009&#8221;, obras de Le\u00f3n Ferrari, Ana Eckell, Jorge Meijide, Ana Erman, Milo Lockett, Gustavo Amenedo, Sara Lipchinsky, Guillermo Roux, Mariana Guerrero, Charito Estrada, Mabel Berzano, Silvana Blasbalg, Elena Dotta, Silvia Sanjurjo, Renate Levy, Alicia Cittadini, Cristina Hauk, Carlos Carmona, Carla Rey, Floky Gauvry, Mar\u00eda Guerreiro, Analy Sendon, Ale Coirini, Cristina Solia, Aurora Rodr\u00edguez, Gabriela Esterovich, Silvia Brewda, Andrea Fontenla, Macarena de la Cuesta, Marcelo Sewald, Adriana Burgos, Claudio Goldini, Norma Villareal, Teresa Magrane, Ana Castro Feijoo, Silvia Plumari, Mar\u00eda Helena Arbuco, Estela Vivo. Museo Municipal de Bellas Artes &#8220;Juan S\u00e1nchez&#8221;, Sarmiento y Villegas, Gral. Roca, R\u00edo Negro. 08.08.-20.09.<\/li>\n<li>Daniel Kiblisky, &#8220;El Recreo de los sentidos&#8221;. P.B. \/ Matilde Mar\u00edn, videos. P.B. \/ Juan Pablo Cheret, &#8220;Intruders&#8221;. 1\u00ba piso. \/ Marisa Rueda, &#8220;Ciudades L\u00edquidas&#8221;, instalaci\u00f3n. 1\u00b0 piso. \/ Andrea Ladvocat, instalaciones. 2\u00ba piso. Galer\u00eda ArtexArte, Lavalleja 1062. Lun-Vie 13-20 hs. Entrada libre y gratuita. 11.08.-30.09.<\/li>\n<li>&#8220;Te miro, me mir\u00e1s&#8221;, obras de Alberione, Fern\u00e1ndez, Garibotti, Iturralde, Soibelman, Torres. <a href=\"http:\/\/gachiprietogallery.com\/v2\/\">Gachi Prieto Gallery<\/a>, Uriarte 1976, Palermo. Lun-Vie 12-20, Sab 13-19 hs. 11.08.-08.09.<\/li>\n<li>Diego Haboba, &#8220;La imborrable memoria del exilio&#8221;, pinturas y dibujos. <a href=\"http:\/\/www.galeriavasari.com.ar\/\">Galer\u00eda Vasari<\/a>, Esmeralda 1357. Lun-Vie 11-20 hs. 12.08.-11.09.<\/li>\n<li>Silvina Lacarra, &#8220;Retorno&#8221;. \/ Mariano Vilela, &#8220;Materia gris&#8221;. <a href=\"http:\/\/www.dabbahtorrejon.com.ar\/\">Dabbah Torrej\u00f3n<\/a>, El Salvador 5176. Mar-Vie 15-20, Sab 11-18 hs. Desde 13.08.<\/li>\n<li><a href=\"http:\/\/www.carlosfurman.com.ar\/\">Carlos Furman<\/a>, &#8220;TANGO&#8221;, muestra de 35 im\u00e1genes blanco y negro de 75&#215;95 cm que integran el libro TANGO, recientemente editado, de 184 p\u00e1ginas. Fotogaler\u00eda del Teatro San Mart\u00edn, Av. Corrientes 1530. Lun-Vie desde las 12 hs, Sab y Dom desde las 14 hs, hasta la finalizaci\u00f3n de las actividades del d\u00eda en el teatro. Entrada libre. 18.08.-27.09.<\/li>\n<li>In\u00e9s Echenique, &#8220;Comunidades&#8221;, pinturas. Galer\u00eda Lagard, Suipacha 1216. Lun-Vie 13-18.30 hs. 18.08.-31.08.<\/li>\n<li>Florencia Pravaz y Adri\u00e1n Perrone, &#8220;No conserve la lata&#8221;, pinturas. <a href=\"http:\/\/www.lapazespaciodearte.com.ar\/\">La Paz Espacio de Arte<\/a>, Azcu\u00e9naga 1739, P.B. &#8220;B&#8221;. 18.08.-05.09.<\/li>\n<li>Julio Grinblatt, &#8220;Usos de la fotograf\u00eda 5&#8221;, fotos y videos. \/ &#8220;Talism\u00e1n se busca&#8221; (parte 2), obras de Roberto Aizenberg, Max G\u00f3mez Canle, Fabio Kacero, Fernanda Laguna, Pablo Siquier, Diego Vergara, Federico Villarino. Curadora: Sonia Becce. <a href=\"http:\/\/www.ruthbenzacar.com\/\">Ruth Benzacar<\/a>, Florida 1000. Lun-Vie 11.30-20 hs. 19.08.-25.09.<\/li>\n<li>&#8220;Paisajes y Marinas&#8221;, obras de Rub\u00e9n Baima, Jorge Bertolino, Claudio Gorrochategui, Jorge Vulcano. <a href=\"http:\/\/www.galeriamediterranea.com.ar\/\">Mediterr\u00e1nea Galer\u00eda de Arte<\/a>, Pacheco 2380, Villa Urquiza (alt. Monroe 4900). Lun-Vie 10-20.30, Sab 10-17 hs. 20.08.-19.09.<\/li>\n<li>Liliana Alem\u00e1n \/ Nubia Ozzi, &#8220;Juegos artificiales y Er\u00f3ticos&#8221;. Museo Maguncia, Sala Gutemberg, Av. Pedro de Mendoza 1855, La Boca. Mar-Vie 10-18, Sab y Dom 11-19 hs. 22.08.-09.09.<\/li>\n<li>Diego Melero, &#8220;Representaci\u00f3n De. Idea sobre y para una acci\u00f3n&#8221;, videos de performances, instalaci\u00f3n de gr\u00e1ficos. Galer\u00eda Arcimboldo, Reconquista 761, P.B. 14. Lun-Vie 15-19, Sab 11-13 hs. 24.08.-19.09.<\/li>\n<li>Eduardo Iglesias Brickles. <a href=\"http:\/\/www.galeriavermeer.com.ar\/\">Vermeer Galer\u00eda de Arte<\/a>, Suipacha 1168. 26.08.-26.09.<\/li>\n<li>&#8220;Agua y Luz II, Po\u00e9ticas Tecnol\u00f3gicas a Fin de D\u00e9cada&#8221;. Curadora: Graciela Taquini. Participan entre otros: Fabiana Barreda, Grupo Magma, Proyecto Untitled, Gabriel Rud, Paula Senderowicz, M\u00f3nica Van Asperen, Augusto Zanela. <a href=\"http:\/\/www.objeto-a.com.ar\/\">Objeto a<\/a>, Niceto Vega 5181. Mar-Sab 15-20 hs. 27.08.-23.09.<\/li>\n<li>Carlos Rosero (Ecuador), &#8220;Valija de Viajero&#8221;, pinturas. <a href=\"http:\/\/www.centrocultural.coop\/\">Centro Cultural de la Cooperaci\u00f3n<\/a>, Espacio Ra\u00fal Lozza, Av. Corrientes 1543. Desde 27.08.<\/li>\n<li><a href=\"http:\/\/www.leorobertazzi.com\/\">Leonardo Robertazzi<\/a>, pinturas y dibujos. <a href=\"http:\/\/www.apicearte.com\/\">Apice Arte<\/a>, Juncal 685, P.B. Lun-Vie 15-20 hs. 28.08.-25.09.<\/li>\n<li>Carlos Bissolino, pinturas. <a href=\"http:\/\/www.wussmann.com\/\">Wussmann<\/a>, Venezuela 570. Inauguraci\u00f3n: 01.09., 19 hs.<\/li>\n<li>Mabel Rubli, &#8220;Espacio Abierto&#8221;. <a href=\"http:\/\/www.empatia-arte.com\/\">Empat\u00eda<\/a>, Carlos Pellegrini 1255. Inauguraci\u00f3n: 02.09., 19 hs. Hasta 26.09.<\/li>\n<li>Candelaria Palacios, &#8220;Hilos de tinta&#8221;. <a href=\"http:\/\/www.galeriaatica.com\/\">Atica<\/a>, Libertad 1240, P.B. &#8220;9&#8221;. Lun-Vie 11-13 y 15-20, Sab 11-13.30 hs. Inauguraci\u00f3n: 02.09., 19 hs. Hasta 26.09.<\/li>\n<li>Jos\u00e9 Landoni, &#8220;Geometr\u00edas en la propia geometr\u00eda&#8221;, esculturas.<br \/>\n<a href=\"http:\/\/www.fundacionmundonuevo.org.ar\/09\/home.html\">Mundo Nuevo Gallery Art<\/a>, Av. Callao 1870, P.B. Inauguraci\u00f3n: 02.09., 19 hs. Hasta 02.10.<\/li>\n<li>Andr\u00e9s Latorre, &#8220;Sobre lo que cae&#8221;. <a href=\"http:\/\/www.consorciodearte.com.ar\/v1.0\/index1.asp\">Consorcio de Arte<\/a>, Guido 1566, Recoleta. Lun-Vie 11-20, Sab 11-14 hs. Inauguraci\u00f3n: 02.09., 19 hs. Hasta 20.09.<\/li>\n<li>&#8220;M\u00e1s all\u00e1 del borde&#8221;, pinturas de Marina Curci y fotograf\u00edas de Marcelo Gurruchaga. Tanto las fotograf\u00edas como las pinturas fueron realizadas en distintos viajes a la Ant\u00e1rtida. <a href=\"http:\/\/blog.cultura.pestalozzi.edu.ar\/\">Asociaci\u00f3n Cultural Pestalozzi<\/a>, Gral. Ram\u00f3n Freire 1882, Belgrano R. Lun-Vie 14-19 hs. Inauguraci\u00f3n: 02.09., 19 hs. Hasta 02.10.<\/li>\n<li>R\u00f3mulo Maccio, 14 obras pintadas en Argentina, Europa y EEUU. Pabell\u00f3n de las Bellas Artes de la UCA, Alicia Moreau de Justo 1300. Lun-Dom 11-19 hs. Entrada libre y gratuita. Inauguraci\u00f3n: 03.09., 12.30 hs. Hasta 18.10.<\/li>\n<li>Eugenia Calvo, &#8220;Las fuerzas predominantes&#8221;, pinturas. \/ Luc\u00eda Sorans\/Catalina Bernabei, &#8220;\u00d3leo y piano &#8211; En acto a d\u00fao&#8221;. <a href=\"http:\/\/www.arte713.com\/?cId=650\">713 Arte Contempor\u00e1neo<\/a>, Defensa 713, San Telmo. Lun-Sab 13-19 hs. Inauguraci\u00f3n: 03.09., 19 hs. Hasta 10.10. Performance de Luc\u00eda Sorans y Catalina Bernabei: 24.09.<\/li>\n<li>Maggie de Koenigsberg, &#8220;Maga Latina&#8221;, pinturas. <a href=\"http:\/\/www.masottatorres.com.ar\/\">MasottaTorres Arte Contempor\u00e1neo<\/a>, M\u00e9xico 459, San Telmo. Mar-Vie 14-20, Sab 16-20 hs. Inauguraci\u00f3n: 03.09., 19 hs. Hasta 09.10.<\/li>\n<\/ul>\n","protected":false},"excerpt":{"rendered":"<p>Klicken Sie hier, um die deutsche Version zu lesen. Agenda de Muestras 29\/08\/09-05\/09\/09 Eduardo Iglesias Brickles expone en Vermeer. Centros de exposiciones MALBA (Museo de Arte Latinoamericano de Buenos Aires), Av. Figueroa Alcorta 3415 (Jue-Lun y feriados 12-20 hs, Mi\u00e9rcoles hasta 21 hs, martes cerrado. Entrada 15 pesos, docentes y jubilados 8 pesos, estudiantes 5 [&hellip;]<\/p>\n","protected":false},"author":1,"featured_media":0,"comment_status":"open","ping_status":"open","sticky":false,"template":"","format":"standard","meta":{"footnotes":""},"categories":[3],"tags":[],"class_list":["post-1873","post","type-post","status-publish","format-standard","hentry","category-kalender-agenda"],"_links":{"self":[{"href":"https:\/\/kunstinargentinien.com\/index.php\/wp-json\/wp\/v2\/posts\/1873","targetHints":{"allow":["GET"]}}],"collection":[{"href":"https:\/\/kunstinargentinien.com\/index.php\/wp-json\/wp\/v2\/posts"}],"about":[{"href":"https:\/\/kunstinargentinien.com\/index.php\/wp-json\/wp\/v2\/types\/post"}],"author":[{"embeddable":true,"href":"https:\/\/kunstinargentinien.com\/index.php\/wp-json\/wp\/v2\/users\/1"}],"replies":[{"embeddable":true,"href":"https:\/\/kunstinargentinien.com\/index.php\/wp-json\/wp\/v2\/comments?post=1873"}],"version-history":[{"count":0,"href":"https:\/\/kunstinargentinien.com\/index.php\/wp-json\/wp\/v2\/posts\/1873\/revisions"}],"wp:attachment":[{"href":"https:\/\/kunstinargentinien.com\/index.php\/wp-json\/wp\/v2\/media?parent=1873"}],"wp:term":[{"taxonomy":"category","embeddable":true,"href":"https:\/\/kunstinargentinien.com\/index.php\/wp-json\/wp\/v2\/categories?post=1873"},{"taxonomy":"post_tag","embeddable":true,"href":"https:\/\/kunstinargentinien.com\/index.php\/wp-json\/wp\/v2\/tags?post=1873"}],"curies":[{"name":"wp","href":"https:\/\/api.w.org\/{rel}","templated":true}]}}