{"id":188,"date":"2005-10-01T13:49:02","date_gmt":"2005-10-01T16:49:02","guid":{"rendered":"http:\/\/kunstinargentinien.com\/index.php\/2005\/10\/01\/kalender-agenda\/"},"modified":"2005-11-02T23:03:24","modified_gmt":"2005-11-03T02:03:24","slug":"kalender-agenda","status":"publish","type":"post","link":"https:\/\/kunstinargentinien.com\/index.php\/2005\/10\/01\/kalender-agenda\/","title":{"rendered":"Kalender \/ Agenda"},"content":{"rendered":"<p><a href=\"http:\/\/kunstinargentinien.com\/index.php\/2005\/10\/01\/agenda-kalender\/\">Click aqu\u00ed para leer la versi\u00f3n en castellano.<\/a><\/p>\n<p><strong>Ausstellungs-Kalender 01.10.05-08.10.05<\/strong><\/p>\n<p><em>Ausstellungszentren<\/em><\/p>\n<ul>\n<li>Centro Cultural Borges, Viamonte\/San Mart\u00edn (Mo-Sa 10-21, So 12-21 Uhr, Eintritt 3 Pesos, Studenten und Rentner 1,50 Pesos; Warhol: Eintritt 9 Pesos, Studenten und Rentner 5 Pesos, Kinder unter 12 Jahren 3 Pesos): Andy Warhol, graphisches Werk, Dokumente. 7.6.-2.10. \/ Paula Rivero, \u201eEntre la luz y la sombra\u201c, Gem\u00e4lde (Saal 21). Kuratorin: Rosa Faccaro. 8.9.-2.10.<\/li>\n<p><!--more--><\/p>\n<li>Centro Cultural Recoleta, Jun\u00edn 1930 (Di-Fr 14-21, Sa, So und feiertags 10-21 Uhr, Eintritt 1 Peso): \u201e\u00e1lbum\u201c, Werke von Ver\u00f3nica Sanes, Diego Haboba, Juan Lado. Kuratorin: Jimena Ferreiro Pella (Saal 9). 8.9.-2.10. \/ In\u00e9s White, \u201eDesplazamientos\u201c, Fotos (Saal 15). 22.9.-16.10. \/ Dani Yako, \u201eFotograf\u00edas 1980-2005\u201c (Saal C). 30.9.-30.10. \/ Ricardo Longhini, \u201eDemocracia Argentina, fracaso de la memoria humana\u201c (Saal J). Seit 30.9. \/ \u201ePlaneta F\u00fatbol\u201c, Fotos. Organisiert von Goethe-Institut und Magnum Photos, mit Werken u.a. von Cartier-Bresson, Abbas, Parr, List (Saal 12). Er\u00f6ffnung: 6.10., 19 Uhr. Bis 30.10.<\/li>\n<p><!--more--><\/p>\n<li>MALBA, Av. Figueroa Alcorta 3415 (Do-Mo 12-20, Mi 12-21 Uhr, dienstags geschlossen, Eintritt 7 Pesos, Dozenten und Senioren \u00fcber 65 Jahre 3,50 Pesos, Rentner und Kinder unter 12 Jahre gratis, mittwochs Eintritt frei): Frank Stella, \u201eSerie Moby Dick\u201c, 25 Graphiken 1991\/1997. Kurator: Ed Shaw. 9.9.-31.10. \/ \u201eContempor\u00e1neo 14\u201c: Robert Jacoby, \u201eDarkroom\u201c. 9.9.-10.10. \/ Andy Warhol, \u201eMotion Pictures\/Cuadros en movimiento\u201c. 23.9.-21.11.<\/li>\n<li>Espacio Fundaci\u00f3n Telef\u00f3nica, Arenales 1540 (Mo-Fr 14-20.30 Uhr): Thomas K\u00f6ner (Deutschland), \u201eArrabales del vac\u00edo\u201c, Klang-Installation. 15.9.-16.10. \/ \u201eespacio real espacio imaginario\u201c, Fotos von Susanne Br\u00fcgger, Thomas Demand, Heidi Specker (Deutschland). Kuratorin: Ute Eskildsen. 16.9.-16.10.<\/li>\n<li>Centro Cultural de Espa\u00f1a en Buenos Aires CCEBA, Florida 943 (Mo-Fr 10.30-20 Uhr): \u201eReplandia\u201c, Gemeinschaftsausstellung kuratiert von Miguel Rep (Hauptsaal) \/ Pablo Peisino, \u201eLa muerte como consejera\u201c, Installation (Microespacio 1) \/ Mirtha Dermisache, \u201eDispositivo Editorial 2. Lectura p\u00fablica\u201c (M2) \/ Rep, \u201eReplandia\u201c, Intervention (M3) \/ Juan Pamp\u00edn, \u201eTropos\u201c, Klang-Installation (M3). 14.9.-20.10.<\/li>\n<li>Fundaci\u00f3n Federico Jorge Klemm\/Academia Nacional de Bellas Artes, Marcelo T. de Alvear 626 (Mo-Fr 11-20 Uhr): R\u00f3mulo Macchi\u00f3, \u201eRetratos de la pintura\u201c. September\/Oktober. \/ Juan Travnik, Fotos. Er\u00f6ffnung: 5.10., 19 Uhr.<\/li>\n<li>Museo Eduardo S\u00edvori, Av. Infanta Isabel 555 (Di-Fr 12-18, Sa und So 10-18 Uhr): Eduardo Iglesias Brickles, \u201eAcerca de las teor\u00edas conspirativas\u201c, Holzschnitt-Gem\u00e4lde. 17.9.-30.10. \/ Liliana Trotta, \u201eEvita&#8230; el mito contin\u00faa\u201c. 17.9.-16.10. \/ V\u00edctor L. Rebuffo, \u201eRetrospectiva 1903-1983\u201c. 24.9.-23.10. \/ Carlos Alonso, \u201eConmemoraci\u00f3n de los 400 a\u00f1os del Quijote\u201c. 24.9.-23.10.<\/li>\n<li>San Mart\u00edn-Theater, Av. Corrientes 1530 (t\u00e4glich 11 Uhr bis Ende der letzten Theatervorstellung): Regina Schmeken (Deutschland), \u201eFotograf\u00edas 1989-2000\u201c. 6.9.-2.10. \/ \u201eLa m\u00e1scara\u201c, Werke von Carlos Furman, El\u00edas Mekler, Alejandra L\u00f3pez, Juan Travnik, Emilio Garc\u00eda Wehbi. 6.9.-16.10.<\/li>\n<\/ul>\n<p><em>Sonstige Ausstellungen<\/em><\/p>\n<ul>\n<li>Juan Jos\u00e9 Cambre, Gem\u00e4lde. Wussmann, Venezuela 570, San Telmo. 31.8.-29.10.<\/li>\n<li>Sebasti\u00e1n Freire, \u201eSebastiano, m\u00e1rtir\u201c, Fotos. Espacio Ecl\u00e9ctico, Humberto Primo 730, San Telmo. Di-Fr 12-21, Sa und So 15-21 Uhr. 1.9.-2.10.<\/li>\n<li>Alberto Cedr\u00f3n, Gem\u00e4lde. Sylvia Vesco, San Mart\u00edn 522, 1. Stock \u201e4\u201c. Mo-Fr 11-20, Sa 11-13 Uhr. 5.9.-8.10.<\/li>\n<li>Marcos L\u00f3pez, Fotos (Hauptsaal) \/ Alicia Paz, Gem\u00e4lde (NuevoEspacio). Ruth Benzacar, Florida 1000. Mo-Fr 11.30-20, Sa 10.30-13.30 Uhr. 7.9.-8.10.<\/li>\n<li>Eduardo Iglesias Brickles, \u201eActitud\u201c, Holzschnittgem\u00e4lde und Acrylbilder. Kurator: Alberto El\u00eda. Fundaci\u00f3n Alberto El\u00eda\/Mario Robirosa, Azcu\u00e9naga 1739. Mo-Fr 11-20 Uhr. 7.9.-28.10.<\/li>\n<li>Roberto Graziano, \u201eFotos de artistas y C\u00eda.\u201c. 180 Grados Arte Contempor\u00e1neo, Filo, San Mart\u00edn 975. Mo-Fr 13-24, Sa 13-16 Uhr. 8.9.-28.10.<\/li>\n<li>Baston D\u00edaz, \u201eModelo para des-armar\u201c, Skulpturen. Daniel Maman Fine Art, Av. del Libertador 2475. Mo-Fr 11-20, Sa 11-15 Uhr. 8.9.-8.10.<\/li>\n<li>\u201eEl S\u00fatil V\u00e9rtigo de la Imagen\u201c, Fotos und Videokunst, Werke von Caio Reisewitz, Brigida Baltar, Niura Bellavinha, Camila Sposati, Elaine Tedesco, Artur Lescher, Cao Guimaraes, Claudia Jaguaribe (Brasilien), Betsabe\u00e9 Romero, Gabriel Acevedo Velarde, Alex Hank (Mexiko), Mart\u00edn Sastre (Uruguay), Mauro Machado, Carlos Trilnick, Matilde Mar\u00edn, Silvia Rivas, Norberto Puzzolo, Rosal\u00eda Maguid, Sandro Pereira, Elisa Strada, Sebasti\u00e1n de Garay, Eduardo Arauz, Nuna Mangiante, Leonardo Antoniadis, Gustavo Lowry, Margarita Wilson Rae, Luj\u00e1n Castellani, Andrea Racciatti, Lila Siegrist (Argentinien). Kuratorin: Claudia Laudanno. Centro Cultural Parque de Espa\u00f1a de Rosario, Sarmiento\/R\u00edo Paran\u00e1, Rosario. 10.9.-2.10.<\/li>\n<li>Liliana Golubinsky, Graciela Dietl, Luisa Gonz\u00e1lez, Gem\u00e4lde. Fundaci\u00f3n Mundo Nuevo, Av. Callao 1870, P.B. 12.9.-6.10.<\/li>\n<li>Rosita Fumagalli, \u201eFiligranas\u201c, Gem\u00e4lde. Elsi del R\u00edo, Ar\u00e9valo 1748, Palermo Hollywood. Di-Fr 15-20, Sa 11-14 Uhr. 14.9.-15.10.<\/li>\n<li>\u201eTrazos y Revelaciones\u201c (10 mexikanische K\u00fcnstler). Museo Nacional de Bellas Artes, Av. del Libertador 1473. Di-So 13.30-19.30, Sa 9.30-19.30 Uhr. Seit 14.9.<\/li>\n<li>Carlos Fernando Herrera, \u201eRetrato de una vida dif\u00edcil\u201c, Intervention vor dem MACRO (Museo de Arte Contempor\u00e1neo de Rosario). MACRO, Bv. Oro\u00f1o\/R\u00edo Paran\u00e1, Rosario. Do-Di 14-20 Uhr. 17.9.-23.10.<\/li>\n<li>Graciela Borthwick, \u201eObra reciente\u201c. Espacio Uriarte, Uriarte 1572, 1. Stock. 19.9.-16.10.<\/li>\n<li>Marcelo Boullosa, \u201eObras recientes\u201c. Del Infinito, Quintana 325, PB. Mo-Fr 11-20 Uhr. Seit 22.9.<\/li>\n<li>Diego Perrotta, Gem\u00e4lde \/ Omar Panosetti, Installation. Museo de Arte Contempor\u00e1neo de Bah\u00eda Blanca (MAC), Sarmiento 450, Bah\u00eda Blanca. Di-So 14-20 Uhr. 23.9.-23.10.<\/li>\n<li>\u201eGrupo Combo\u201c. 1\/1 Caja de Arte, Nicaragua 5024. Mo-Fr 14.30-19.30, Sa 12-18 Uhr. Seit 24.9.\n<li>Miguel van Esso, Skulpturen. Centro Cultural Paseo Quinta Trabucco, Melo 3050, Florida, Prov. Bs.As. Di-Sa 9-19, So 10-19 Uhr. 24.9.-23.10.<\/li>\n<li>Fabi\u00e1n Burgos, \u201eEl amor probablemente\u201c. Dabbah-Torrej\u00f3n, S\u00e1nchez de Bustamante 1187. Di-Fr 15-20, Sa 11-14 Uhr. 24.9.-5.11.<\/li>\n<li>Eduardo Stup\u00eda, Jorge Abot, \u201eUn clavel sobre el piano\u201c, Hommage f\u00fcr Osvaldo Pugliese. Centro Cultural de la Cooperaci\u00f3n, Av. Corrientes 1543. Mo-Sa 11-22, So 17-20.30 Uhr. Seit 27.9.<\/li>\n<li>Silvia Anidjar, Skulpturen. Atica, Libertad 1240, P.B. \u201e9\u201c. Mo-Fr 11-13 und 15-20 Uhr. 28.9.-22.10.<\/li>\n<li>Sergio Camporeale, \u201eEl gran zoo\u201c. R.O. Galer\u00eda de Arte, Paran\u00e1 1158. Mo-Fr 10.30-20, Sa 10.30-13.30 Uhr. Seit 30.9.<\/li>\n<li>\u201eArte Contempor\u00e1neo en el MAPDA\u201c (Werke von Cristian Segura, Nilda Rosemberg, Alejandro Cides, Jorge L\u00f3pez, Cecilia Bax, Javier Bou, Melani Mahler, Walter Montes de Oca, Benjam\u00edn Aitala). Museo de Artes Pl\u00e1sticas D\u00e1maso Arce (MAPDA), San Mart\u00edn 2862, Olavarr\u00eda, Prov. Buenos Aires. Er\u00f6ffnung: 1.10., 19 Uhr.<\/li>\n<li>Osvaldo Decastelli, \u201eZoo\u201c. Galer\u00eda Decastelli, Chile 354, San Telmo. T\u00e4glich 10.30-18.30 Uhr. 1.10.-30.11.<\/li>\n<li>Gabriela Fern\u00e1ndez, \u201eShamp\u00fa\u201c, Fotos \/ Susana Schnell, \u201eSoliloquiear\u201c, Gem\u00e4lde. El Borde, Uriarte 1356. Mo-Sa 14-20 Uhr. Er\u00f6ffnung: 7.10., 20 Uhr. Bis 5.11.<\/li>\n<li>\u201eBuenos Aires Photo\u201c, Fotografie-Messe. Palais de Glace, Posadas 1725. Di-So 14-20 Uhr. 18.10.-22.10.<\/li>\n<li>Guillermo Ueno\/Vicente Grondona. La Bibliotheque, Uruguay 1223, PB \u201e7\u201c, rote T\u00fcr. Er\u00f6ffnung: 26.10., 19 Uhr.<\/li>\n<\/ul>\n","protected":false},"excerpt":{"rendered":"<p>Click aqu\u00ed para leer la versi\u00f3n en castellano. Ausstellungs-Kalender 01.10.05-08.10.05 Ausstellungszentren Centro Cultural Borges, Viamonte\/San Mart\u00edn (Mo-Sa 10-21, So 12-21 Uhr, Eintritt 3 Pesos, Studenten und Rentner 1,50 Pesos; Warhol: Eintritt 9 Pesos, Studenten und Rentner 5 Pesos, Kinder unter 12 Jahren 3 Pesos): Andy Warhol, graphisches Werk, Dokumente. 7.6.-2.10. \/ Paula Rivero, \u201eEntre la [&hellip;]<\/p>\n","protected":false},"author":1,"featured_media":0,"comment_status":"open","ping_status":"open","sticky":false,"template":"","format":"standard","meta":{"footnotes":""},"categories":[3],"tags":[],"class_list":["post-188","post","type-post","status-publish","format-standard","hentry","category-kalender-agenda"],"_links":{"self":[{"href":"https:\/\/kunstinargentinien.com\/index.php\/wp-json\/wp\/v2\/posts\/188","targetHints":{"allow":["GET"]}}],"collection":[{"href":"https:\/\/kunstinargentinien.com\/index.php\/wp-json\/wp\/v2\/posts"}],"about":[{"href":"https:\/\/kunstinargentinien.com\/index.php\/wp-json\/wp\/v2\/types\/post"}],"author":[{"embeddable":true,"href":"https:\/\/kunstinargentinien.com\/index.php\/wp-json\/wp\/v2\/users\/1"}],"replies":[{"embeddable":true,"href":"https:\/\/kunstinargentinien.com\/index.php\/wp-json\/wp\/v2\/comments?post=188"}],"version-history":[{"count":0,"href":"https:\/\/kunstinargentinien.com\/index.php\/wp-json\/wp\/v2\/posts\/188\/revisions"}],"wp:attachment":[{"href":"https:\/\/kunstinargentinien.com\/index.php\/wp-json\/wp\/v2\/media?parent=188"}],"wp:term":[{"taxonomy":"category","embeddable":true,"href":"https:\/\/kunstinargentinien.com\/index.php\/wp-json\/wp\/v2\/categories?post=188"},{"taxonomy":"post_tag","embeddable":true,"href":"https:\/\/kunstinargentinien.com\/index.php\/wp-json\/wp\/v2\/tags?post=188"}],"curies":[{"name":"wp","href":"https:\/\/api.w.org\/{rel}","templated":true}]}}