{"id":1888,"date":"2009-09-19T14:30:41","date_gmt":"2009-09-19T17:30:41","guid":{"rendered":"http:\/\/kunstinargentinien.com\/index.php\/2009\/09\/19\/la-semana-del-arte\/"},"modified":"2009-09-19T15:11:24","modified_gmt":"2009-09-19T18:11:24","slug":"la-semana-del-arte","status":"publish","type":"post","link":"https:\/\/kunstinargentinien.com\/index.php\/2009\/09\/19\/la-semana-del-arte\/","title":{"rendered":"&#8220;La Semana del Arte&#8221;"},"content":{"rendered":"<p><strong>Woche der Kunst vom 20.-26. September<\/p>\n<p><em>Von Susanne Franz<\/em><\/strong><\/p>\n<p>Mit drei Gallery Nights in Palermo (23.9.), San Telmo\/Puerto Madero (24.9.) und Recoleta\/Retiro (25.9.), \u00fcber 100 teilnehmenden Galerien, Konzerten, F\u00fchrungen, Vortr\u00e4gen, Wettbewerben usw. ist die von der Zeitschrift &#8220;Arte al D\u00eda&#8221; organisierte &#8220;Semana del Arte&#8221; in diesem Jahr besonders vielf\u00e4ltig.<\/p>\n<p>Start ist am morgigen Sonntag mit einem Gratiskonzert um 16 Uhr am Obelisken mit &#8220;Voxpop&#8221; und Javier Malosetti (das bei Regen auf den 27. verschoben wird). Bis zum 26. September geht der Kunstmarathon; genaue Infos sind auf der <a href=\"http:\/\/www.lasemanadelarte.com.ar\/\">Webseite der Veranstaltung<\/a> zu finden.<\/p>\n","protected":false},"excerpt":{"rendered":"<p>Woche der Kunst vom 20.-26. September Von Susanne Franz Mit drei Gallery Nights in Palermo (23.9.), San Telmo\/Puerto Madero (24.9.) und Recoleta\/Retiro (25.9.), \u00fcber 100 teilnehmenden Galerien, Konzerten, F\u00fchrungen, Vortr\u00e4gen, Wettbewerben usw. ist die von der Zeitschrift &#8220;Arte al D\u00eda&#8221; organisierte &#8220;Semana del Arte&#8221; in diesem Jahr besonders vielf\u00e4ltig. Start ist am morgigen Sonntag mit [&hellip;]<\/p>\n","protected":false},"author":1,"featured_media":0,"comment_status":"open","ping_status":"open","sticky":false,"template":"","format":"standard","meta":{"footnotes":""},"categories":[4],"tags":[],"class_list":["post-1888","post","type-post","status-publish","format-standard","hentry","category-tipp-der-woche-recomendacion-de-la-semana"],"_links":{"self":[{"href":"https:\/\/kunstinargentinien.com\/index.php\/wp-json\/wp\/v2\/posts\/1888","targetHints":{"allow":["GET"]}}],"collection":[{"href":"https:\/\/kunstinargentinien.com\/index.php\/wp-json\/wp\/v2\/posts"}],"about":[{"href":"https:\/\/kunstinargentinien.com\/index.php\/wp-json\/wp\/v2\/types\/post"}],"author":[{"embeddable":true,"href":"https:\/\/kunstinargentinien.com\/index.php\/wp-json\/wp\/v2\/users\/1"}],"replies":[{"embeddable":true,"href":"https:\/\/kunstinargentinien.com\/index.php\/wp-json\/wp\/v2\/comments?post=1888"}],"version-history":[{"count":0,"href":"https:\/\/kunstinargentinien.com\/index.php\/wp-json\/wp\/v2\/posts\/1888\/revisions"}],"wp:attachment":[{"href":"https:\/\/kunstinargentinien.com\/index.php\/wp-json\/wp\/v2\/media?parent=1888"}],"wp:term":[{"taxonomy":"category","embeddable":true,"href":"https:\/\/kunstinargentinien.com\/index.php\/wp-json\/wp\/v2\/categories?post=1888"},{"taxonomy":"post_tag","embeddable":true,"href":"https:\/\/kunstinargentinien.com\/index.php\/wp-json\/wp\/v2\/tags?post=1888"}],"curies":[{"name":"wp","href":"https:\/\/api.w.org\/{rel}","templated":true}]}}