{"id":1890,"date":"2009-09-19T14:25:03","date_gmt":"2009-09-19T17:25:03","guid":{"rendered":"http:\/\/kunstinargentinien.com\/index.php\/2009\/09\/19\/kalender-agenda-185\/"},"modified":"2009-09-25T20:27:37","modified_gmt":"2009-09-25T23:27:37","slug":"kalender-agenda-185","status":"publish","type":"post","link":"https:\/\/kunstinargentinien.com\/index.php\/2009\/09\/19\/kalender-agenda-185\/","title":{"rendered":"Kalender \/ Agenda"},"content":{"rendered":"<p><a href=\"http:\/\/kunstinargentinien.com\/index.php\/2009\/09\/19\/agenda-kalender-179\/\">Click aqu\u00ed para leer la versi\u00f3n en castellano.<\/a><\/p>\n<p><strong>Ausstellungs-Kalender 19.09.09-26.09.09<\/strong><\/p>\n<div align=center><img decoding=\"async\" id=\"image1886\" alt=edga2.jpg src=\"http:\/\/kunstinargentinien.com\/wp-content\/uploads\/2009\/09\/edga2.jpg\" \/><br \/>\n<em>Am Montag wurde der neue Sitz der Galerie <a href=\"http:\/\/www.elsidelrio.com.ar\/\">Elsi del R\u00edo<\/a> mit einer Skulpturenausstellung von <a href=\"http:\/\/www.madanes.blogspot.com\/\">Edgardo Madanes<\/a> er\u00f6ffnet.<\/em><\/div>\n<p><em><strong>Ausstellungszentren<\/strong><\/em><\/p>\n<ul>\n<li><a href=\"http:\/\/www.malba.org.ar\/web\/\">MALBA<\/a> (Museo de Arte Latinoamericano de Buenos Aires), Av. Figueroa Alcorta 3415 (Do-Mo und feiertags 12-20 Uhr, mittwochs bis 21 Uhr, dienstags geschlossen. Eintritt 15 Pesos, Lehrer und Rentner 8 Pesos, Studenten 5 Pesos, unter 5-J\u00e4hrige gratis. Mittwochs: Eintritt 5 Pesos, Lehrer und Rentner 3 Pesos, Studenten gratis): \u201eYente &#8211; Prati\u201c, Ausstellung \u00fcber zwei Pionierinnen der abstrakten Kunst in Argentinien: Yente (Eugenia Crenovich, 1905-1990) und Lidy Prati (Lidia Elena Prati, 1921-2008). Gast-Kuratorin (Yente): Adriana Lauria. Saal 5, 2. Stock. 20.8.-5.10. F\u00fchrungen: Mi und Fr 17, So 18 Uhr. \/ \u201eVariaciones latinoamericanas &#8211; Obras de la Colecci\u00f3n\u201c (Lateinamerikanische Variationen &#8211; Werke aus der Sammlung Costantini). Saal 3, 1. Stock. Bis 5.10. \/ \u201eContempor\u00e1neo 24: Miguel \u00c1ngel R\u00edos 2001-2008\u201c, Videoinstallationen, Zeichnungen und Fotos. Saal 1, Erdgeschoss. 20.8.-26.10. Im September zeigt malba.cine im Auditorium Miguel \u00c1ngel R\u00edos&#8217; Dokumentarfilm \u201eFuego amigo\u201c. \/ \u201eIntervenci\u00f3n 6\u201c: Pablo Reinoso, \u201eEnredamaderas\u201c. Bis November.<\/li>\n<li>Museo Eduardo S\u00edvori, Av. Infanta Isabel 555, gegen\u00fcber der Br\u00fccke des Rosedal (Di-Fr 12-20, Sa, So und feiertags 10-20 Uhr. Eintritt 1 Peso, mittwochs und samstags gratis): Carlos Ca\u00f1\u00e1s, \u201eRastros del movimiento de las sombras y de la luz\u201c, Gem\u00e4lde. 5.9.-27.9. \/ Rosemary Gerdes, \u201eMi vida con la madera\u201c, Skulpturen. 5.9.-27.9. \/ Juan Miguel L\u00f3pez Mart\u00ednez, \u201eOtras escrituras\u201c, Gem\u00e4lde, Digitalkunst, Video. 12.9.-11.10. \/ 8. \u201ePremio Est\u00edmulo de Fotograf\u00eda &#8216;Francisco Ayerza&#8217;\u201c der Nationalakademie der Sch\u00f6nen K\u00fcnste. 12.9.-25.10.<\/li>\n<p><!--more--><\/p>\n<li><a href=\"http:\/\/www.mnad.org\/\">Museo Nacional de Arte Decorativo<\/a>, Av. del Libertador 1902 (Di-So 14-19 Uhr. Eintritt 5 Pesos, Studenten und Rentner 3 Pesos; dienstags gratis): \u201eEl poema del \u00e1ngulo recto &#8211; Le Corbusier en Buenos Aires\u201c. Kurator: Juan Calatrava. Mit Unterst\u00fctzung der Fundaci\u00f3n Cultural Suizo-Argentina. 2.9.-25.10. \/ Jean-Antoine Houdon (1741-1828), Skulpturen. Aus der Sammlung des Louvre. Kurator: Guilhem Scherf. 4.8.-27.9.<\/li>\n<li><a href=\"http:\/\/centroculturalrecoleta.org\/ccr-sp\/\">Centro Cultural Recoleta<\/a>, Jun\u00edn 1930 (Mo-Fr 14-21, Sa, So und feiertags 10-21 Uhr): \u201eCazador de Aventuras\u201c. \u201eEspacio Historieta\u201c. 21.8.-20.9. \/ \u201eARTECHO\u201c, 35 von K\u00fcnstlern gestaltete H\u00e4uschen, die zugunsten der Arbeit der jungen Freiwilligen der Nichtregierungsorganisation \u201eUn techo para mi pa\u00eds\u201c versteigert werden. Werke von (u.a.) Luis Felipe No\u00e9, Marta Minuj\u00edn, Clorindo Testa, Le\u00f3n Ferrari, Fabiana Barreda, Milo Lockett, Gerardo Feldstein. Im Eingangsbereich des Erdgeschosses und an der Glastreppe. 3.9.-20.9. Versteigerung: 13.10. im Malba.<\/li>\n<li><a href=\"http:\/\/www.pabellon4.com\/\">Pabell\u00f3n 4<\/a>, Uriarte 1332, Palermo Viejo (Mo-Sa 16-20 Uhr): \u201ePlayroom\u201c, 3. Gruppenausstellung im \u201eProyecto Cubo\u201c, Installationen und Objekte von Jorge Opazo, M\u00f3nica Potenza, Catalina Schliebener und Esteban Rivero. Kurator: N\u00e9stor Zonana. \u201eProyecto Cubo\u201c-Saal. 9.9.-26.9. \/ Veronica Vidal Maheara, \u201eBakemono\u201c, Gem\u00e4lde. Saal I. 9.9.-26.9. \/ Julieta Anaut, \u201eDestierro del mar\u201c, Fotos. Saal II. 9.9.-26.9.<\/li>\n<li><a href=\"http:\/\/www.palaisdeglace.org\/\">Palais de Glace<\/a>, Posadas 1725 (Di-Fr 12-20, Sa und So 10-20 Uhr. Eintritt frei): Jorge Demirji\u00e1n, Zeichnungen 1963-2009, Gem\u00e4lde 2006-2009. 27.8.-20.9. \/ \u201eConcurso Nacional de Fotograf\u00eda &#8216;Cultura del Agua&#8217;\u201c, 2. Ausgabe. 27.8.-20.9. \/ \u201ePapel Sujeto\/Objeto\u201c, Gemeinschaftsausstellung, Werke auf Papier und K\u00fcnstlerb\u00fccher. 27.8.-20.9. Parallelveranstaltungen: 13.09. und 20.09., 16.30 Uhr: F\u00fchrung von Carla Rey (Kuratorin der Ausstellung). 16.09., 16 Uhr: \u201ePo\u00e9ticas del papel\u201c, Vortrag von Juan Carlos Romero und Carla Rey, Auditorium Palais de Glace. \/ Lucas Dist\u00e9fano, \u201eOrg\u00e1nico\u201c, Fotos. 27.8.-20.9. \/ Lena Szankay, \u201eM\u00edmesis\u201c, Fotos. 27.8.-20.9. \/ M\u00e1ximo Pedraza, \u201e\u00c1rbol Solo\u201c, Zeichnungen. 27.8.-20.9.<\/li>\n<\/ul>\n<p><em><strong>Sonstige Ausstellungen<\/strong><\/em><\/p>\n<ul>\n<li>\u201eExtranjer\u00edas\u201c, Werke von Carlos Amorales, Pat Badani, Mart\u00edn Bonadeo, Mariana Castillo Deball, Roberto Jacoby, Jorge Macchi, Liliana Porter, Mariano Sard\u00f3n, Leonardo Solaas, Tamara Stuby. Kuratoren: N\u00e9stor Garc\u00eda Canclini, Andrea Giunta. <a href=\"http:\/\/www.fundacion.telefonica.com.ar\/espacio\/\">Espacio Fundaci\u00f3n Telef\u00f3nica<\/a>, Arenales 1540. 8.7.-27.9.<\/li>\n<li>\u201eLa mirada de la sangre\u201c, Werke von (u.a.) Juan Astica, Carlos Bissolino, Daniela Boo, Marcelo Bordese, Mart\u00edn Chatruc, Pablo De Monte, Gerardo Feldstein, Luis Niveiro, Hugo Sbernini, Eduardo Stup\u00eda, In\u00e9s Vega, Alejandra Winkhaus. La Casona de los Olivera, Complejo Cultural Chacra de los Remedios, Parque Avellaneda, Directorio und Lacarra. Di-Fr 14-19, Sa, So und feiertags 12-19 Uhr. 1.8.-11.10.<\/li>\n<li>\u201eLITHO\/gr\u00e1fica 2009\u201c, Werke von Le\u00f3n Ferrari, Ana Eckell, Jorge Meijide, Ana Erman, Milo Lockett, Gustavo Amenedo, Sara Lipchinsky, Guillermo Roux, Mariana Guerrero, Charito Estrada, Mabel Berzano, Silvana Blasbalg, Elena Dotta, Silvia Sanjurjo, Renate Levy, Alicia Cittadini, Cristina Hauk, Carlos Carmona, Carla Rey, Floky Gauvry, Mar\u00eda Guerreiro, Analy Sendon, Ale Coirini, Cristina Solia, Aurora Rodr\u00edguez, Gabriela Esterovich, Silvia Brewda, Andrea Fontenla, Macarena de la Cuesta, Marcelo Sewald, Adriana Burgos, Claudio Goldini, Norma Villareal, Teresa Magrane, Ana Castro Feijoo, Silvia Plumari, Mar\u00eda Helena Arbuco, Estela Vivo. Museo Municipal de Bellas Artes \u201eJuan S\u00e1nchez\u201c, Sarmiento Ecke Villegas, Gral. Roca, Provinz R\u00edo Negro. 8.8.-20.9.<\/li>\n<li>Daniel Kiblisky, \u201eEl Recreo de los sentidos\u201c. Erdgeschoss. \/ Matilde Mar\u00edn, Videos. Erdgeschoss. \/ Juan Pablo Cheret, \u201eIntruders\u201c. 1. Stock. \/ Marisa Rueda, \u201eCiudades L\u00edquidas\u201c, Installation. 1. Stock. \/ Andrea Ladvocat, Installationen. 2. Stock. Galer\u00eda ArtexArte, Lavalleja 1062. Mo-Fr 13-20 Uhr. Eintritt frei. 11.8.-30.9.<\/li>\n<li><a href=\"http:\/\/www.carlosfurman.com.ar\/\">Carlos Furman<\/a>, \u201eTANGO\u201c, 35 Schwarzwei\u00dffotos in 75&#215;95 cm aus Furmans soeben erschienenem, 184-seitigem Bildband TANGO. \u201eFotoGaler\u00eda\u201c des San Mart\u00edn-Theaters, Av. Corrientes 1530. Mo-Fr ab 12 Uhr, Sa und So ab 14 Uhr, bis zum Ende der Veranstaltungen im Theater. Eintritt frei. 18.8.-27.9.<\/li>\n<li>Julio Grinblatt, \u201eUsos de la fotograf\u00eda 5\u201c, Fotos und Videos. \/ \u201eTalism\u00e1n se busca\u201c (Teil 2), Werke von Roberto Aizenberg, Max G\u00f3mez Canle, Fabio Kacero, Fernanda Laguna, Pablo Siquier, Diego Vergara, Federico Villarino. Kuratorin: Sonia Becce. <a href=\"http:\/\/www.ruthbenzacar.com\/\">Ruth Benzacar<\/a>, Florida 1000. Mo-Fr 11.30-20 Uhr. 19.8.-25.9.<\/li>\n<li>\u201ePaisajes y Marinas\u201c, Landschafts- und Hafenbilder von Rub\u00e9n Baima, Jorge Bertolino, Claudio Gorrochategui, Jorge Vulcano. <a href=\"http:\/\/www.galeriamediterranea.com.ar\/\">Mediterr\u00e1nea Galer\u00eda de Arte<\/a>, Pacheco 2380, Villa Urquiza (H\u00f6he Monroe 4900). Mo-Fr 10-20.30, Sa 10-17 Uhr. 20.8.-19.9.<\/li>\n<li>Eduardo Iglesias Brickles. <a href=\"http:\/\/www.galeriavermeer.com.ar\/\">Vermeer Galer\u00eda de Arte<\/a>, Suipacha 1168. Mo-Fr 11.30-15 und 16-19.30, Sa 11-14 Uhr. 26.8.-26.9.<\/li>\n<li>\u201eAgua y Luz II, Po\u00e9ticas Tecnol\u00f3gicas a Fin de D\u00e9cada\u201c. Kuratorin: Graciela Taquini. Teilnehmende K\u00fcnstler\/gruppen (u.a.): Fabiana Barreda, Grupo Magma, Proyecto Untitled, Gabriel Rud, Paula Senderowicz, M\u00f3nica Van Asperen, Augusto Zanela. <a href=\"http:\/\/www.objeto-a.com.ar\/\">Objeto a<\/a>, Niceto Vega 5181. Di-Sa 15-20 Uhr. 27.8.-23.9.<\/li>\n<li><a href=\"http:\/\/www.leorobertazzi.com\/\">Leonardo Robertazzi<\/a>, Gem\u00e4lde und Zeichnungen. <a href=\"http:\/\/www.apicearte.com\/\">Apice Arte<\/a>, Juncal 685, Erdgeschoss. Mo-Fr 15-20 Uhr. 28.8.-25.9.<\/li>\n<li>Carlos Bissolino, Gem\u00e4lde. <a href=\"http:\/\/www.wussmann.com\/\">Wussmann<\/a>, Venezuela 570. 1.9.-10.11.<\/li>\n<li>Teresita Borda, Gem\u00e4lde. Salon des Club Sueco, Tacuar\u00ed 147, 5. Stock. Mo-Fr 9-16, Do und Fr 18-23.30 Uhr. 1.9.-2.10.<\/li>\n<li>Mabel Rubli, &#8220;Espacio Abierto&#8221;. <a href=\"http:\/\/www.empatia-arte.com\/\">Empat\u00eda<\/a>, Carlos Pellegrini 1255. Mo-Fr 13-20, Sa 10-13 Uhr. 2.9.-26.9.<\/li>\n<li>Jorge Pietra, Zeichnungen und Gem\u00e4lde. <a href=\"http:\/\/www.rubbers.com.ar\/\">Galer\u00eda Rubbers Internacional<\/a>, Av. Alvear 1595. Mo-Fr 11-20, Sa 11-13 Uhr. 2.9.-30.9.<\/li>\n<li>Candelaria Palacios, \u201eHilos de tinta\u201c. <a href=\"http:\/\/www.galeriaatica.com\/\">Atica<\/a>, Libertad 1240, Erdgeschoss \u201e9\u201c. Mo-Fr 11-13 und 15-20, Sa 11-13.30 Uhr. 2.9.-26.9.<\/li>\n<li>Jos\u00e9 Landoni, \u201eGeometr\u00edas en la propia geometr\u00eda\u201c, Skulpturen. <a href=\"http:\/\/www.fundacionmundonuevo.org.ar\/09\/home.html\">Mundo Nuevo Gallery Art<\/a>, Av. Callao 1870, Erdgeschoss. 2.9.-2.10.<\/li>\n<li>\u201eM\u00e1s all\u00e1 del borde\u201c, Gem\u00e4lde von Marina Curci und Fotos von Marcelo Gurruchaga, gemalt bzw. aufgenommen w\u00e4hrend verschiedener Reisen in die Antarktis. <a href=\"http:\/\/blog.cultura.pestalozzi.edu.ar\/\">Asociaci\u00f3n Cultural Pestalozzi<\/a>, Gral. Ram\u00f3n Freire 1882, Belgrano R. Mo-Fr 14-19 Uhr. 2.9.-2.10.<\/li>\n<li>R\u00f3mulo Maccio, 14 in Argentinien, Europa und den USA entstandene gro\u00dfformatige Gem\u00e4lde. \u201ePabell\u00f3n de las Bellas Artes\u201c der Katholischen Universit\u00e4t UCA, Alicia Moreau de Justo 1300. Mo-So 11-19 Uhr. Eintritt frei. 3.9.-18.10.<\/li>\n<li>Eugenia Calvo, \u201eLas fuerzas predominantes\u201c, Gem\u00e4lde. \/ Luc\u00eda Sorans\/Catalina Bernabei, \u201e\u00d3leo y piano &#8211; En acto a d\u00fao\u201c. <a href=\"http:\/\/www.arte713.com\/?cId=650\">713 Arte Contempor\u00e1neo<\/a>, Defensa 713, San Telmo. Mo-Sa 13-19 Uhr. 3.9.-10.10.<\/li>\n<li>Maggie de Koenigsberg, \u201eMaga Latina\u201c, Gem\u00e4lde. <a href=\"http:\/\/www.masottatorres.com.ar\/\">MasottaTorres Arte Contempor\u00e1neo<\/a>, M\u00e9xico 459, San Telmo. Di-Fr 14-20, Sa 16-20 Uhr. 3.9.-9.10.<\/li>\n<li>Alejandra Urresti, \u201eChocar y volar\u201c, Video. \/ Guillermo Ueno, \u201eDistra\u00eddos venceremos\u201c, Fotos. \/ Zyklus \u201eInstalaciones m\u00f3viles\u201c, G\u00e4ste: Oligateca. Interventionen. <a href=\"http:\/\/www.ecfotografiacontemporanea.com\/\">Ernesto Catena Fotograf\u00eda Contempor\u00e1nea<\/a>, Honduras 4882, 1. Stock. Di-Sa 13-19.30 Uhr. 4.9.-17.10.<\/li>\n<li>Gabriela Esterovich, \u201eLo bajo de arriba\u201c, Objekte. \/ Mauricio Saad, \u201eAlter Urbis\u201c, Graphiken. 1\/1 Caja de Arte, Av. Segurola 4612, Villa Devoto. Di-Fr 11-19, Sa 11-15 Uhr. Seit 5.9.<\/li>\n<li>Nazareno Russo, \u201eIngeniero White, un paisaje de posguerra\u201c, Fotos. Kurator: Alberto Giudici. <a href=\"http:\/\/www.centrocultural.coop\/\">Centro Cultural de la Cooperaci\u00f3n<\/a>, Abraham Vigo-Saal, Av. Corrientes 1543. Seit 8.9.<\/li>\n<li>Vanina Braun, Gem\u00e4lde. <a href=\"http:\/\/www.vanriel.com.ar\/\">Galer\u00eda van Riel<\/a>, Juncal 790, Erdgeschoss. Mo-Fr 15-20, Sa 11-13 Uhr. 8.9.-3.10.<\/li>\n<li>\u201eWorld Press Photo 2009\u201c. Centro Cultural Borges, Viamonte\/San Mart\u00edn. Mo-Sa 10-21, So 12-21 Uhr. Eintritt 10 Pesos. 10.9.-4.10.<\/li>\n<li>Juan Carlos Romero, \u201eCartograf\u00edas del cuerpo, asperezas de la palabra\u201c. Kurator: Fernando Davis. \/ Eingeladenes Projekt: \u201ePTV (Partido Transportista de Votantes)\u201c. Gr\u00fcnder: Lucas Di Pascuale. <a href=\"http:\/\/www.artefundacionosde.com.ar\/bs-as\/index.html\">Fundaci\u00f3n Osde Espacio de Arte<\/a>, Suipacha 658, 1. Stock. Mo-Sa 12-20 Uhr. 10.9.-7.11.<\/li>\n<li>\u201eFormas y formas\u201c, Werke von Eduardo Ser\u00f3n, Maria Silvia Corcuera Ter\u00e1n, Marcelo Villegas, Carlos Silva, Gustavo Lowry, Josefina Robirosa, Alfredo Guido, Lu\u00eds F. Benedit, Maria Sim\u00f3n, Raquel Forner, Dalila Puzzovio\/Charly Squirru, L\u00edbero Badii, Mario Pucciareli, Cecilia Bustos. Kurator: \u00c1ngel Navarro. <a href=\"http:\/\/www.angelguidoartproject.com\/_v2\/pre_home.php\">Angel Guido Art Project<\/a>, Suipacha 1217. Mo-Fr 12-20 Uhr. 10.9.-2.10.<\/li>\n<li>Ernesto Deira, \u201eOtra vuelta de Deira\u201c, Gem\u00e4lde. <a href=\"http:\/\/www.agalmaarte.com\/\">agalma.arte<\/a>, Arroyo 882. Mo-Fr 12-20, Sa 11-13.30 Uhr. Seit 10.9.<\/li>\n<li>\u201epH Fotograf\u00eda\u201c, Werke von Bustamante, Magnin, Ser\u00e9 Peltzer, Altkorn. <a href=\"http:\/\/gachiprietogallery.com\/v2\/\">Gachi Prieto Gallery<\/a>, Uriarte 1976, Palermo. Mo-Fr 12.30-20, Sa 13-19 Uhr. 10.9.-6.10.<\/li>\n<li>\u201eDinero\u201c (Geld), Werke von Horacio Abram Luj\u00e1n, Mart\u00edn Bonadeo, Karina Granieri, Uschi Gr\u00f6ppel, Romina Orazi, Alejandro Somaschini und Augusto Zanella. <a href=\"http:\/\/www.isidromiranda.com.ar\/\">Galer\u00eda Isidro Miranda<\/a>, Estados Unidos 726, San Telmo. Di-So 12-19 Uhr. 11.9.-8.10.<\/li>\n<li>Stella Sidi, \u201eMujeres pintadas en la historia del arte argentino\u201c, Fotos\/Interventionen. Museo Maguncia, Pedro de Mendoza 1855, La Boca. Di-Fr 12-18, Sa und So 11-19 Uhr. 12.9.-25.9.<\/li>\n<li><a href=\"http:\/\/www.madanes.blogspot.com\/\">Edgardo Madanes<\/a>, \u201eInfinito\u201c, Skulpturen. <a href=\"http:\/\/www.elsidelrio.com.ar\/\">Elsi del R\u00edo Arte Contempor\u00e1neo<\/a>, Humboldt 1510, Palermo Hollywood. Di-Fr 14-20, Sa 11-15 Uhr. 14.9.-31.10.<\/li>\n<li>\u201e2\u00ba Subasta de Fotograf\u00eda Latinoamericana\u201c (2. Versteigerung Lateinamerikanischer Fotografie). Zugunsten der argentinischen Multiple-Sklerose-Gesellschaft EMA. Daniel Maman Fine Art, Arroyo 859. Mo-Fr 11.30-20, Sa 11.30-15 Uhr. 15.9.-26.9. Versteigerung: 29.9. im Malba.<\/li>\n<li>\u201eFotosafari Tri\u00e1ngulo de Oro e Islas Gal\u00e1pagos &#8211; Ecuador\u201c, Fotos von Fanny Cohen, Laura Crivelli, Susana Galper\u00edn, Mar\u00eda Luc\u00eda Gurruchaga, Ortwin Heineken, Mariana Land\u00edn, Stella Lapolla, Graciela L\u00f3pez, Ana Malina, Graciela Mandolesi, Erica Mohs, Margarita Noller, Gabriela Sanguinetti, Alfredo Ver\u00f3n. Kuratorin: Florencia Masjuan. <a href=\"http:\/\/www.marcelogurruchaga.com\/\">Fotogaleria de Marcelo Gurruchaga<\/a>, Bartolom\u00e9 Mitre 2328. 15.9.-28.9.<\/li>\n<li>Juan Jos\u00e9 Cambre, \u201eZoom\u201c, Gem\u00e4lde. <a href=\"http:\/\/www.galeriavasari.com.ar\/\">Galer\u00eda Vasari<\/a>, Esmeralda 1357. Mo-Fr 11-20 Uhr. 16.9.-16.10.<\/li>\n<li>Juan Mel\u00e9, Retrospektive. <a href=\"http:\/\/www.vaneyck.com.ar\/\">Galer\u00eda Van Eyck<\/a>, Av. Santa Fe 834. Mo-Fr 11-20, Sa 11-13 Uhr. 16.9.-17.10.<\/li>\n<li>Daniela Pisarev, \u201eTime to Shine\u201c, Gem\u00e4lde. <a href=\"http:\/\/www.arthotel.com.ar\/\">Art Hotel<\/a>, Azcu\u00e9naga 1268. 16.9.-15.10.<\/li>\n<li>\u201eLa acci\u00f3n y su registro\u201c, Werke von Juan Doffo, Alberto Greco Nicol\u00e1s Garc\u00eda Uriburu, Oscar Bony, Norberto Puzzolo, Liliana Maresca, Marcela Mouj\u00e1n, Matilde Mar\u00edn, Nicola Constantino, Gabriel Baggio. <a href=\"http:\/\/www.fundacionfjklemm.org\/\">Fundaci\u00f3n Federico Jorge Klemm<\/a>, M.T. de Alvear 626. Mo-Fr 11-20 Uhr. Eintritt frei. Seit 17.9.<\/li>\n<li>Eduardo Hoffmann, \u201eCorresponsal\u201c, Gem\u00e4lde, Installationen, Projektion. Galer\u00eda Lordi Arte Contempor\u00e1neo, Venezuela 617. Mo-Fr 11-19.30, Sa 11-13 Uhr. 17.9.-18.11.<\/li>\n<li>Mariano Grassi, \u201eRoad movie, alba\u00f1iles, dep\u00f3sitos vac\u00edos y m\u00fasica de aficionados\u201c. <a href=\"http:\/\/www.danielabategaleria.com.ar\/\">Daniel Abate Galer\u00eda<\/a>, Pasaje Bollini 2170. Seit 17.9.<\/li>\n<li>\u201eExperimentaciones. Dos muestras, dos contextos\u201c, zeitgen\u00f6ssische brasilianische und argentinische Fotografie. Organisiert von Ita\u00fa Cultural. Brasilianische Botschaft, Arroyo 1142. Mo-Fr 16-20 Uhr. Eintritt frei. 17.9.-30.10.<\/li>\n<li>Lucila Poisson, \u201ePoemas subyacentes\u201c, Gem\u00e4lde. Hotel Sofitel, Arroyo 841. 18.9.-28.9.<\/li>\n<li>Delfina Bourse, \u201eLa hora de los rincones\u201c. Kurator: David Nahon. <a href=\"http:\/\/www.chezvautier.com\/\">Chez Vautier<\/a>, Uspallata 2181, 1 \u201eA\u201c. Sa 18-21 Uhr. Er\u00f6ffnung: 19.9., 18 Uhr. Bis 17.10.<\/li>\n<li>\u201eEl tiempo del arte &#8211; Obras maestras del S. XVI al S. XXI\u201c. Anhand von 100 herausragenden Werken der Kunstgeschichte, bietet die Ausstellungen einen \u00dcberblick \u00fcber f\u00fcnf Jahrhunderte Kunst. Kurator: Giacinto Di Pietrantonio. <a href=\"http:\/\/www.proa.org\/esp\/\">Fundaci\u00f3n Proa<\/a>, Av. Pedro de Mendoza 1929, La Boca. Di-So 11-19 Uhr. Montags geschlossen. Eintritt: 10 Pesos, Studenten 6 Pesos, Rentner 3 Pesos. Er\u00f6ffnung: 19.9., 18.30 Uhr. Bis 3.1.2010.<\/li>\n<li>\u201e<a href=\"http:\/\/www.lasemanadelarte.com.ar\/\">La Semana del Arte 2009<\/a>\u201c. In vielen Galerien, Museen und Kulturzentren der Stadt Buenos Aires. 20.9.-26.9.<\/li>\n<li>\u201eColectiva\/Arte Joven\u201c (Gemeinschaftsausstellung junger Kunst), Werke von Silvina Resnik, Alexandra Kehayoglou, Grupo Pan Duro. Arcimboldo Galer\u00eda de Arte, Reconquista 761, Hochgeschoss \u201e14&#8243;. Mo-Fr 15-19, Sa 11-13 Uhr. Er\u00f6ffnung: 21.9., 19 Uhr. Bis 13.10.<\/li>\n<li>98. \u201eSal\u00f3n Nacional de Artes Visuales 2009\u201c. Palais de Glace, Posadas 1725. Di-Fr 12-20, Sa, So und feiertags 10-20 Uhr. Eintritt frei. Er\u00f6ffnung: 24.9., 19 Uhr.<\/li>\n<\/ul>\n","protected":false},"excerpt":{"rendered":"<p>Click aqu\u00ed para leer la versi\u00f3n en castellano. Ausstellungs-Kalender 19.09.09-26.09.09 Am Montag wurde der neue Sitz der Galerie Elsi del R\u00edo mit einer Skulpturenausstellung von Edgardo Madanes er\u00f6ffnet. Ausstellungszentren MALBA (Museo de Arte Latinoamericano de Buenos Aires), Av. Figueroa Alcorta 3415 (Do-Mo und feiertags 12-20 Uhr, mittwochs bis 21 Uhr, dienstags geschlossen. Eintritt 15 Pesos, [&hellip;]<\/p>\n","protected":false},"author":1,"featured_media":0,"comment_status":"open","ping_status":"open","sticky":false,"template":"","format":"standard","meta":{"footnotes":""},"categories":[3],"tags":[],"class_list":["post-1890","post","type-post","status-publish","format-standard","hentry","category-kalender-agenda"],"_links":{"self":[{"href":"https:\/\/kunstinargentinien.com\/index.php\/wp-json\/wp\/v2\/posts\/1890","targetHints":{"allow":["GET"]}}],"collection":[{"href":"https:\/\/kunstinargentinien.com\/index.php\/wp-json\/wp\/v2\/posts"}],"about":[{"href":"https:\/\/kunstinargentinien.com\/index.php\/wp-json\/wp\/v2\/types\/post"}],"author":[{"embeddable":true,"href":"https:\/\/kunstinargentinien.com\/index.php\/wp-json\/wp\/v2\/users\/1"}],"replies":[{"embeddable":true,"href":"https:\/\/kunstinargentinien.com\/index.php\/wp-json\/wp\/v2\/comments?post=1890"}],"version-history":[{"count":0,"href":"https:\/\/kunstinargentinien.com\/index.php\/wp-json\/wp\/v2\/posts\/1890\/revisions"}],"wp:attachment":[{"href":"https:\/\/kunstinargentinien.com\/index.php\/wp-json\/wp\/v2\/media?parent=1890"}],"wp:term":[{"taxonomy":"category","embeddable":true,"href":"https:\/\/kunstinargentinien.com\/index.php\/wp-json\/wp\/v2\/categories?post=1890"},{"taxonomy":"post_tag","embeddable":true,"href":"https:\/\/kunstinargentinien.com\/index.php\/wp-json\/wp\/v2\/tags?post=1890"}],"curies":[{"name":"wp","href":"https:\/\/api.w.org\/{rel}","templated":true}]}}