{"id":18903,"date":"2014-06-20T08:27:37","date_gmt":"2014-06-20T11:27:37","guid":{"rendered":"http:\/\/kunstinargentinien.com\/?p=18903"},"modified":"2014-06-21T17:26:29","modified_gmt":"2014-06-21T20:26:29","slug":"kalender-agenda-428","status":"publish","type":"post","link":"https:\/\/kunstinargentinien.com\/index.php\/2014\/06\/20\/kalender-agenda-428\/","title":{"rendered":"Kalender \/ Agenda"},"content":{"rendered":"<p><a href=\"http:\/\/kunstinargentinien.com\/index.php\/2014\/06\/20\/agenda-kalender-417\/\">Click aqu\u00ed\u00ad para leer la versi\u00f3n en castellano.<\/a><\/p>\n<p><strong>Ausstellungskalender vom 20\/06\/2014<\/p>\n<p><em>Von Susanne Franz<\/em><\/strong><\/p>\n<p><a href=\"http:\/\/kunstinargentinien.com\/wp-content\/uploads\/2014\/06\/umbria.jpg\"><img loading=\"lazy\" decoding=\"async\" src=\"http:\/\/kunstinargentinien.com\/wp-content\/uploads\/2014\/06\/umbria.jpg\" alt=\"umbria\" width=\"500\" height=\"338\" class=\"aligncenter size-full wp-image-18900\" \/><\/a><br \/>\nIm Rahmen des von der italienischen Botschaft und dem Kulturamt der Stadt Buenos Aires organisierten Veranstaltungs-Zyklus <a href=\"http:\/\/agendacultural.buenosaires.gob.ar\/evento\/verano-italiano-en-buenos-aires\/7270\">&#8220;Verano italiano en Buenos Aires&#8221;<\/a> (Italienischer Sommer in Buenos Aires) wird morgen die Ausstellung <a href=\"http:\/\/www.sensationalumbria.eu\/\">&#8220;Sensational Umbria&#8221;<\/a> mit Bildern der italienischen Region Umbrien er\u00f6ffnet. Die Werke des nordamerikanischen Fotografen <a href=\"http:\/\/kunstinargentinien.com\/index.php\/2010\/10\/02\/ein-chronist-unserer-zeit-2\/\">Steve McCurry<\/a> \u2013 unvergesslich sein Foto des afghanischen M\u00e4dchens, das 1985 auf dem Titel des &#8220;National Geographic&#8221; erschien \u2013 fangen auf unverwechselbare Weise die Seele Umbriens ein und vermitteln den einzigartigen Charakter dieser Perle Italiens.<\/p>\n<p>Die Schau kann man bis zum 28. Juni bei freiem Eintritt in der <a href=\"http:\/\/usinadelarte.org\/\">Usina del Arte<\/a>, Agust\u00edn Caffarena 1, im Stadtteil La Boca von Buenos Aires besuchen.<\/p>\n<p>Weitere Empfehlungen: Heute ist die letzte Gelegenheit, die Ausstellung &#8220;About Wall &#8211; Site Specific Work&#8221; mit ortsbezogenen Werken von Elena Dahn (Argentinien), Juli\u00e1n Le\u00f3n Camargo (Kolumbien), Kirsten Mosel (Deutschland) und Carola Zech (Argentinien) im neu er\u00f6ffneten <a href=\"https:\/\/www.facebook.com\/espaciokamm\">Espacio Kamm<\/a> (Mario Bravo 1136, Palermo, Buenos Aires) zu besuchen. Von 16 bis 20 Uhr.<\/p>\n<p>Neuigkeiten: Das <a href=\"http:\/\/www.mnba.gob.ar\/\">Museo Nacional de Bellas Artes (MNBA)<\/a>, Av. del Libertador 1473, Buenos Aires, hat unter der Woche neue \u00d6ffnungszeiten: Es ist nun dienstags bis freitags von 11.30 bis 19.30 Uhr ge\u00f6ffnet. Samstags und sonntags bleibt alles beim Alten: 9.30 bis 20.30 Uhr.<\/p>\n<p>Der <a href=\"http:\/\/clubaleman.com.ar\/\">Deutsche Klub<\/a> bietet eine besondere F\u00fchrung im MNBA am Donnerstag, dem 26. Juni, um 12.30 Uhr. Infos und Anmeldungen unter Tel.: 4311-0716 oder E-Mail eventos@clubaleman.com.ar. Die Teilnehmerzahl ist begrenzt (35 Personen).<\/p>\n<p>Die Ausstellungen der Woche:<!--more--><\/p>\n<p><strong><em>Ausstellungszentren<\/em><\/strong><\/p>\n<ul>\n<li><a href=\"http:\/\/www.mnba.gob.ar\/\">Museo Nacional de Bellas Artes (MNBA)<\/a>, Av. del Libertador 1473, Buenos Aires (Di-Fr 11.30-19.30, Sa und So 9.30-20.30 Uhr. Eintritt frei): &#8220;La hora americana&#8221;, 1910-1950. Kuratoren: Roberto Amigo und Alberto Petrina. 11.6.-12.8.<\/li>\n<li><a href=\"http:\/\/www.centroculturalrecoleta.org\/nuevositio\/\">Centro Cultural Recoleta<\/a>, Jun\u00edn 1930, Buenos Aires (Di-Fr 13-20, Sa, So und feiertags 11-20 Uhr, montags geschlossen. Eintritt frei): R\u00f3mulo Macci\u00f2, &#8220;BIS&#8221;, Gem\u00e4lde. Retrospektive Teil 2. Cronopios-Saal. Er\u00f6ffnung: 26.6., 18 Uhr. \/ Zulema Maza, &#8220;Tres Fronteras. Observando de cerca&#8221;. Drei Frauen mit europ\u00e4ischen Wurzeln aus s\u00fcdamerikanischen Grenzgebieten in Fotos und H\u00f6r-Dokumenten. Saal J. Er\u00f6ffnung: 26.6., 18 Uhr. \/ Hermenegildo S\u00e1bat, &#8220;Borges y compa\u00f1\u00eda&#8221;, Gem\u00e4lde. Saal C. Er\u00f6ffnung: 26.6., 18 Uhr.<\/li>\n<li><a href=\"http:\/\/www.malba.org.ar\/web\/\">Malba<\/a> (Museo de Arte Latinoamericano de Buenos Aires), Av. Figueroa Alcorta 3415, Buenos Aires (Do-Mo und feiertags 12-20, Mi bis 21 Uhr, dienstags geschlossen. Eintritt 50 Pesos; Studenten, Lehrer, Rentner oder \u00fcber 65-J\u00e4hrige mit g\u00fcltigem Ausweis 25 Pesos. Behinderte: gratis; Kinder unter 5: gratis. Mi: Eintritt 25 Pesos; Studenten, Lehrer und Rentner mit g\u00fcltigem Ausweis: gratis. Behinderte: gratis): &#8220;Arte latinoamericano siglo XX&#8221; (Lateinamerikanische Kunst des 20. Jahrhunderts). Rundgang durch die Sammlung des Museums. \/  &#8220;Lo contrario de la magia&#8221; (Das Gegenteil von Magie), Werke im Spannungsfeld zwischen Kunst und Technologie in der zeitgen\u00f6ssischen Kultur von Juli\u00e1n D\u2019Angiolillo, Pablo La Padula, Nuna Mangiante, Rodolfo Marqu\u00e9s, H\u00e9ctor Meana, Leticia Obeid, Aim\u00e9 Pastorino, Eduardo Santiere, Juli\u00e1n Ter\u00e1n. Gastkurator: Lux Lindner. Saal 1. Im Rahmen des Zyklus &#8220;Contempor\u00e1neo&#8221; (Zeitgen\u00f6ssisch). 27.3.-7.7.<\/li>\n<li><a href=\"http:\/\/www.macba.com.ar\/\">Museo de Arte Contempor\u00e1neo (MACBA)<\/a>, Av. San Juan 328, Buenos Aires (Mo-Fr 12-19, Sa und So 11-19.30 Uhr. Di geschlossen. Eintritt: 25 Pesos. Studenten, Lehrer, Rentner und \u00fcber 65-J\u00e4hrige mit Ausweis: 15 Pesos. Kinder unter 12: gratis. Mittwochs Eintritt: 15 Pesos. Studenten, Lehrer, Rentner und \u00fcber 65-J\u00e4hrige mit Ausweis: 10 Pesos. Kinder unter 12: gratis): &#8220;Cruz-Diez en blanco y negro. Fotograf\u00edas 1942-1986&#8221; (Cruz-Diez in Schwarz-Wei\u00df. Fotos 1942-1986). 10.5.-13.7. \/ Fabi\u00e1n Burgos, &#8220;Instante eterno&#8221; (Ewiger Moment), Gem\u00e4lde 2005-2014. Bis 13.7.<\/li>\n<li><a href=\"http:\/\/conti.derhuman.jus.gov.ar\/\">Centro Cultural de la Memoria Haroldo Conti<\/a>, Av. del Libertador 8151, Buenos Aires (Di-Fr 12-21, Sa, So und feiertags 11-21 hs. Montags geschlossen. Eintritt frei): Eduardo Basualdo, &#8220;Reflujo&#8221;. Saal 1. Er\u00f6ffnung: 21.6., 17 Uhr. Bis 10.8. \/ Lulu Lobo, &#8220;Un Themes&#8221;. Er\u00f6ffnung: 21.6., 17 Uhr. Bis 10.8. \/ Carlos Herrera, &#8220;Ingr\u00e1vido&#8221;, Objekte 2004\/2014. Er\u00f6ffnung: 21.6., 17 Uhr. Bis 10.8. \/ Eugenia Calvo, &#8220;Doble Fondo&#8221;. Er\u00f6ffnung: 21.6., 17 Uhr. Bis 10.8. \/ &#8220;Memoria del caos y la intemperie&#8221;, Interventionen von Daniel Rold\u00e1n und Diego Perrotta. Er\u00f6ffnung: 21.6., 17 Uhr. Bis 2.8. \/ Mat\u00edas Duville, &#8220;Templo del templo&#8221;. Er\u00f6ffnung: 21.6., 17 Uhr. Bis 10.8.<\/li>\n<li><a href=\"http:\/\/museos.buenosaires.gob.ar\/mam.htm\">Museo de Arte Moderno de Buenos Aires (MAMba)<\/a>, San Juan 350, Buenos Aires (Di-Fr 11-19, Sa, So und feiertags 11-20 Uhr. Montags geschlossen, mit Ausnahme von Feiertagen. Eintritt 15 Pesos. Dienstags gratis): &#8220;La colecci\u00f3n Deutsche Bank en di\u00e1logo con obras del Museo de Arte Moderno&#8221; (Die Sammlung der Deutschen Bank im Dialog mit Werken des Museums). Er\u00f6ffnung: 28.6., 17 Uhr.<\/li>\n<\/ul>\n<p><em><strong>Weitere Ausstellungen<\/strong><\/em><\/p>\n<ul>\n<li><a href=\"http:\/\/kunstinargentinien.com\/index.php\/2012\/10\/06\/ein-historisches-haus-voller-geschichten\/\">&#8220;Hab\u00eda una vez&#8230;, mu\u00f1ecas y juguetes 1870\u20131940. Colecci\u00f3n de Mabel y Mar\u00eda Castellano Fotheringham&#8221; (Es war einmal&#8230;, Puppen und Spielzeug aus den Jahren 1870 bis 1940. Sammlung Mabel und Mar\u00eda Castellano Fotheringham)<\/a>. <a href=\"http:\/\/agendacultural.buenosaires.gob.ar\/evento\/munecas-antiguas-en-la-casa-fernandez-blanco\/5094\">Casa Fern\u00e1ndez Blanco<\/a>, Hip\u00f3lito Yrigoyen 1420, Buenos Aires. Di-Fr 12-18, Sa und So 11-17 Uhr. feiertags geschlossen. Eintritt 1 Peso. <a href=\"http:\/\/www.youtube.com\/watch?v=3WVqkTMT24g\">Siehe Videoclip &#8220;Mu\u00f1ecas&#8221;<\/a>. Seit 14.7.2012.<\/li>\n<li><a href=\"http:\/\/www.buenosaires.gob.ar\/noticias\/con-obras-de-regazzoni-se-abre-el-paseo-de-las-esculturas\">Carlos Regazzoni, 45 Skulpturen unter freiem Himmel<\/a>. 3. Ausgabe des Zyklus &#8220;Paseo de las Esculturas&#8221;. Plaza Rub\u00e9n Dar\u00edo, Austria zwischen Av. Figueroa Alcorta und Av. del Libertador, Buenos Aires. Seit 22.3.<\/li>\n<li>&#8220;250 a\u00f1os del Hospital Jud\u00edo de Berl\u00edn reflejados en la historia de la comunidad jud\u00eda de Berl\u00edn&#8221; (250 Jahre J\u00fcdisches Hospital in Berlin, widergespiegelt in der Geschichte der j\u00fcdischen Gemeinde von Berlin), historiographische Ausstellung. Im Rahmen des 20. Jubil\u00e4ums der St\u00e4dtepartnerschaft von Berlin und Buenos Aires. Museo Jud\u00edo de Buenos Aires, Libertad 769, Buenos Aires. Tel.: 4123-0832. Di-Do 11-18, Fr 11-17 Uhr. Beim Eintritt ist ein Personalausweis vorzulegen. 1.4.-27.6.<\/li>\n<li>Marina Papadopoulos, Skulpturen. Asociaci\u00f3n Cultural Pestalozzi, Ramon Freire 1882, Buenos Aires. 21.4.-30.6.<\/li>\n<li><a href=\"http:\/\/kunstinargentinien.com\/index.php\/2014\/05\/17\/raum-fur-kunstlerische-experimente\/\">&#8220;About Wall &#8211; Site Specific Work&#8221;<\/a>, ortsbezogene Werke von Elena Dahn (Argentinien), Juli\u00e1n Le\u00f3n Camargo (Kolumbien), Kirsten Mosel (Deutschland), Carola Zech (Argentinien). <a href=\"https:\/\/www.facebook.com\/espaciokamm\">Espacio Kamm<\/a>, Mario Bravo 1136, Palermo, Buenos Aires. Do und Fr 16-20 Uhr. 17.5.-20.6.<\/li>\n<li>Liniers (Ricardo Siri), &#8220;Todo es Macanudo&#8221;, Retrospektive. Centro Cultural Borges, Viamonte Ecke San Mart\u00edn, Buenos Aires. Mo-Sa 10-21, So 12-21 Uhr. Eintritt 40 Pesos, Studenten und Rentner 35 Pesos, unter 5-J\u00e4hrige gratis, Familien-Erm\u00e4\u00dfigung 4 x 3. 17.5.-2.8.<\/li>\n<li>&#8220;El realismo como vanguardia&#8221;, Werke von Andr\u00e9s Calabrese, Anselmo Piccoli, Domingo Garrone, Enrique S\u00edvori, Le\u00f3nidas Gambartes, Juan Grela, u.a. Kurator: Guillermo Fantoni. <a href=\"http:\/\/www.artefundacionosde.com.ar\/BO\/home.asp\">Espacio de Arte Fundaci\u00f3n Osde<\/a>, Suipacha 658, 1. Stock, Buenos Aires. Mo-Sa 12-20 Uhr. Eintritt frei. 5.6.-26.7. Am 24.6., um 18 Uhr, wird Fantonis Buch &#8220;Berni entre el surrealismo y Siqueiros&#8221; (Berni zwischen Surrealismus und Siqueiros) vorgestellt; am 3. Juli, um 18 Uhr, findet eine \u00f6ffentliche Veranstaltung mit dem Kurator\/Autor statt.<\/li>\n<li><a href=\"http:\/\/ramona.org.ar\/node\/52508\">&#8220;Meta\u00fafora&#8221;<\/a>, Zeichnungen, Objekte und Gem\u00e4lde von Leandro Katz, Leonel Luna und Luis Benedit. <a href=\"http:\/\/www.fnartes.gov.ar\/\">Espacio Casa de la Cultura del Fondo Nacional de las Artes<\/a>, Rufino de Elizalde 2831, Buenos Aires. Di-Sa 15-19 Uhr. 6.6.-6.7.<\/li>\n<li>&#8220;Escenas del 1900&#8221; (Szenen aus dem Jahr 1900), Gem\u00e4lde, Objekte, Mode, Fotos, Musik, Filme. Historische St\u00fccke und Werke zeitgen\u00f6ssischer K\u00fcnstler. <a href=\"http:\/\/www.mat.gov.ar\/\">Museo de Arte Tigre (MAT)<\/a>, Paseo Victorica 972, Tigre, Provinz Buenos Aires. Mi-Fr 9-19, Sa und So 12-19 Uhr. Eintritt: 20 Pesos. 7.6.-7.9.<\/li>\n<li>&#8220;Quino por Mafalda&#8221; (Quino, vorgestellt von Mafalda), Hommage-Ausstellung f\u00fcr den argentinischen Comiczeichner Joaqu\u00edn Lavado, Quino, den Sch\u00f6pfer der Comicfigur Mafalda. Comics, Erstausgaben, Zeitschriften, Fotos und Objekte. MuHu &#8211; Museo del Humor, Av. de los Italianos 851, Costanera Sur, Buenos Aires. Mo-Fr 11-18, Sa und So 10-20, feiertags 12-20 Uhr. Eintritt: Do-So und feiertags 10 Pesos; Mo, Di und Mi gratis. Unter 14-J\u00e4hrige: gratis. 14.6.-31.10.<\/li>\n<li><a href=\"http:\/\/www.lenikem.com\/\">Lena Szankay<\/a>, &#8220;Nunca dejes de mirarme&#8221;, Fotos. El Cultural San Mart\u00edn, &#8220;Gigantogaler\u00eda&#8221;, seitliche Fassade \u00fcber der &#8220;Plaza de las Am\u00e9ricas&#8221;, Sarmiento 1551, Buenos Aires. Bis August 2014.<\/li>\n<li>Steve McCurry (USA), <a href=\"http:\/\/www.sensationalumbria.eu\/\">&#8220;Sensational Umbria&#8221;<\/a>, Fotos. Bilder aus der italienischen Region Umbrien. Im Rahmen des von der italienischen Botschaft und dem Kulturamt der Stadt Buenos Aires organisierten Veranstaltungs-Zyklus <a href=\"http:\/\/agendacultural.buenosaires.gob.ar\/evento\/verano-italiano-en-buenos-aires\/7270\">&#8220;Verano italiano en Buenos Aires&#8221;<\/a> (Italienischer Sommer in Buenos Aires). <a href=\"http:\/\/usinadelarte.org\/\">Usina del Arte<\/a>, Agust\u00edn Caffarena 1, La Boca, Buenos Aires. Eintritt frei. 21.6.-28.6.<\/li>\n<li>Paparella &#8211; Banchero &#8211; Parga. <a href=\"http:\/\/www.vanriel.com.ar\/\">Galer\u00eda van Riel<\/a>, Juncal 790, PB (Erdgeschoss), Buenos Aires. Mo-Fr 15-20 Uhr. Zur Vereinbarung anderer Besuchszeiten: info@vanriel.com.ar. 23.6.-11.7.<\/li>\n<li>Richard Long (Gro\u00dfbritannien), &#8220;Mendoza Walking&#8221;. Kuratorin: Ximena Caminos. <a href=\"http:\/\/faena.com\/artscenter-new#!\/\">Faena Arts Center<\/a>, Molinos-Saal, Aim\u00e9 Paine 1169, Puerto Madero, Buenos Aires. Sa, So und Mo 12-19 Uhr. Eintritt: 40 Pesos, Studenten und Rentner 20 Pesos, unter 12-J\u00e4hrige gratis. Montags gratis. 28.6.-28.7.<\/li>\n<\/ul>\n","protected":false},"excerpt":{"rendered":"<p>Click aqu\u00ed\u00ad para leer la versi\u00f3n en castellano. Ausstellungskalender vom 20\/06\/2014 Von Susanne Franz Im Rahmen des von der italienischen Botschaft und dem Kulturamt der Stadt Buenos Aires organisierten Veranstaltungs-Zyklus &#8220;Verano italiano en Buenos Aires&#8221; (Italienischer Sommer in Buenos Aires) wird morgen die Ausstellung &#8220;Sensational Umbria&#8221; mit Bildern der italienischen Region Umbrien er\u00f6ffnet. Die Werke [&hellip;]<\/p>\n","protected":false},"author":1,"featured_media":0,"comment_status":"open","ping_status":"open","sticky":false,"template":"","format":"standard","meta":{"footnotes":""},"categories":[3],"tags":[],"class_list":["post-18903","post","type-post","status-publish","format-standard","hentry","category-kalender-agenda"],"_links":{"self":[{"href":"https:\/\/kunstinargentinien.com\/index.php\/wp-json\/wp\/v2\/posts\/18903","targetHints":{"allow":["GET"]}}],"collection":[{"href":"https:\/\/kunstinargentinien.com\/index.php\/wp-json\/wp\/v2\/posts"}],"about":[{"href":"https:\/\/kunstinargentinien.com\/index.php\/wp-json\/wp\/v2\/types\/post"}],"author":[{"embeddable":true,"href":"https:\/\/kunstinargentinien.com\/index.php\/wp-json\/wp\/v2\/users\/1"}],"replies":[{"embeddable":true,"href":"https:\/\/kunstinargentinien.com\/index.php\/wp-json\/wp\/v2\/comments?post=18903"}],"version-history":[{"count":27,"href":"https:\/\/kunstinargentinien.com\/index.php\/wp-json\/wp\/v2\/posts\/18903\/revisions"}],"predecessor-version":[{"id":18981,"href":"https:\/\/kunstinargentinien.com\/index.php\/wp-json\/wp\/v2\/posts\/18903\/revisions\/18981"}],"wp:attachment":[{"href":"https:\/\/kunstinargentinien.com\/index.php\/wp-json\/wp\/v2\/media?parent=18903"}],"wp:term":[{"taxonomy":"category","embeddable":true,"href":"https:\/\/kunstinargentinien.com\/index.php\/wp-json\/wp\/v2\/categories?post=18903"},{"taxonomy":"post_tag","embeddable":true,"href":"https:\/\/kunstinargentinien.com\/index.php\/wp-json\/wp\/v2\/tags?post=18903"}],"curies":[{"name":"wp","href":"https:\/\/api.w.org\/{rel}","templated":true}]}}