{"id":19013,"date":"2014-07-05T16:36:34","date_gmt":"2014-07-05T19:36:34","guid":{"rendered":"http:\/\/kunstinargentinien.com\/?p=19013"},"modified":"2014-07-14T16:46:44","modified_gmt":"2014-07-14T19:46:44","slug":"agenda-a-z","status":"publish","type":"post","link":"https:\/\/kunstinargentinien.com\/index.php\/2014\/07\/05\/agenda-a-z\/","title":{"rendered":"Agenda A-Z"},"content":{"rendered":"<p><a href=\"http:\/\/kunstinargentinien.com\/index.php\/2014\/07\/05\/kalender-a-z\/\">Klicken Sie hier, um die deutsche Version zu lesen.<\/a><\/p>\n<p><strong>Agenda de Muestras del 05\/07\/2014<\/p>\n<p><em>Por Susanne Franz<\/em><\/strong><\/p>\n<p><a href=\"http:\/\/kunstinargentinien.com\/wp-content\/uploads\/2013\/12\/Julio_Le_Parc1.jpg\"><img loading=\"lazy\" decoding=\"async\" src=\"http:\/\/kunstinargentinien.com\/wp-content\/uploads\/2013\/12\/Julio_Le_Parc1.jpg\" alt=\"Julio_Le_Parc\" width=\"500\" height=\"428\" class=\"aligncenter size-full wp-image-17863\" srcset=\"https:\/\/kunstinargentinien.com\/wp-content\/uploads\/2013\/12\/Julio_Le_Parc1.jpg 500w, https:\/\/kunstinargentinien.com\/wp-content\/uploads\/2013\/12\/Julio_Le_Parc1-300x256.jpg 300w\" sizes=\"auto, (max-width: 500px) 100vw, 500px\" \/><\/a><br \/>\nEl viernes 11 de julio se inaugurar\u00e1 en el <a href=\"http:\/\/www.malba.org.ar\/web\/\">Malba \u2013 Fundaci\u00f3n Costantini<\/a> la exposici\u00f3n &#8220;Le Parc Lumi\u00e8re&#8221; con una selecci\u00f3n de 16 instalaciones lum\u00ednicas hist\u00f3ricas del gran maestro argentino Julio Le Parc (Mendoza, 1928), pertenecientes a la Colecci\u00f3n Daros Latinoam\u00e9rica de Zurich, Suiza. Se rinde homenaje a uno de los artistas argentinos m\u00e1s importantes del siglo XX, activo protagonista del movimiento \u00f3ptico y cin\u00e9tico internacional.<\/p>\n<p>Esta exposici\u00f3n, que se desplegar\u00e1 en dos salas del museo, marca el inicio del trabajo conjunto con Casa Daros, nueva instituci\u00f3n de la colecci\u00f3n Daros Latinoam\u00e9rica inaugurada en marzo de 2013 en el barrio de Botafogo, R\u00edo de Janeiro. &#8220;Le Parc Lumi\u00e8re&#8221; se present\u00f3 primero all\u00ed de octubre de 2013 a febrero de 2014.<\/p>\n<p>La curadur\u00eda es de Hans-Michael Herzog, director art\u00edstico y curador de la Colecci\u00f3n Daros Latinoam\u00e9rica, y K\u00e4the Walser, curadora t\u00e9cnica de la instituci\u00f3n, quien restaur\u00f3 cada una de las obras en un proceso minucioso que cont\u00f3 con la participaci\u00f3n del artista.<\/p>\n<p><strong>Novedades:<\/strong> A partir de ahora, nuestra agenda estar\u00e1 organizada por espacios, en orden alfab\u00e1tico:<!--more--><\/p>\n<ul>\n<li><a href=\"http:\/\/agendacultural.buenosaires.gob.ar\/evento\/munecas-antiguas-en-la-casa-fernandez-blanco\/5094\">Casa Fern\u00e1ndez Blanco<\/a>, Hip\u00f3lito Yrigoyen 1420, Buenos Aires (Mar-Vie 12-18, S\u00e1b y Dom 11-17 hs. Feriados cerrado. Entrada $2): &#8220;Hab\u00eda una vez&#8230;, mu\u00f1ecas y juguetes 1870-1940. Colecci\u00f3n de Mabel y Mar\u00eda Castellano Fotheringham&#8221;. Desde 14.07.2012.<\/li>\n<li>Centro Cultural Borges, Viamonte esq. San Mart\u00edn, Buenos Aires (Lun-S\u00e1b 10-21, Dom 12-21 hs. Entrada: $40, jubilados y estudiantes: $35, menores de 5 a\u00f1os sin cargo, grupo familiar 4 x 3): Liniers (Ricardo Siri), <a href=\"http:\/\/www.ccborges.org.ar\/index2.htm\">&#8220;Todo es Macanudo&#8221;, retrospectiva interactiva<\/a>. 17.05.-02.08.<\/li>\n<li><a href=\"http:\/\/conti.derhuman.jus.gov.ar\/\">Centro Cultural de la Memoria Haroldo Conti<\/a>, Av. del Libertador 8151, Buenos Aires (Mar-Vie 12-21, S\u00e1b, Dom y feriados 11-21 hs. Lunes cerrado. Entrada libre y gratuita): Eduardo Basualdo, &#8220;Reflujo&#8221;. Sala 1. 21.06.-10.08. \/ Lulu Lobo, &#8220;Un Themes&#8221;. 21.06.-10.08. \/ Carlos Herrera, &#8220;Ingr\u00e1vido&#8221;, objetos 2004\/2014. 21.06.-10.08. \/ Eugenia Calvo, &#8220;Doble Fondo&#8221;. 21.06.-10.08. \/ &#8220;Memoria del caos y la intemperie&#8221;, intervenciones de Daniel Rold\u00e1n y Diego Perrotta. 21.06.-02.08. \/ Mat\u00edas Duville, &#8220;Templo del templo&#8221;. 21.06.-10.08.<\/li>\n<li><a href=\"http:\/\/olavarria.gov.ar\/ccm-hogar-san-jose\">Centro Cultural Municipal San Jos\u00e9 de Olavarr\u00eda<\/a>, Riobamba 2949, Olavarr\u00eda, Provincia de Buenos Aires, Argentina (Lun-Vie 9-14, Mi\u00e9-Vie 15-19, S\u00e1b, Dom y feriados 16-20 hs. Entrada gratuita): Diego Perrotta, pinturas, acuarelas y grabados de las series &#8220;Mujer latente&#8221;, &#8220;Ciudad del Milagro&#8221; y &#8220;Personajes urbanos de la puta Buenos Aires&#8221;. Salas 1 y 2. Inauguraci\u00f3n: 05.07., 19 hs. Hasta 18.08. \/ Omar Panosetti, pinturas. Salas 3 y 4. Inauguraci\u00f3n: 05.07., 19 hs. Hasta 18.08.<\/li>\n<li><a href=\"http:\/\/www.centroculturalrecoleta.org\/nuevositio\/\">Centro Cultural Recoleta<\/a>, Jun\u00ed\u00adn 1930, Buenos Aires (Mar-Vie 13-20, S\u00e1b, Dom y feriados 11-20 hs, Lun cerrado. Entrada libre y gratuita): R\u00f3mulo Macci\u00f2, pinturas. Retrospectiva 2\u00aa parte. Sala Cronopios. Desde 26.06. \/ Zulema Maza, &#8220;Tres Fronteras. Observando de cerca&#8221;. Muestra fotogr\u00e1fica y audiovisual. Sala J. Desde 26.06. \/ Hermenegildo S\u00e1bat, &#8220;Borges y compa\u00f1\u00eda&#8221;, pinturas. Sala C. Desde 26.06. \/ Luis Campos, &#8220;Sietemiltrescientoscinco. Sin Verdad y sin Justicia&#8221;. Sala 4. Inauguraci\u00f3n: 10.07., 18 hs.<\/li>\n<li>El Cultural San Mart\u00edn, Sarmiento 1551, Buenos Aires: <a href=\"http:\/\/www.lenikem.com\/\">Lena Szankay<\/a>, &#8220;Nunca dejes de mirarme&#8221;, fotos. &#8220;Gigantogaler\u00eda&#8221;, fachada lateral sobre Plaza de las Am\u00e9ricas. Hasta Agosto 2014. <a href=\"http:\/\/www.pagina12.com.ar\/diario\/suplementos\/las12\/13-8906-2014-06-07.html\">Nota en P\u00e1gina\/12.<\/a><\/li>\n<li><a href=\"http:\/\/www.fnartes.gov.ar\/\">Espacio Casa de la Cultura del Fondo Nacional de las Artes<\/a>, Rufino de Elizalde 2831, Buenos Aires (Mar-S\u00e1b 15-19 hs): <a href=\"http:\/\/ramona.org.ar\/node\/52508\">&#8220;Meta\u00fafora&#8221;<\/a>, dibujos, objetos y pinturas de Leandro Katz, Leonel Luna, Luis Benedit. 06.06.-05.07.<\/li>\n<li><a href=\"http:\/\/www.artefundacionosde.com.ar\/BO\/home.asp\">Espacio de Arte Fundaci\u00f3n Osde<\/a>, Suipacha 658, 1\u00ba piso, Buenos Aires (Lun-S\u00e1b 12-20 hs. Entrada gratuita): &#8220;El realismo como vanguardia&#8221;, obras de Andr\u00e9s Calabrese, Anselmo Piccoli, Domingo Garrone, Enrique S\u00edvori, Le\u00f3nidas Gambartes y Juan Grela, entre otros. Curador: Guillermo Fantoni. 05.06.-26.07.<\/li>\n<li>Espacio Fundaci\u00f3n Telef\u00f3nica, Arenales 1540, Buenos Aires (Lun-S\u00e1b 14-20.30 hs. Entrada libre y gratuita): &#8220;Ecosistema de la Comunicaci\u00f3n&#8221;. Curador: Marcello Dantas. 03.07.-30.11.2015. \/ Charly Nijensohn, &#8220;Estado de emergencia&#8221;, videoinstalaci\u00f3n. 03.07.-29.11. \/ Hern\u00e1n Marina, &#8220;Hermes, el Mensajero&#8221;, intervenci\u00f3n a la fachada. 03.07.-31.12.<\/li>\n<li><a href=\"http:\/\/faena.com\/artscenter-new#!\/\">Faena Arts Center<\/a>, Aim\u00e9 Paine 1169, Puerto Madero, Buenos Aires (S\u00e1b, Dom y Lun 12-19 hs. Entrada: $40, estudiantes y jubilados $20, menores de 12 a\u00f1os gratis. Lunes gratis): <a href=\"http:\/\/www.buenosairesherald.com\/article\/163244\/richard-long-turning-walking-into-art\">Richard Long (Inglaterra), &#8220;Mendoza Walking&#8221;.<\/a> Curadora: Ximena Caminos. Sala Molinos. 28.06.-28.07.<\/li>\n<li><a href=\"http:\/\/www.proa.org\/esp\/\">Fundaci\u00f3n Proa<\/a>, Pedro de Mendoza 1929, La Boca, Buenos Aires (Mar-Dom 11-19 hs, Lun cerrado. Entrada $20, jubilados $10 y estudiantes $5; Mar gratis para estudiantes): &#8220;Acci\u00f3n Urgente&#8221;, panorama de grupos art\u00edstico-militantes que trabajan en los espacios p\u00fablicos de Argentina, Bolivia, Brasil, Chile, Paraguay, Per\u00fa y Uruguay. Inauguraci\u00f3n: 05.07., 17 hs.<\/li>\n<li><a href=\"http:\/\/www.rubbers.com.ar\/\">Galer\u00eda Rubbers Internacional<\/a>, Av. Alvear 1595, Buenos Aires (Lun-Vie 11-20, S\u00e1b 11-13.30 hs): Liliana Golubinsky y Andrea Fern\u00e1ndez, pinturas. Desde 02.07.<\/li>\n<li><a href=\"http:\/\/www.vanriel.com.ar\/\">Galer\u00eda van Riel<\/a>, Juncal 790, PB, Buenos Aires (Lun-Vie 15-20 hs. Otros horarios: info@vanriel.com.ar): Paparella &#8211; Banchero &#8211; Parga. 23.06.-11.07.<\/li>\n<li><a href=\"http:\/\/www.malba.org.ar\/web\/\">Malba<\/a> (Museo de Arte Latinoamericano de Buenos Aires), Av. Figueroa Alcorta 3415, Buenos Aires (Jue-Lun y feriados 12-20 hs, Mi\u00e9 hasta 21 hs, Mar cerrado. Entrada 50 pesos; estudiantes, docentes, jubilados o mayores de 65 a\u00f1os con acreditaci\u00f3n vigente 25 pesos. Personas con discapacidad: sin cargo; menores de 5 a\u00f1os: sin cargo. Mi\u00e9: Entrada 25 pesos; estudiantes, docentes y jubilados con acreditaci\u00f3n vigente: sin cargo. Personas con discapacidad: sin cargo): &#8220;Arte latinoamericano siglo XX&#8221;. Colecci\u00f3n permanente. \/ &#8220;Lo contrario de la magia&#8221;. Curador invitado: Lux Lindner. Sala 1. En el marco del ciclo &#8220;Contempor\u00e1neo&#8221;. 27.03.-07.07. \/ &#8220;Le Parc Lumi\u00e8re&#8221;, obras cin\u00e9ticas de Julio Le Parc en la Colecci\u00f3n Daros Latinamerica. Curadores: Hans-Michael Herzog, K\u00e4the Walser y Victoria Giraudo. Salas 5 (2\u00ba piso) y 3 (1\u00ba piso). Inauguraci\u00f3n: 11.07., 19 hs. Hasta 06.10.<\/li>\n<li><a href=\"http:\/\/www.macba.com.ar\/\">Museo de Arte Contempor\u00e1neo (MACBA)<\/a>, Av. San Juan 328, Buenos Aires (Lun-Vie 12-19, S\u00e1b y Dom 11-19.30 hs. Martes cerrado. Entrada: 25 pesos. Estudiantes, docentes y jubilados o mayores de 65 a\u00f1os con acreditaci\u00f3n vigente: 15 pesos. Menores de 12 a\u00f1os: gratis. Mi\u00e9: General: 15 pesos. Estudiantes, docentes y jubilados o mayores de 65 a\u00f1os con acreditaci\u00f3n vigente: 10 pesos. Menores de 12 a\u00f1os: gratis): &#8220;Cruz-Diez en blanco y negro. Fotograf\u00edas 1942-1986&#8221;. 10.05.-13.07. \/ Fabi\u00e1n Burgos, &#8220;Instante eterno&#8221;, pinturas 2005-2014. Hasta 13.07.<\/li>\n<li><a href=\"http:\/\/museos.buenosaires.gob.ar\/mam.htm\">Museo de Arte Moderno de Buenos Aires (MAMba)<\/a>, San Juan 350, Buenos Aires (Mar-Vie 11-19, feriados: no; S\u00e1b y Dom 11-20 hs; feriados: si. Entrada: $15. Martes gratis): &#8220;El c\u00edrculo caminaba tranquilo &#8211; La colecci\u00f3n Deutsche Bank en di\u00e1logo con obras del Museo de Arte Moderno&#8221;. <a href=\"https:\/\/www.youtube.com\/watch?v=gt030GZ6YUg\">Curadora: Victoria Noorthoorn.<\/a> 28.06.-31.07.<\/li>\n<li><a href=\"http:\/\/www.mat.gov.ar\/\">Museo de Arte Tigre (MAT)<\/a>, Paseo Victorica 972, Tigre, Provincia de Buenos Aires (Mi\u00e9-Vie 9-19, S\u00e1b y Dom 12-19 hs. Entrada: $20): &#8220;Escenas del 1900&#8221;, pinturas, objetos, moda, fotos, m\u00fasica, cine. Piezas hist\u00f3ricas y obras de artistas contempor\u00e1neos. 07.06.-07.09.<\/li>\n<li>Museo del Humor (MuHu), Av. de los Italianos 851, Costanera Sur, Buenos Aires (Lun-Vie 11-18, S\u00e1b y Dom 10-20, feriados 12-20 hs. Entrada: Jue-Dom y feriados $10; Lun, Mar y Mi\u00e9 gratis. Menores de 14 a\u00f1os: gratis todos los d\u00edas): &#8220;Quino por Mafalda&#8221;, muestra homenaje al humorista Joaqu\u00edn Lavado, Quino. Historietas, primeras publicaciones originales, revistas de \u00e9poca, fotograf\u00edas y objetos. 14.06.-31.10.<\/li>\n<li><a href=\"http:\/\/www.museosivori.org.ar\/\">Museo Eduardo S\u00edvori<\/a>, Av. Infanta Isabel 555, frente al puente del Rosedal de Palermo, Buenos Aires (Mar-Vie 12-20, S\u00e1b, Dom y feriados 10-20 hs. Entrada $5, Mi\u00e9 y S\u00e1b gratis): Claudia Aranovich, antolog\u00eda de obras 1984-2014. Inauguraci\u00f3n: 12.07., 12 hs. Hasta 17.08.<\/li>\n<li>Museo Jud\u00edo de Buenos Aires, Libertad 769, Buenos Aires (Mar-Jue 11-18, Vie 11-17 hs. Para el ingreso se deber\u00e1 presentar documento de identidad): &#8220;250 a\u00f1os del Hospital Jud\u00edo de Berl\u00edn reflejados en la historia de la comunidad jud\u00eda de Berl\u00edn&#8221;, muestra historiogr\u00e1fica. En el marco del 20\u00b0 aniversario del hermanamiento de las ciudades de Berl\u00edn y Buenos Aires. 01.04.-05.08.<\/li>\n<li><a href=\"http:\/\/www.mnba.gob.ar\/\">Museo Nacional de Bellas Artes (MNBA)<\/a>, Av. del Libertador 1473, Buenos Aires (Mar-Vie 11.30-19.30, S\u00e1b y Dom 9.30-20.30 hs. Entrada libre y gratuita): <a href=\"http:\/\/www.pagina12.com.ar\/diario\/suplementos\/espectaculos\/6-32558-2014-06-17.html\">&#8220;La hora americana&#8221;, 1910-1950<\/a>. Curadores: Roberto Amigo y Alberto Petrina. 11.06.-12.08.<\/li>\n<li><a href=\"http:\/\/www.palaisdeglace.gob.ar\/\">Palais de Glace<\/a>, Posadas 1725, Buenos Aires (Mar-Vie 12-20, S\u00e1b, Dom y feriados 10-20 hs. Visitas guiadas: S\u00e1b 17 y 18 hs. Entrada libre y gratuita): &#8220;30 a\u00f1os: Fotoperiodismo en democracia&#8221;. Inauguraci\u00f3n: 17.07., 19 hs. Hasta 18.08. \/ &#8220;25\u00aa Muestra Anual de Fotoperiodismo Argentino&#8221;. Inauguraci\u00f3n: 17.07., 19 hs. Hasta 18.08.<\/li>\n<li><a href=\"http:\/\/www.parquedelamemoria.org.ar\/\">Parque de la Memoria<\/a>, Av. Costanera Norte, Rafael Obligado 6745, adyacente a Ciudad Universitaria, Buenos Aires (Lun-Vie 10-17, fines de semana y feriados 12-18 hs. Entrada libre y gratuita): Fernando Goin, &#8220;L\u00ednea de Tiempo&#8221;. Sala PAyS. 28.06.-24.08.<\/li>\n<li>&#8220;Paseo de las Esculturas&#8221;, Plaza Rub\u00e9n Dar\u00edo, Austria entre Av. Figueroa Alcorta y Av. del Libertador, Buenos Aires): <a href=\"http:\/\/www.buenosaires.gob.ar\/noticias\/con-obras-de-regazzoni-se-abre-el-paseo-de-las-esculturas\">Carlos Regazzoni, 45 esculturas al aire libre<\/a>. Desde 22.03.<\/li>\n<li><a href=\"https:\/\/www.facebook.com\/pages\/Zavaleta-Lab-Arte-Contempor%C3%A1neo\/114436861036?sk=info\">Zavaleta Lab Arte Contempor\u00e1neo<\/a>, Defensa 269, Piso 2, Buenos Aires (Lun-Vie 11-20 hs): Florencia Bohtlingk, Silvana Lacarra. Inauguraci\u00f3n: 08.07., 19 hs. Hasta 10.08.<\/li>\n<\/ul>\n","protected":false},"excerpt":{"rendered":"<p>Klicken Sie hier, um die deutsche Version zu lesen. Agenda de Muestras del 05\/07\/2014 Por Susanne Franz El viernes 11 de julio se inaugurar\u00e1 en el Malba \u2013 Fundaci\u00f3n Costantini la exposici\u00f3n &#8220;Le Parc Lumi\u00e8re&#8221; con una selecci\u00f3n de 16 instalaciones lum\u00ednicas hist\u00f3ricas del gran maestro argentino Julio Le Parc (Mendoza, 1928), pertenecientes a la [&hellip;]<\/p>\n","protected":false},"author":1,"featured_media":0,"comment_status":"open","ping_status":"open","sticky":false,"template":"","format":"standard","meta":{"footnotes":""},"categories":[18],"tags":[],"class_list":["post-19013","post","type-post","status-publish","format-standard","hentry","category-agenda"],"_links":{"self":[{"href":"https:\/\/kunstinargentinien.com\/index.php\/wp-json\/wp\/v2\/posts\/19013","targetHints":{"allow":["GET"]}}],"collection":[{"href":"https:\/\/kunstinargentinien.com\/index.php\/wp-json\/wp\/v2\/posts"}],"about":[{"href":"https:\/\/kunstinargentinien.com\/index.php\/wp-json\/wp\/v2\/types\/post"}],"author":[{"embeddable":true,"href":"https:\/\/kunstinargentinien.com\/index.php\/wp-json\/wp\/v2\/users\/1"}],"replies":[{"embeddable":true,"href":"https:\/\/kunstinargentinien.com\/index.php\/wp-json\/wp\/v2\/comments?post=19013"}],"version-history":[{"count":21,"href":"https:\/\/kunstinargentinien.com\/index.php\/wp-json\/wp\/v2\/posts\/19013\/revisions"}],"predecessor-version":[{"id":19188,"href":"https:\/\/kunstinargentinien.com\/index.php\/wp-json\/wp\/v2\/posts\/19013\/revisions\/19188"}],"wp:attachment":[{"href":"https:\/\/kunstinargentinien.com\/index.php\/wp-json\/wp\/v2\/media?parent=19013"}],"wp:term":[{"taxonomy":"category","embeddable":true,"href":"https:\/\/kunstinargentinien.com\/index.php\/wp-json\/wp\/v2\/categories?post=19013"},{"taxonomy":"post_tag","embeddable":true,"href":"https:\/\/kunstinargentinien.com\/index.php\/wp-json\/wp\/v2\/tags?post=19013"}],"curies":[{"name":"wp","href":"https:\/\/api.w.org\/{rel}","templated":true}]}}