{"id":192,"date":"2005-10-01T12:41:32","date_gmt":"2005-10-01T15:41:32","guid":{"rendered":"http:\/\/kunstinargentinien.com\/index.php\/2005\/10\/01\/agenda-kalender\/"},"modified":"2005-11-02T23:03:49","modified_gmt":"2005-11-03T02:03:49","slug":"agenda-kalender","status":"publish","type":"post","link":"https:\/\/kunstinargentinien.com\/index.php\/2005\/10\/01\/agenda-kalender\/","title":{"rendered":"Agenda \/ Kalender"},"content":{"rendered":"<p><a href=\"http:\/\/kunstinargentinien.com\/index.php\/2005\/10\/01\/kalender-agenda\/\">Klicken Sie hier, um die deutsche Version zu lesen.<\/a><\/p>\n<p><strong>Agenda de Arte 01\/10\/05-08\/10\/05<\/strong><\/p>\n<p><em>Centros de exposiciones<\/em><\/p>\n<ul>\n<li>Centro Cultural Borges, Viamonte\/San Mart\u00edn (Lun-Sab 10-21, Dom 12-21 hs, entrada 3 pesos, estudiantes y jubilados 1,50 pesos; Warhol: entrada 9 pesos, estudiantes y jubilados 5 pesos, menores de 12 a\u00f1os 3 pesos): Andy Warhol, obra gr\u00e1fica, documentos. 7.6.-2.10. \/ Paula Rivero, &#8220;Entre la luz y la sombra&#8221;, pinturas (Sala 21). 8.9.-2.10.<\/li>\n<p><!--more--><\/p>\n<li>Centro Cultural Recoleta, Jun\u00edn 1930 (Mar-Vie 14-21, Sab, Dom y feriados 10-21 hs, entrada 1 peso): &#8220;\u00e1lbum&#8221;, obras de Ver\u00f3nica Sanes, Diego Haboba, Juan Lado. Curadora: Jimena Ferreiro Pella (Sala 9). 8.9.-2.10. \/ In\u00e9s White, &#8220;Desplazamientos&#8221;, fotos (Sala 15). 22.9.-16.10. \/ Dani Yako, &#8220;Fotograf\u00edas 1980-2005&#8221; (Sala C). 30.9.-30.10. \/ Ricardo Longhini, &#8220;Democracia Argentina, fracaso de la memoria humana&#8221; (Sala J). Desde 30.9. \/ &#8220;Planeta F\u00fatbol&#8221;, fotos. Muestra organizada por el Goethe-Institut y Magnum Photos, con obras de Cartier-Bresson, Abbas, Parr, List, entre otros (Sala 12). Inauguraci\u00f3n: 6.10., 19 hs. Hasta 30.10.<\/li>\n<p><!--more--><\/p>\n<li>MALBA, Av. Figueroa Alcorta 3415 (Jue-Lun 12-20, Mie 12-21 hs, martes cerrado, entrada 7 pesos, docentes y mayores de 65 a\u00f1os 3,50 pesos, jubilados y menores de 12 a\u00f1os gratis, mi\u00e9rcoles gratis): Frank Stella, &#8220;Serie Moby Dick&#8221;, 25 gr\u00e1ficas 1991\/1997. Curador: Ed Shaw. 9.9.-31.10. \/ &#8220;Contempor\u00e1neo 14&#8221;: Robert Jacoby, &#8220;Darkroom&#8221;. 9.9.-10.10. \/ Andy Warhol, &#8220;Motion Pictures\/Cuadros en movimiento&#8221;. 23.9.-21.11.<\/li>\n<li>Espacio Fundaci\u00f3n Telef\u00f3nica, Arenales 1540 (Lun-Vie 14-20.30 hs): Thomas K\u00f6ner (Alemania), &#8220;Arrabales del vac\u00edo&#8221;, instalaci\u00f3n visual y sonora. 15.9.-16.10. \/ &#8220;espacio real espacio imaginario&#8221;, fotos de Susanne Br\u00fcgger, Thomas Demand, Heidi Specker (Alemania). Curadora: Ute Eskildsen. 16.9.-16.10.<\/li>\n<li>Centro Cultural de Espa\u00f1a en Buenos Aires CCEBA, Florida 943 (Lun-Vie 10.30-20 hs): &#8220;Replandia&#8221;, muestra colectiva, curador: Miguel Rep (Sala principal) \/ Pablo Peisino, &#8220;La muerte como consejera&#8221;, instalaci\u00f3n (Microespacio 1) \/ Mirtha Dermisache, &#8220;Dispositivo Editorial 2. Lectura p\u00fablica&#8221; (M2) \/ Rep, &#8220;Replandia&#8221;, intervenci\u00f3n (M3) \/ Juan Pamp\u00edn, &#8220;Tropos&#8221;, instalaci\u00f3n sonora (M3). 14.9.-20.10.<\/li>\n<li>Fundaci\u00f3n Federico Jorge Klemm\/Academia Nacional de Bellas Artes, Marcelo T. de Alvear 626 (Lun-Vie 11-20 hs): R\u00f3mulo Macchi\u00f3, &#8220;Retratos de la pintura&#8221;. Septiembre\/Octubre. \/ Juan Travnik, fotos. Inauguraci\u00f3n: 5.10., 19 hs.<\/li>\n<li>Museo Eduardo S\u00edvori, Av. Infanta Isabel 555 (Mar-Vie 12-18, Sab y Dom 10-18 hs): Eduardo Iglesias Brickles, &#8220;Acerca de las teor\u00edas conspirativas&#8221;, xilo-pinturas. 17.9.-30.10. \/ Liliana Trotta, &#8220;Evita&#8230; el mito contin\u00faa&#8221;. 17.9.-16.10. \/ V\u00edctor L. Rebuffo, &#8220;Retrospectiva 1903-1983&#8221;. 24.9.-23.10. \/ Carlos Alonso, &#8220;Conmemoraci\u00f3n de los 400 a\u00f1os del Quijote&#8221;. 24.9.-23.10.<\/li>\n<li>Teatro San Mart\u00edn, Av. Corrientes 1530 (todos los d\u00edas 11 hs hasta fines del \u00faltimo espect\u00e1culo): Regina Schmeken (Alemania), &#8220;Fotograf\u00edas 1989-2000&#8221;. 6.9.-2.10. \/ &#8220;La m\u00e1scara&#8221;, obras de Carlos Furman, El\u00edas Mekler, Alejandra L\u00f3pez, Juan Travnik, Emilio Garc\u00eda Wehbi. 6.9.-16.10.<\/li>\n<\/ul>\n<p><em>Otras exposiciones<\/em><\/p>\n<ul>\n<li>Juan Jos\u00e9 Cambre, pinturas. Wussmann, Venezuela 570, San Telmo. 31.8.-29.10.<\/li>\n<li>Sebasti\u00e1n Freire, &#8220;Sebastiano, m\u00e1rtir&#8221;, fotos. Espacio Ecl\u00e9ctico, Humberto Primo 730, San Telmo. Mar-Vie 12-21, Sab y Dom 15-21 hs. 1.9.-2.10.<\/li>\n<li>Alberto Cedr\u00f3n, pinturas. Sylvia Vesco, San Mart\u00edn 522, 1er piso &#8220;4&#8221;. Lun-Vie 11-20, Sab 11-13 hs. 5.9.-8.10.<\/li>\n<li>Marcos L\u00f3pez, fotos (Sala principal) \/ Alicia Paz, pinturas (NuevoEspacio). Ruth Benzacar, Florida 1000. Lun-Vie 11.30-20, Sab 10.30-13.30 hs. 7.9.-8.10.<\/li>\n<li>Eduardo Iglesias Brickles, &#8220;Actitud&#8221;, xilo-pinturas y acr\u00edlicos. Curador: Alberto El\u00eda. Fundaci\u00f3n Alberto El\u00eda\/Mario Robirosa, Azcu\u00e9naga 1739. Lun-Vie 11-20 hs. 7.9.-28.10.<\/li>\n<li>Roberto Graziano, &#8220;Fotos de artistas y C\u00eda.&#8221;. 180 Grados Arte Contempor\u00e1neo, Filo, San Mart\u00edn 975. Lun-Vie 13-24, Sab 13-16 hs. 8.9.-28.10.<\/li>\n<li>Baston D\u00edaz, &#8220;Modelo para des-armar&#8221;, esculturas. Daniel Maman Fine Art, Av. del Libertador 2475. Lun-Vie 11-20, Sab 11-15 hs. 8.9.-8.10.<\/li>\n<li>&#8220;El S\u00fatil V\u00e9rtigo de la Imagen&#8221;, fotos y video arte, obras de Caio Reisewitz, Brigida Baltar, Niura Bellavinha, Camila Sposati, Elaine Tedesco, Artur Lescher, Cao Guimaraes, Claudia Jaguaribe (Brasil), Betsabe\u00e9 Romero, Gabriel Acevedo Velarde, Alex Hank (M\u00e9xico), Mart\u00edn Sastre (Uruguay), Mauro Machado, Carlos Trilnick, Matilde Mar\u00edn, Silvia Rivas, Norberto Puzzolo, Rosal\u00eda Maguid, Sandro Pereira, Elisa Strada, Sebasti\u00e1n de Garay, Eduardo Arauz, Nuna Mangiante, Leonardo Antoniadis, Gustavo Lowry, Margarita Wilson Rae, Luj\u00e1n Castellani, Andrea Racciatti, Lila Siegrist (Argentina). Curadora: Claudia Laudanno. Centro Cultural Parque de Espa\u00f1a de Rosario, Sarmiento\/R\u00edo Paran\u00e1, Rosario. 10.9.-2.10.<\/li>\n<li>Liliana Golubinsky, Graciela Dietl, Luisa Gonz\u00e1lez, pinturas. Fundaci\u00f3n Mundo Nuevo, Av. Callao 1870, P.B. 12.9.-6.10.<\/li>\n<li>Rosita Fumagalli, &#8220;Filigranas&#8221;, pinturas. Elsi del R\u00edo, Ar\u00e9valo 1748, Palermo Hollywood. Mar-Vie 15-20, Sab 11-14 hs. 14.9.-15.10.<\/li>\n<li>&#8220;Trazos y Revelaciones&#8221; (10 artistas mexicanos). Museo Nacional de Bellas Artes, Av. del Libertador 1473. Mar-Dom 13.30-19.30, Sab 9.30-19.30 hs. Seit 14.9.<\/li>\n<li>Carlos Fernando Herrera, &#8220;Retrato de una vida dif\u00edcil&#8221;, intervenci\u00f3n en la esplanada del MACRO (Museo de Arte Contempor\u00e1neo de Rosario). MACRO, Bv. Oro\u00f1o\/R\u00edo Paran\u00e1, Rosario. Jue-Mar 14-20 hs. 17.9.-23.10.<\/li>\n<li>Graciela Borthwick, &#8220;Obra reciente&#8221;. Espacio Uriarte, Uriarte 1572, 1er piso. 19.9.-16.10.<\/li>\n<li>Marcelo Boullosa, &#8220;Obras recientes&#8221;. Del Infinito, Quintana 325, PB. Lun-Vie 11-20 hs. Desde 22.9.<\/li>\n<li>Diego Perrotta, pinturas \/ Omar Panosetti, instalaci\u00f3n. Museo de Arte Contempor\u00e1neo de Bah\u00eda Blanca (MAC), Sarmiento 450, Bah\u00eda Blanca. Mar-Dom 14-20 hs. 23.9.-23.10.<\/li>\n<li>&#8220;Grupo Combo&#8221;. 1\/1 Caja de Arte, Nicaragua 5024. Lun-Vie 14.30-19.30, Sab 12-18 hs. Desde 24.9.\n<li>Miguel van Esso, esculturas. Centro Cultural Paseo Quinta Trabucco, Melo 3050, Florida, Prov. Bs.As. Mar-Sab 9-19, Dom 10-19 hs. 24.9.-23.10.<\/li>\n<li>Fabi\u00e1n Burgos, &#8220;El amor probablemente&#8221;. Dabbah-Torrej\u00f3n, S\u00e1nchez de Bustamante 1187. Mar-Vie 15-20, Sab 11-14 hs. 24.9.-5.11.<\/li>\n<li>Eduardo Stup\u00eda, Jorge Abot, &#8220;Un clavel sobre el piano&#8221;, homenaje a Osvaldo Pugliese. Centro Cultural de la Cooperaci\u00f3n, Av. Corrientes 1543. Lun-Sab 11-22, Dom 17-20.30 hs. Desde 27.9.<\/li>\n<li>Silvia Anidjar, esculturas. Atica, Libertad 1240, P.B. &#8220;9&#8221;. Lun-Vie 11-13 y 15-20 hs. 28.9.-22.10.<\/li>\n<li>Sergio Camporeale, &#8220;El gran zoo&#8221;. R.O. Galer\u00eda de Arte, Paran\u00e1 1158. Lun-Vie 10.30-20, Sab 10.30-13.30 hs. Desde 30.9.<\/li>\n<li>&#8220;Arte Contempor\u00e1neo en el MAPDA&#8221; (obras de Cristian Segura, Nilda Rosemberg, Alejandro Cides, Jorge L\u00f3pez, Cecilia Bax, Javier Bou, Melani Mahler, Walter Montes de Oca, Benjam\u00edn Aitala). Museo de Artes Pl\u00e1sticas D\u00e1maso Arce (MAPDA), San Mart\u00edn 2862, Olavarr\u00eda, Prov. Buenos Aires. Inauguraci\u00f3n: 1.10., 19 hs.<\/li>\n<li>Osvaldo Decastelli, &#8220;Zoo&#8221;. Galer\u00eda Decastelli, Chile 354, San Telmo. Todos los d\u00edas 10.30-18.30 hs. 1.10.-30.11.<\/li>\n<li>Gabriela Fern\u00e1ndez, &#8220;Shamp\u00fa&#8221;, fotos \/ Susana Schnell, &#8220;Soliloquiear&#8221;, pinturas. El Borde, Uriarte 1356. Lun-Sab 14-20 hs. Inauguraci\u00f3n: 7.10., 20 hs. Hasta 5.11.<\/li>\n<li>&#8220;Buenos Aires Photo&#8221;. Palais de Glace, Posadas 1725. Mar-Dom 14-20 hs. 18.10.-22.10.<\/li>\n<li>Guillermo Ueno\/Vicente Grondona. La Bibliotheque, Uruguay 1223, PB &#8220;7&#8221;, puerta roja. Inauguraci\u00f3n: 26.10., 19 hs.<\/li>\n<\/ul>\n","protected":false},"excerpt":{"rendered":"<p>Klicken Sie hier, um die deutsche Version zu lesen. Agenda de Arte 01\/10\/05-08\/10\/05 Centros de exposiciones Centro Cultural Borges, Viamonte\/San Mart\u00edn (Lun-Sab 10-21, Dom 12-21 hs, entrada 3 pesos, estudiantes y jubilados 1,50 pesos; Warhol: entrada 9 pesos, estudiantes y jubilados 5 pesos, menores de 12 a\u00f1os 3 pesos): Andy Warhol, obra gr\u00e1fica, documentos. 7.6.-2.10. [&hellip;]<\/p>\n","protected":false},"author":1,"featured_media":0,"comment_status":"open","ping_status":"open","sticky":false,"template":"","format":"standard","meta":{"footnotes":""},"categories":[3],"tags":[],"class_list":["post-192","post","type-post","status-publish","format-standard","hentry","category-kalender-agenda"],"_links":{"self":[{"href":"https:\/\/kunstinargentinien.com\/index.php\/wp-json\/wp\/v2\/posts\/192","targetHints":{"allow":["GET"]}}],"collection":[{"href":"https:\/\/kunstinargentinien.com\/index.php\/wp-json\/wp\/v2\/posts"}],"about":[{"href":"https:\/\/kunstinargentinien.com\/index.php\/wp-json\/wp\/v2\/types\/post"}],"author":[{"embeddable":true,"href":"https:\/\/kunstinargentinien.com\/index.php\/wp-json\/wp\/v2\/users\/1"}],"replies":[{"embeddable":true,"href":"https:\/\/kunstinargentinien.com\/index.php\/wp-json\/wp\/v2\/comments?post=192"}],"version-history":[{"count":0,"href":"https:\/\/kunstinargentinien.com\/index.php\/wp-json\/wp\/v2\/posts\/192\/revisions"}],"wp:attachment":[{"href":"https:\/\/kunstinargentinien.com\/index.php\/wp-json\/wp\/v2\/media?parent=192"}],"wp:term":[{"taxonomy":"category","embeddable":true,"href":"https:\/\/kunstinargentinien.com\/index.php\/wp-json\/wp\/v2\/categories?post=192"},{"taxonomy":"post_tag","embeddable":true,"href":"https:\/\/kunstinargentinien.com\/index.php\/wp-json\/wp\/v2\/tags?post=192"}],"curies":[{"name":"wp","href":"https:\/\/api.w.org\/{rel}","templated":true}]}}