{"id":1924,"date":"2009-10-24T08:15:04","date_gmt":"2009-10-24T11:15:04","guid":{"rendered":"http:\/\/kunstinargentinien.com\/index.php\/2009\/10\/07\/kunst-trifft-design\/"},"modified":"2010-11-13T15:39:33","modified_gmt":"2010-11-13T18:39:33","slug":"kunst-trifft-design","status":"publish","type":"post","link":"https:\/\/kunstinargentinien.com\/index.php\/2009\/10\/24\/kunst-trifft-design\/","title":{"rendered":"Kunst trifft Design"},"content":{"rendered":"<p><a href=\"http:\/\/kunstinargentinien.com\/index.php\/2009\/10\/24\/cuando-el-arte-se-encuentra-con-el-diseno\/\">Click aqu\u00ed para leer la versi\u00f3n en castellano.<\/a><\/p>\n<p><strong>Pablo Reinosos \u201cEnredamaderas\u201d im Malba<\/p>\n<p><em>Von Maria Exner<\/em><\/strong><\/p>\n<p><img decoding=\"async\" id=\"image1915\" alt=rei11.jpg src=\"http:\/\/kunstinargentinien.com\/wp-content\/uploads\/2009\/10\/rei11.jpg\" align=left hspace=5 \/>Mit Pablo Reinoso stellt noch bis M\u00e4rz ein argentinischer Designstar im Malba aus. Der Wahl-Franzose &#8211; jahrelang Artdirector des franz\u00f6sischen Modehauses Givenchy, f\u00fcr das er unter anderem Parfumflakons und Schmuck entworfen hat &#8211; nutzt den gro\u00dfz\u00fcgigen, lichten Patio des Museums in seiner Heimatstadt f\u00fcr seine Holzinstallation \u201cEnredamaderas\u201d. Die St\u00fccke aus der Serie \u201cEspaguetis\u201d sind Parkb\u00e4nken nachempfunden, die sich jedoch an einem Ende in fadenartige Strukturen aufl\u00f6sen. Diese scheinen \u00fcber die Br\u00fcstung des obersten Stockwerks nach unten zu kriechen, wo sie sich auf einem Sockel verknoten, um von dort lianengleich wieder hervorzuwachsen und in einer zweiten Bank im ersten Stock zu enden.<!--more--><\/p>\n<p><img decoding=\"async\" id=\"image1916\" alt=rei22.jpg src=\"http:\/\/kunstinargentinien.com\/wp-content\/uploads\/2009\/10\/rei22.jpg\" align=right hspace=5 \/>Dass die \u201cEnredamaderas\u201d an die biegsamen \u00c4ste der Liane erinnern, ist kein Zufall. Der argentinischen Kunst- und Designzeitschrift \u201cBarz\u00f3n\u201d sagte Pablo Reinoso in einem Interview: \u201cIch finde es interessant, mit einer Idee des Wachstums, das so fein ist, wie das pflanzliche, zu arbeiten. Ich habe die B\u00e4nke mit dem Bild dieses selbstbestimmten Wachstums in Verbindung gebracht und mir vorgenommen: Ich werde gro\u00dfe Pl\u00e4tze in Museen so besiedeln, wie eine Pflanze es tun w\u00fcrde.\u201d<\/p>\n<p><img decoding=\"async\" id=\"image1917\" alt=rei33.jpg src=\"http:\/\/kunstinargentinien.com\/wp-content\/uploads\/2009\/10\/rei33.jpg\" align=left hspace=5 \/>Diese Idee setzt Reinoso so meisterhaft in Holz um, dass man die Anekdote, nach der er bereits mit sieben Jahren sein erstes B\u00fccherregal geschreinert haben soll, vorbehaltlos glaubt. Jeder einzelne Spaghetti-Faden besteht aus Dutzenden starren Versatzst\u00fccken, die miteinander verbunden eine perfekte Illusion der Beweglichkeit erzeugen. Und obendrein bleiben die \u201cEnredamaderas\u201d ihrer Herkunft in bester Form verbunden, indem sie m\u00fcden Museumsbesuchern als Sitzgelegenheit dienen. Sie sind funktionale Kunst zum Anfassen und illustrieren in bester Art, wie sich Kunst und Design in diesen Zeiten einander nicht nur ann\u00e4hern, sondern mehr und mehr miteinander verschmelzen.<\/p>\n<ul>\n<li>Noch bis M\u00e4rz 2010, Malba &#8211; Fundaci\u00f3n Costantini, Av. Figueroa Alcorta 3415. Eintritt 15 $ \/ Studenten 5 $.<\/li>\n<\/ul>\n","protected":false},"excerpt":{"rendered":"<p>Click aqu\u00ed para leer la versi\u00f3n en castellano. Pablo Reinosos \u201cEnredamaderas\u201d im Malba Von Maria Exner Mit Pablo Reinoso stellt noch bis M\u00e4rz ein argentinischer Designstar im Malba aus. Der Wahl-Franzose &#8211; jahrelang Artdirector des franz\u00f6sischen Modehauses Givenchy, f\u00fcr das er unter anderem Parfumflakons und Schmuck entworfen hat &#8211; nutzt den gro\u00dfz\u00fcgigen, lichten Patio des [&hellip;]<\/p>\n","protected":false},"author":1,"featured_media":0,"comment_status":"open","ping_status":"open","sticky":false,"template":"","format":"standard","meta":{"footnotes":""},"categories":[2,4],"tags":[],"class_list":["post-1924","post","type-post","status-publish","format-standard","hentry","category-kunstler-artistas","category-tipp-der-woche-recomendacion-de-la-semana"],"_links":{"self":[{"href":"https:\/\/kunstinargentinien.com\/index.php\/wp-json\/wp\/v2\/posts\/1924","targetHints":{"allow":["GET"]}}],"collection":[{"href":"https:\/\/kunstinargentinien.com\/index.php\/wp-json\/wp\/v2\/posts"}],"about":[{"href":"https:\/\/kunstinargentinien.com\/index.php\/wp-json\/wp\/v2\/types\/post"}],"author":[{"embeddable":true,"href":"https:\/\/kunstinargentinien.com\/index.php\/wp-json\/wp\/v2\/users\/1"}],"replies":[{"embeddable":true,"href":"https:\/\/kunstinargentinien.com\/index.php\/wp-json\/wp\/v2\/comments?post=1924"}],"version-history":[{"count":3,"href":"https:\/\/kunstinargentinien.com\/index.php\/wp-json\/wp\/v2\/posts\/1924\/revisions"}],"predecessor-version":[{"id":5045,"href":"https:\/\/kunstinargentinien.com\/index.php\/wp-json\/wp\/v2\/posts\/1924\/revisions\/5045"}],"wp:attachment":[{"href":"https:\/\/kunstinargentinien.com\/index.php\/wp-json\/wp\/v2\/media?parent=1924"}],"wp:term":[{"taxonomy":"category","embeddable":true,"href":"https:\/\/kunstinargentinien.com\/index.php\/wp-json\/wp\/v2\/categories?post=1924"},{"taxonomy":"post_tag","embeddable":true,"href":"https:\/\/kunstinargentinien.com\/index.php\/wp-json\/wp\/v2\/tags?post=1924"}],"curies":[{"name":"wp","href":"https:\/\/api.w.org\/{rel}","templated":true}]}}