{"id":1938,"date":"2009-10-10T14:20:08","date_gmt":"2009-10-10T17:20:08","guid":{"rendered":"http:\/\/kunstinargentinien.com\/index.php\/2009\/10\/10\/begegnungen-mit-der-kunst-2\/"},"modified":"2009-10-16T20:26:21","modified_gmt":"2009-10-16T23:26:21","slug":"begegnungen-mit-der-kunst-2","status":"publish","type":"post","link":"https:\/\/kunstinargentinien.com\/index.php\/2009\/10\/10\/begegnungen-mit-der-kunst-2\/","title":{"rendered":"Begegnungen mit der Kunst"},"content":{"rendered":"<p><strong>Die Expotrastiendas \u00f6ffnet zum neunten Mal ihre T\u00fcren<\/p>\n<p><em>Von Maria Exner<\/em><\/strong><\/p>\n<p><img decoding=\"async\" id=\"image1932\" alt=expo11.jpg src=\"http:\/\/kunstinargentinien.com\/wp-content\/uploads\/2009\/10\/expo11.jpg\" align=left hspace=5 \/>Mit einem neuen Ausstellungskonzept wartet die 9. Kunstmesse <a href=\"http:\/\/www.expotrastiendas.com.ar\/\">Expotrastiendas<\/a> auf, die vom 15. bis 20. Oktober in den Messehallen der Stadt Buenos Aires (Pueyrred\u00f3n\/Av. Figueroa Alcorta) stattfindet. Zeitgen\u00f6ssische argentinische Kunst steht in diesem Jahr deutlich im Vordergrund&#8230;<!--more--><\/p>\n<p>Ab kommenden Donnerstag um 14 Uhr findet die Kunstmesse <a href=\"http:\/\/www.expotrastiendas.com.ar\/\">Expotrastiendas<\/a> im \u201cCentro de Exposiciones de la Ciudad\u201d in Recoleta statt. Mit ihrem auf zeitgen\u00f6ssische argentinische Kunst ausgerichteten Profil hat sich die Messe seit 2001 nach der arteBA zum zweitwichtigsten Termin im Kalender von Galeristen, Kunsth\u00e4ndlern, Kaufinteressierten und nicht zuletzt der kunstliebenden \u00d6ffentlichkeit in Buenos Aires entwickelt. In diesem Jahr, das die Direktorin der Messe, Pelusa Borthwick, als ein \u201cschwieriges f\u00fcr K\u00fcnstler und Galerien\u201d bezeichnet, wollen die Organisatoren mit einem besonderen Messeaufbau und einem breiten Rahmenprogramm bis 20. Oktober m\u00f6glichst viel Publikum anziehen.<\/p>\n<p>Der Architekt Daniel Fischer hat den rein funktionalen Messeaufbau aufgebrochen und platziert, inspiriert von der japanischen Origami-Kunst, ein Objekt in die Mitte der Messehalle, das gleichzeitig Ausstellungsraum ist. Das Projekt nennt sich \u201cArt Vellum\u201d und soll dem Besucher den Eindruck vermitteln, durch ein gigantisches Faltobjekt zu laufen, in dem jede Wand eine einzigartige Form hat.<\/p>\n<p>Nicht zuletzt solche Innovationen bewegen von Jahr zu Jahr mehr Galerien dazu, sich bei der Expotrastiendas zu pr\u00e4sentieren. Gachi Prieto, Chefin der gleichnamigen Galerie in Palermo Soho, ist in diesem Jahr zum ersten Mal mit einem Stand dabei und erwartet trotz der Krise gute Verk\u00e4ufe. Neben den 25 eigenen K\u00fcnstlern, deren Gem\u00e4lde, Zeichnungen und Skulpturen sie an ihrem Stand pr\u00e4sentieren wird, wird Gachi Prieto zus\u00e4tzlich eine neue Galerien-Vereinigung namens GALAAC (Asociaci\u00f3n de Galer\u00edas Argentinas de Arte Contempor\u00e1neo) auf der Expotrastiendas vorstellen. Vor acht Monaten gegr\u00fcndet, hat es sich der Zusammenschluss von 22 Galerien zum Ziel gesetzt, der zeitgen\u00f6ssischen argentinischen Kunst zu mehr Sichtbarkeit im eigenen Land und im Ausland zu verhelfen. Auf einer Pressekonferenz am 18. Oktober wird sich die GALAAC offiziell vorstellen und auch ihre Teilnahme an der Miami International Art Fair im Januar 2010 verk\u00fcnden.<\/p>\n<p>Dem weniger am Kunstgesch\u00e4ft und mehr an den Werken interessierten Besucher bietet die Expotrastiendas gleich mehrere Ausstellungen. \u201cImaginarios en Cruce\u201d pr\u00e4sentiert Werke argentinischer K\u00fcnstler aus den Jahren 2000 bis 2009, was dem Betrachter die M\u00f6glichkeit geben soll, aktuelle Tendenzen und Themen der argentinischen Kunst von heute herauszulesen. Unter dem Titel \u201cSin sentido\u201d werden Bilder gezeigt, die zum Fotografiewettbewerb der Expotrastiendas eingereicht wurden. Au\u00dferdem findet ein Seminar zum Thema Kunst und Feminismus statt. Und vor der T\u00fcr winken die Pampapflanzen des Projektes \u201cSistema Banquina\u201d den Besucher herein und stimmen ihn mit Fragen, wie der nach den Besitzverh\u00e4ltnissen des Landes und \u00f6kologischer Verantwortung, auf eine interessante Begegnung mit der argentinischen Kunstszene ein.<\/p>\n<ul>\n<li><a href=\"http:\/\/www.expotrastiendas.com.ar\/\">9. Kunstmesse Expotrastiendas<\/a>. Centro de Exposiciones de la Ciudad de Buenos Aires, Anexo 1 + 2, Pueyrred\u00f3n\/Av. Figueroa Alcorta. 14-22 Uhr. Eintritt 18 Pesos, Rentner und Studenten 9 Pesos, unter 12-J\u00e4hrige gratis. 15.10.-20.10.<\/li>\n<\/ul>\n<div align=center><img decoding=\"async\" id=\"image1930\" alt=EXPO1.jpg src=\"http:\/\/kunstinargentinien.com\/wp-content\/uploads\/2009\/10\/EXPO1.jpg\" \/><br \/>\n<em>Die Expotrastiendas setzt auf junge Kunst; Fernando Montiel Klints &#8220;Neurosis&#8221; ist ein Beispiel daf\u00fcr.<\/em><\/div>\n","protected":false},"excerpt":{"rendered":"<p>Die Expotrastiendas \u00f6ffnet zum neunten Mal ihre T\u00fcren Von Maria Exner Mit einem neuen Ausstellungskonzept wartet die 9. Kunstmesse Expotrastiendas auf, die vom 15. bis 20. Oktober in den Messehallen der Stadt Buenos Aires (Pueyrred\u00f3n\/Av. Figueroa Alcorta) stattfindet. Zeitgen\u00f6ssische argentinische Kunst steht in diesem Jahr deutlich im Vordergrund&#8230;<\/p>\n","protected":false},"author":1,"featured_media":0,"comment_status":"open","ping_status":"open","sticky":false,"template":"","format":"standard","meta":{"footnotes":""},"categories":[4],"tags":[],"class_list":["post-1938","post","type-post","status-publish","format-standard","hentry","category-tipp-der-woche-recomendacion-de-la-semana"],"_links":{"self":[{"href":"https:\/\/kunstinargentinien.com\/index.php\/wp-json\/wp\/v2\/posts\/1938","targetHints":{"allow":["GET"]}}],"collection":[{"href":"https:\/\/kunstinargentinien.com\/index.php\/wp-json\/wp\/v2\/posts"}],"about":[{"href":"https:\/\/kunstinargentinien.com\/index.php\/wp-json\/wp\/v2\/types\/post"}],"author":[{"embeddable":true,"href":"https:\/\/kunstinargentinien.com\/index.php\/wp-json\/wp\/v2\/users\/1"}],"replies":[{"embeddable":true,"href":"https:\/\/kunstinargentinien.com\/index.php\/wp-json\/wp\/v2\/comments?post=1938"}],"version-history":[{"count":0,"href":"https:\/\/kunstinargentinien.com\/index.php\/wp-json\/wp\/v2\/posts\/1938\/revisions"}],"wp:attachment":[{"href":"https:\/\/kunstinargentinien.com\/index.php\/wp-json\/wp\/v2\/media?parent=1938"}],"wp:term":[{"taxonomy":"category","embeddable":true,"href":"https:\/\/kunstinargentinien.com\/index.php\/wp-json\/wp\/v2\/categories?post=1938"},{"taxonomy":"post_tag","embeddable":true,"href":"https:\/\/kunstinargentinien.com\/index.php\/wp-json\/wp\/v2\/tags?post=1938"}],"curies":[{"name":"wp","href":"https:\/\/api.w.org\/{rel}","templated":true}]}}