{"id":1940,"date":"2009-10-05T14:42:56","date_gmt":"2009-10-05T17:42:56","guid":{"rendered":"http:\/\/kunstinargentinien.com\/index.php\/2009\/10\/05\/stimme-argentiniens-ist-verstummt-2\/"},"modified":"2009-10-16T23:32:16","modified_gmt":"2009-10-17T02:32:16","slug":"stimme-argentiniens-ist-verstummt-2","status":"publish","type":"post","link":"https:\/\/kunstinargentinien.com\/index.php\/2009\/10\/05\/stimme-argentiniens-ist-verstummt-2\/","title":{"rendered":"Stimme Argentiniens ist verstummt"},"content":{"rendered":"<p><strong>Mit Mercedes Sosa starb eine Botschafterin der Gerechtigkeit<\/p>\n<p><em>Von Maria Exner<\/em><\/strong><\/p>\n<p><img decoding=\"async\" id=\"image1935\" alt=Mercedes11.jpg src=\"http:\/\/kunstinargentinien.com\/wp-content\/uploads\/2009\/10\/Mercedes11.jpg\" align=left hspace=5 \/>Argentinien ist \u00e4rmer geworden &#8211; am Sonntag starb im Alter von 74 Jahren die weltber\u00fchmte Folklore-S\u00e4ngerin Mercedes Sosa. Die Regierung ordnete drei Tage Staatstrauer an. Zehntausende Menschen s\u00e4umten die Stra\u00dfen, als Sosas Sarg nach ihrer Aufbahrung im Kongressgeb\u00e4ude am Montag zum Friedhof in Chacarita \u00fcberf\u00fchrt wurde, sie weinten oder sangen die bekannten Lieder der beliebten K\u00fcnstlerin.<\/p>\n<p>Die kleine Frau mit der gro\u00dfen Stimme hat ein bewegtes Leben hinter sich&#8230;<!--more--><\/p>\n<p>\u201cGracias a la vida\u201d &#8211; \u201cDank an das Leben\u201d war das St\u00fcck, das Mercedes Sosa am liebsten sang. In ihren Texten dr\u00fcckte sie aus, was sie dachte und f\u00fchlte. Dass gerade jene chilenische Hymne ihr so am Herzen lag, zeigt, dass sie bis zu ihrem pl\u00f6tzlichen Tod am Sonntag ein erf\u00fclltes, gl\u00fcckliches Leben gelebt hat. Dabei hat es sich die kleine K\u00fcnstlerin mit der unverwechselbaren Stimme nie einfach gemacht. Geboren 1935 in \u00e4rmlichen Verh\u00e4ltnissen in San Miguel de Tucum\u00e1n bahnte sich Mercedes Sosa mit ihrem Gesang den Weg nach oben. Mit 15 begleitete sie die Eltern zur einer Ortsversammlung, bei der auch ein Gesangswettbewerb stattfand \u2013 Sosa gewann und erhielt f\u00fcr zwei Monate einen festen Sendeplatz im Lokalradio. So begann die Erfolgsgeschichte der dunkelhaarigen S\u00e4ngerin, die sp\u00e4ter aufgrund ihrer halb-indigenen Abstammung und ihres rabenschwarzen Haars den Spitznamen \u201cLa Negra\u201d bekam.<\/p>\n<p>1965 nahm sie mit dem Komponisten und S\u00e4nger Manuel Oscar Mathus, ihr erster Ehemann, die Platte \u201cCanciones con fundamento\u201d auf, der Durchbruch in Argentinien. Ab diesem Moment pr\u00e4gt Mercedes Sosa die Stilrichtung \u201cNueva Canci\u00f3n\u201d, in der sich Folklore-Kl\u00e4nge mit den politischen, agitierenden Texten sozialkritischer Dichter und Liedermacher aus ganz Lateinamerika verbanden. Die \u201cNuevos Cancioneros\u201d wollten nicht nur traditionelle Liedformen bewahren, sondern gesellschaftliche Missst\u00e4nde anprangern. Sosas Lieder stemmten sich gegen Krieg und Diktatur und forderten mehr Rechte f\u00fcr die unterdr\u00fcckten Indigenas und Campesinos.<\/p>\n<p>Nachdem Juan Per\u00f3n &#8211; mit dem Sosa als Mitglied der kommunistischen Partei sympathisierte &#8211; 1976 die Macht in Argentinien an die Milit\u00e4rjunta verloren hatte, begann die schwierigste Zeit ihres Lebens. Trotz Repressalien blieb sie vorerst im Land, bis sie 1979 mitsamt ihres Publikums w\u00e4hrend eines Konzertes verhaftet wurde. Nach ihrer Freilassung ging Sosa ins Exil nach Madrid und etablierte sich dort als Mahnerin aus der Ferne. Unerm\u00fcdlich tourt sie durch Europa, tritt viele Male auch in Deutschland auf &#8211; auf beiden Seiten der Mauer. Mercedes Sosa wird zur Institution in der Szene der politischen Liedermacher und der Weltmusik.<\/p>\n<p>Nach dem Krieg um die Malwinen und dem Abdanken der Gener\u00e4le kehrt Mercedes Sosa 1982 triumphal nach Argentinien zur\u00fcck. Sie gibt drei legend\u00e4re Konzerte, zwei im gr\u00f6\u00dften Stadion von Buenos Aires und eines im Opernhaus &#8211; Schl\u00fcsselmomente der politischen und musikalischen Erneuerung der argentinischen Kultur.<\/p>\n<p>Die gr\u00f6\u00dften kommerziellen Erfolge feierte Mercedes Sosa in den letzen zehn Jahren, f\u00fcr ihre Interpretation der \u201cMisa Criolla\u201d erhielt sie 2000 den ersten ihrer insgesamt drei Grammys. In diesem Jahr war sie gleich dreimal nominiert, f\u00fcr ihr letztes Album \u201cCantora 1\u201d, auf dem sie mit Stars wie Shakira und Fito P\u00e1ez zu h\u00f6ren ist. Auch politisch blieb Sosa bis zu ihrem Tod engagiert, sammelte Spenden, f\u00f6rderte Selbsthilfeprojekte in ganz Lateinamerika. Die \u201cMutter Courage\u201d des Kontinents setzte auf das Ehepaar Kirchner als Streiter f\u00fcr ein gerechteres Argentinien, in dem jeder ein Leben in W\u00fcrde f\u00fchren kann. Mit Mercedes Sosa starb eine Botschafterin der Gerechtigkeit und eine Frau, deren Verbundenheit mit ihrem Volk weit \u00fcber ihre Konzerte hinausreichte.<\/p>\n<p><img decoding=\"async\" id=\"image1934\" alt=Mercedes1.jpg src=\"http:\/\/kunstinargentinien.com\/wp-content\/uploads\/2009\/10\/Mercedes1.jpg\" \/><\/p>\n","protected":false},"excerpt":{"rendered":"<p>Mit Mercedes Sosa starb eine Botschafterin der Gerechtigkeit Von Maria Exner Argentinien ist \u00e4rmer geworden &#8211; am Sonntag starb im Alter von 74 Jahren die weltber\u00fchmte Folklore-S\u00e4ngerin Mercedes Sosa. Die Regierung ordnete drei Tage Staatstrauer an. Zehntausende Menschen s\u00e4umten die Stra\u00dfen, als Sosas Sarg nach ihrer Aufbahrung im Kongressgeb\u00e4ude am Montag zum Friedhof in Chacarita [&hellip;]<\/p>\n","protected":false},"author":1,"featured_media":0,"comment_status":"open","ping_status":"open","sticky":false,"template":"","format":"standard","meta":{"footnotes":""},"categories":[1,10],"tags":[],"class_list":["post-1940","post","type-post","status-publish","format-standard","hentry","category-allgemein-general","category-off-topic"],"_links":{"self":[{"href":"https:\/\/kunstinargentinien.com\/index.php\/wp-json\/wp\/v2\/posts\/1940","targetHints":{"allow":["GET"]}}],"collection":[{"href":"https:\/\/kunstinargentinien.com\/index.php\/wp-json\/wp\/v2\/posts"}],"about":[{"href":"https:\/\/kunstinargentinien.com\/index.php\/wp-json\/wp\/v2\/types\/post"}],"author":[{"embeddable":true,"href":"https:\/\/kunstinargentinien.com\/index.php\/wp-json\/wp\/v2\/users\/1"}],"replies":[{"embeddable":true,"href":"https:\/\/kunstinargentinien.com\/index.php\/wp-json\/wp\/v2\/comments?post=1940"}],"version-history":[{"count":0,"href":"https:\/\/kunstinargentinien.com\/index.php\/wp-json\/wp\/v2\/posts\/1940\/revisions"}],"wp:attachment":[{"href":"https:\/\/kunstinargentinien.com\/index.php\/wp-json\/wp\/v2\/media?parent=1940"}],"wp:term":[{"taxonomy":"category","embeddable":true,"href":"https:\/\/kunstinargentinien.com\/index.php\/wp-json\/wp\/v2\/categories?post=1940"},{"taxonomy":"post_tag","embeddable":true,"href":"https:\/\/kunstinargentinien.com\/index.php\/wp-json\/wp\/v2\/tags?post=1940"}],"curies":[{"name":"wp","href":"https:\/\/api.w.org\/{rel}","templated":true}]}}