{"id":19432,"date":"2014-08-09T18:10:07","date_gmt":"2014-08-09T21:10:07","guid":{"rendered":"http:\/\/kunstinargentinien.com\/?p=19432"},"modified":"2014-08-10T15:13:48","modified_gmt":"2014-08-10T18:13:48","slug":"kalender-a-z-5","status":"publish","type":"post","link":"https:\/\/kunstinargentinien.com\/index.php\/2014\/08\/09\/kalender-a-z-5\/","title":{"rendered":"Kalender A-Z"},"content":{"rendered":"<p><a href=\"http:\/\/kunstinargentinien.com\/index.php\/2014\/08\/09\/agenda-a-z-5\/\">Click aqu\u00ed\u00ad para leer la versi\u00f3n en castellano.<\/a><\/p>\n<p><strong>Ausstellungskalender vom 09\/08\/2014<\/p>\n<p><em>Von Susanne Franz<\/em><\/strong><\/p>\n<p><a href=\"http:\/\/kunstinargentinien.com\/wp-content\/uploads\/2014\/08\/baremboim.jpg\"><img loading=\"lazy\" decoding=\"async\" src=\"http:\/\/kunstinargentinien.com\/wp-content\/uploads\/2014\/08\/baremboim.jpg\" alt=\"baremboim\" width=\"250\" height=\"169\" class=\"alignright size-full wp-image-19426\" \/><\/a>Nach dem Auftritt mit der argentinischen Star-Pianistin Martha Argerich im Teatro Col\u00f3n werden der gefeierte Maestro Daniel Barenboim und sein West Eastern Divan Orchestra am Sonntag, dem 10. August, um 11 Uhr, an der Br\u00fccke &#8220;Puente Alsina&#8221; (Av. S\u00e1enz\/Riachuelo, Buenos Aires) ein Gratis-Konzert mit Werken von Maurice Ravel geben. Der Event wurde vom Kulturamt der Stadt organisiert. Die B\u00fchne wurde vor der Alsina-Br\u00fccke aufgebaut, und es stehen 8000 St\u00fchle zur Verf\u00fcgung. Das Konzert wird auch auf Gro\u00dfleinw\u00e4nde \u00fcbertragen. Wer seine Sitzplatzkarte nicht abholen konnte, kann das Konzert im Stehen genie\u00dfen.<\/p>\n<p>Weitere Informationen (auf Spanisch) <a href=\"http:\/\/www.buenosaires.gob.ar\/noticias\/festival-barenboim-en-puente-alsina\"><em>hier<\/em><\/a>.<\/p>\n<p>Die Ausstellungen der Woche:<!--more--><\/p>\n<ul>\n<li><a href=\"http:\/\/galeriaperotti.com.ar\/\">Alejandra Perotti Galer\u00eda de Arte<\/a>, Freire 1101, Ecke Zabala, Colegiales, Buenos Aires (Mo-Fr 15-19.30 Uhr): Diego Perrotta, &#8220;Alquim\u00eda Salvaje&#8221;, Werke 2013\/14. Gem\u00e4lde, Zeichnungen, Aquarelle und Skulpturen. 2.8.-5.9.<\/li>\n<li>Caf\u00e9 Mart\u00ednez, Florida 428, Buenos Aires (Mo-Fr 7.30-21, Sa, So und feiertags 9-21 Uhr): <a href=\"https:\/\/es-es.facebook.com\/omar.panosetti\">Omar Panosetti<\/a>, &#8220;Tintas de Caf\u00e9&#8221;. 7.8.-31.8.<\/li>\n<li><a href=\"http:\/\/agendacultural.buenosaires.gob.ar\/evento\/munecas-antiguas-en-la-casa-fernandez-blanco\/5094\">Casa Fern\u00e1ndez Blanco<\/a>, Hip\u00f3lito Yrigoyen 1420, Buenos Aires (Di-Fr 12-18, Sa und So 11-17 Uhr. feiertags geschlossen. Eintritt 2 Pesos, Mi und Do gratis): <a href=\"http:\/\/kunstinargentinien.com\/index.php\/2014\/07\/24\/ein-haus-voller-geschichten\/\">&#8220;Hab\u00eda una vez&#8230;, mu\u00f1ecas y juguetes 1870\u20131940. Colecci\u00f3n de Mabel y Mar\u00eda Castellano Fotheringham&#8221; (Es war einmal&#8230;, Puppen und Spielzeug aus den Jahren 1870 bis 1940. Sammlung Mabel und Mar\u00eda Castellano Fotheringham).<\/a> Dauerausstellung.<\/li>\n<li><a href=\"http:\/\/www.centrocultural.coop\/\">Centro Cultural de la Cooperaci\u00f3n<\/a>, Av. Corrientes 1543, Buenos Aires (Mo-Sa 14-22, So 17-20.30 Uhr): <a href=\"http:\/\/www.smithjan.com\/\">Jan Smith<\/a>, &#8220;Nouadhibou&#8221;. Im Rahmen des Fotografie-Festivals <a href=\"http:\/\/www.encuentrosabiertos.com.ar\/\">Encuentros Abiertos &#8211; Festival de la Luz 2014<\/a>. Abraham Vigo-Saal. 5.8.-7.9.<\/li>\n<li><a href=\"http:\/\/conti.derhuman.jus.gov.ar\/\">Centro Cultural de la Memoria Haroldo Conti<\/a>, Av. del Libertador 8151, Buenos Aires (Di-Fr 12-21, Sa, So und feiertags 11-21 hs. Montags geschlossen. Eintritt frei): Eduardo Basualdo, &#8220;Reflujo&#8221;. Saal 1. 21.6.-10.8. \/ Lulu Lobo, &#8220;Un Themes&#8221;. 21.6.-10.8. \/ Carlos Herrera, &#8220;Ingr\u00e1vido&#8221;, Objekte 2004\/2014. 21.6.-10.8. \/ Eugenia Calvo, &#8220;Doble Fondo&#8221;. 21.6.-10.8. \/ &#8220;Memoria del caos y la intemperie&#8221;, Interventionen von Daniel Rold\u00e1n und Diego Perrotta. 21.6.-2.8. \/ Mat\u00edas Duville, &#8220;Templo del templo&#8221;. 21.6.-10.8.<\/li>\n<li><a href=\"http:\/\/olavarria.gov.ar\/ccm-hogar-san-jose\">Centro Cultural Municipal San Jos\u00e9 de Olavarr\u00eda<\/a>, Riobamba 2949, Olavarr\u00eda, Provinz Buenos Aires, Argentinien (Mo-Fr 9-14, Mi-Fr 15-19, Sa, So und feiertags 16-20 Uhr. Eintritt frei): Diego Perrotta, Gem\u00e4lde und Graphiken. S\u00e4le 1 und 2. 5.7.-18.8. \/ Omar Panosetti, Gem\u00e4lde. S\u00e4le 3 und 4. 5.7.-18.8.<\/li>\n<li><a href=\"http:\/\/www.centroculturalrecoleta.org\/nuevositio\/\">Centro Cultural Recoleta<\/a>, Jun\u00edn 1930, Buenos Aires (Di-Fr 13-20, Sa, So und feiertags 11-20 Uhr, montags geschlossen. Eintritt frei): August Sander (Deutschland, 1876-1964) &#038; Michael Somoroff (USA), <a href=\"http:\/\/www.goethe.de\/ins\/ar\/bue\/ver\/de13124645v.htm\">&#8220;Abwesenheit des Subjekts&#8221;<\/a>. Im Rahmen des Fotografie-Festivals <a href=\"http:\/\/www.encuentrosabiertos.com.ar\/\">Encuentros Abiertos &#8211; Festival de la Luz 2014<\/a>. Saal 4. Er\u00f6ffnung: 12.8., 18 Uhr. Bis 21.9. \/ Frank Rodick. Im Rahmen des Fotografie-Festivals <a href=\"http:\/\/www.encuentrosabiertos.com.ar\/\">Encuentros Abiertos &#8211; Festival de la Luz 2014<\/a>. Saal 2. Er\u00f6ffnung: 12.8., 18 Uhr. Bis 21.9. \/ Humberto Rivas, &#8220;Antolog\u00eda fotogr\u00e1fica 1967-2007&#8221;. Im Rahmen des Fotografie-Festivals <a href=\"http:\/\/www.encuentrosabiertos.com.ar\/\">Encuentros Abiertos &#8211; Festival de la Luz 2014<\/a>. Cronopios-Saal. Er\u00f6ffnung: 12.8., 18 Uhr. Bis 28.9.<\/li>\n<li>El Cultural San Mart\u00edn, Sarmiento 1551, Buenos Aires: <a href=\"http:\/\/www.lenikem.com\/\">Lena Szankay<\/a>, &#8220;Nunca dejes de mirarme&#8221;, Fotos. &#8220;Gigantogaler\u00eda&#8221;, seitliche Fassade \u00fcber der &#8220;Plaza de las Am\u00e9ricas&#8221;. Bis September 2014.<\/li>\n<li>Espacio Fundaci\u00f3n Telef\u00f3nica, Arenales 1540, Buenos Aires (Mo-Sa 14-20.30 Uhr. Eintritt frei): &#8220;Ecosistema de la Comunicaci\u00f3n&#8221;. Kurator: Marcello Dantas. 3.7.-30.11.2015. \/ Charly Nijensohn, &#8220;Estado de emergencia&#8221;, Videoinstallation. 3.7.-29.11. \/ Hern\u00e1n Marina, &#8220;Hermes, el Mensajero&#8221;, Intervention der Fassade. 3.7.-31.12.<\/li>\n<li><a href=\"https:\/\/www.facebook.com\/espaciokamm\">Espacio Kamm<\/a>, Mario Bravo 1136, Palermo, Buenos Aires (Do und Fr 16-20 Uhr und nach Vereinbarung, Tel.: 011 15-6151-1704): <a href=\"http:\/\/kunstinargentinien.com\/index.php\/2014\/07\/31\/ausstellungs-experiment-mit-cyanotypie\/\">Marcos Mangani, &#8220;Ex\u00f3sfera&#8221;, Fotografie im Raum.<\/a> 2.8.-29.8.<\/li>\n<li><a href=\"http:\/\/complejoteatral.gob.ar\/ver\/fotografia\">FotoGaler\u00eda Banco Ciudad des San Mart\u00edn-Theaters (CTBA)<\/a>, Av. Corrientes 1530, Buenos Aires (Mo-Fr ab 12 Uhr, Sa und So ab 14 Uhr, bis zum Ende der Aktivit\u00e4ten des jeweiligen Tages im Theater. Eintritt frei): Maximiliano Vernazza, &#8220;Charly &#8211; Retrato de una Leyenda&#8221; (Charly &#8211; Portr\u00e4t einer Legende), Fotos. Bis Ende August.<\/li>\n<li><a href=\"http:\/\/www.proa.org\/esp\/\">Fundaci\u00f3n Proa<\/a>, Pedro de Mendoza 1929, La Boca, Buenos Aires (Di-So 11-19 Uhr, montags geschlossen. Eintritt 20 Pesos, Rentner 10 Pesos, Studenten 5 Pesos; dienstags gratis f\u00fcr Studenten): &#8220;Acci\u00f3n Urgente&#8221;, Panorama k\u00fcnstlerisch-militanter Gruppen, die in \u00f6ffentlichen R\u00e4umen in Argentinien, Bolivien, Brasilien, Chile, Paraguay, Peru und Uruguay arbeiten. Kuratoren: Cecilia Rabossi und Rodrigo Alonso. 5.7.-24.8.<\/li>\n<li>Galer\u00eda Laura Haber, O\u2019Higgins 1361, Buenos Aires (Mo-Fr 14-20 Uhr, Sa nach Vereinbarung: galerialaurahaber@gmail.com, Tel.: 4784-2426): Lorena Fern\u00e1ndez, &#8220;Expandir lo visible&#8221;, Gem\u00e4lde und Fotos. Kurator: Julio Sapollnik. 23.7.-14.8.<\/li>\n<li><a href=\"http:\/\/www.vanriel.com.ar\/\">Galer\u00eda van Riel<\/a>, Juncal 790, PB (Erdgeschoss), Buenos Aires (Mo-Fr 15-20 Uhr. Zur Vereinbarung anderer Besuchszeiten: info@vanriel.com.ar):  Hlito &#8211; Biagini &#8211; Corujeira &#8211; P\u00e9rez. 17.7.-15.8.<\/li>\n<li><a href=\"http:\/\/www.galeriavasari.com.ar\/\">Galer\u00eda Vasari<\/a>, Esmeralda 1357, Buenos Aires (Mo-Fr 11-20 Uhr): Alejandro Kuropatwa, &#8220;Fuera de Foco&#8221;. Im Rahmen des Fotografie-Festivals <a href=\"http:\/\/www.encuentrosabiertos.com.ar\/\">Encuentros Abiertos &#8211; Festival de la Luz 2014<\/a>. 6.8.-8.9.<\/li>\n<li><a href=\"http:\/\/www.galeriaisabelanchorena.com\/\">Isabel Anchorena Galer\u00eda de Arte<\/a>, Libertad 1389, Buenos Aires (Mo-Fr 11-20, Sa 11-15 Uhr): Marcelo Vattuone, &#8220;La margen del silencio&#8221;, Gem\u00e4lde. Er\u00f6ffnung: 13.8., 19 Uhr. Bis 22.9.<\/li>\n<li><a href=\"http:\/\/www.malba.org.ar\/web\/\">Malba<\/a> (Museo de Arte Latinoamericano de Buenos Aires), Av. Figueroa Alcorta 3415, Buenos Aires (Do-Mo und feiertags 12-20, Mi bis 21 Uhr, dienstags geschlossen. Eintritt 50 Pesos; Studenten, Lehrer, Rentner oder \u00fcber 65-J\u00e4hrige mit g\u00fcltigem Ausweis 25 Pesos. Behinderte: gratis; Kinder unter 5: gratis. Mi: Eintritt 25 Pesos; Studenten, Lehrer und Rentner mit g\u00fcltigem Ausweis: gratis. Behinderte: gratis): &#8220;Arte latinoamericano siglo XX&#8221; (Lateinamerikanische Kunst des 20. Jahrhunderts). Rundgang durch die Sammlung des Museums. Dauerausstellung. \/ &#8220;Le Parc Lumi\u00e8re&#8221;, 16 historische Lichtinstallationen des 1928 in Mendoza\/Argentinien geborenen, international anerkannten K\u00fcnstlers <a href=\"http:\/\/de.wikipedia.org\/wiki\/Julio_Le_Parc\">Julio Le Parc<\/a>. Die Werke stammen aus der Sammlung der Stiftung Daros Latinamerica mit Sitz im schweizerischen Z\u00fcrich. Kuratoren: Hans-Michael Herzog, K\u00e4the Walser und Victoria Giraudo. S\u00e4le 5 (2. Stock) und 3 (1. Stock). 11.7.-6.10.<\/li>\n<li><a href=\"http:\/\/www.ic.gba.gov.ar\/mar\/institucional\/2.php\">MAR<\/a> (Museo de Arte Contempor\u00e1neo de Mar del Plata), Av. Camet Ecke L\u00f3pez de Gomara, Mar del Plata, Provinz Buenos Aires, Argentinien (Mo, Di und Do 11-19, Fr, Sa und So 11-21 Uhr. Mi geschlossen. Eintritt frei): &#8220;El museo de los mundos imaginarios&#8221; (Das Museum der Phantasiewelten), von Jorge Luis Borges inspirierte Werke von mehr als 60 K\u00fcnstlern. 19.7.-30.11.<\/li>\n<li>Mundo Nuevo Gallery Art, Av. Callao 1868, Buenos Aires (Mo-Fr 12-20 Uhr. Tel.: 4804-7321): Juan Stoppani, &#8220;El diablo me sigue de d\u00eda y de noche porque tiene miedo de estar solo&#8221;, Gem\u00e4lde und Skulpturen. 17.7.-14.8.<\/li>\n<li><a href=\"http:\/\/www.macba.com.ar\/\">Museo de Arte Contempor\u00e1neo (MACBA)<\/a>, Av. San Juan 328, Buenos Aires (Mo-Fr 12-19, Sa und So 11-19.30 Uhr. Di geschlossen. Eintritt: 25 Pesos. Studenten, Lehrer, Rentner und \u00fcber 65-J\u00e4hrige mit Ausweis: 15 Pesos. Kinder unter 12: gratis. Mittwochs Eintritt: 15 Pesos. Studenten, Lehrer, Rentner und \u00fcber 65-J\u00e4hrige mit Ausweis: 10 Pesos. Kinder unter 12: gratis): &#8220;De la luz a la imagen&#8221;, Werke von Alberto Biasi &#038; Jorrit Tornquist. Kuratorin: Micol Di Veroli. 19.7.-21.9. \/ Francesca Leone, &#8220;Metamorfosis&#8221;. Kurator: Giacinto di Pietrantonio. 19.7.-21.9.<\/li>\n<li><a href=\"http:\/\/www.mat.gov.ar\/\">Museo de Arte Tigre (MAT)<\/a>, Paseo Victorica 972, Tigre, Provinz Buenos Aires (Mi-Fr 9-19, Sa und So 12-19 Uhr. Eintritt: 20 Pesos): &#8220;Escenas del 1900&#8221; (Szenen aus dem Jahr 1900), Gem\u00e4lde, Objekte, Mode, Fotos, Musik, Filme. Historische St\u00fccke und Werke zeitgen\u00f6ssischer K\u00fcnstler. 7.6.-7.9.<\/li>\n<li>Museo del Humor (MuHu), Av. de los Italianos 851, Costanera Sur, Buenos Aires (Mo-Fr 11-18, Sa und So 10-20, feiertags 12-20 Uhr. Eintritt: Do-So und feiertags 10 Pesos; Mo, Di und Mi gratis. Unter 14-J\u00e4hrige: gratis): &#8220;Quino por Mafalda&#8221; (Quino, vorgestellt von Mafalda), Hommage-Ausstellung f\u00fcr den argentinischen Comiczeichner Joaqu\u00edn Lavado, Quino, den Sch\u00f6pfer der Comicfigur Mafalda. Comics, Erstausgaben, Zeitschriften, Fotos und Objekte. 14.6.-31.10.<\/li>\n<li><a href=\"http:\/\/www.museosivori.org.ar\/\">Museo Eduardo S\u00edvori<\/a>, Av. Infanta Isabel 555, gegen\u00fcber der Br\u00fccke zum Rosengarten des Palermo-Parks, Buenos Aires (Di-Fr 12-20, Sa, So und feiertags 10-20 Uhr. Eintritt 5 Pesos, Mi und Sa gratis): Claudia Aranovich, Werke 1984-2014. 12.7.-17.8.<\/li>\n<li>Museo &#8220;Ernesto de la C\u00e1rcova&#8221;- IUNA, Av. Espa\u00f1a 1701, Costanera Sur, Buenos Aires (bis 1. August: Di-So 11-18 Uhr, dann wieder Di-So 10-18 Uhr): &#8220;Di\u00e1logo con el Patrimonio&#8221;, Werke von Manuel Ameztoy, Ernesto Arellano und Augusto Zanela. 22.7.-28.9.<\/li>\n<li><a href=\"http:\/\/www.mnba.gob.ar\/\">Museo Nacional de Bellas Artes (MNBA)<\/a>, Av. del Libertador 1473, Buenos Aires (Di-Fr 11.30-19.30, Sa und So 9.30-20.30 Uhr. Eintritt frei): &#8220;La hora americana&#8221;, 1910-1950. Kuratoren: Roberto Amigo und Alberto Petrina. 11.6.-12.8.<\/li>\n<li><a href=\"http:\/\/www.palaisdeglace.gob.ar\/\">Palais de Glace<\/a>, Posadas 1725, Buenos Aires (Di-Fr 12-20, Sa, So und feiertags 10-20 Uhr. F\u00fchrungen: Sa 17 und 18 Uhr. Eintritt frei): &#8220;30 a\u00f1os: Fotoperiodismo en democracia&#8221; (30 Jahre: Fotojournalismus in der Demokratie). 17.7.-18.8. \/ &#8220;25\u00aa Muestra Anual de Fotoperiodismo Argentino&#8221; (25. J\u00e4hrliche Ausstellung Argentinischer Fotojournalismus). 17.7.-18.8.<\/li>\n<li><a href=\"http:\/\/www.parquedelamemoria.org.ar\/\">Parque de la Memoria<\/a>, PAyS-Saal, Av. Costanera Norte, Rafael Obligado 6745, neben &#8220;Ciudad Universitaria&#8221;, Buenos Aires (Mo-Fr 10-17, an Wochenenden und Feiertagen 12-18 Uhr. Eintritt frei): Fernando Goin, &#8220;L\u00ednea de Tiempo&#8221;. 28.6.-24.8.<\/li>\n<li>&#8220;Paseo de las Esculturas&#8221;, Plaza Rub\u00e9n Dar\u00edo, Austria zwischen Av. Figueroa Alcorta und Av. del Libertador, Buenos Aires: <a href=\"http:\/\/www.buenosaires.gob.ar\/noticias\/con-obras-de-regazzoni-se-abre-el-paseo-de-las-esculturas\">Carlos Regazzoni, 45 Skulpturen unter freiem Himmel<\/a>. Seit 22.3.<\/li>\n<li><a href=\"http:\/\/www.roart.com.ar\/\">RO Galer\u00eda de Arte<\/a>, Paran\u00e1 1158, Buenos Aires (Mo-Fr 14-20 Uhr): : Miguel Angel Giovanetti, &#8220;Proyecto Pent\u00e1gono&#8221;, Gem\u00e4lde. 31.7.-29.8.<\/li>\n<li><a href=\"http:\/\/www.rolfart.com.ar\/\">Rolf Art<\/a>, Posadas 1583, PB (Erdgeschoss) &#8220;A&#8221;, Buenos Aires (Mo-Fr 11-20 Uhr): Timur Kuznetcov, &#8220;Clerk&#8221;. Im Rahmen des Fotografie-Festivals <a href=\"http:\/\/www.encuentrosabiertos.com.ar\/\">Encuentros Abiertos &#8211; Festival de la Luz 2014<\/a>. 31.7.-30.8.<\/li>\n<\/ul>\n","protected":false},"excerpt":{"rendered":"<p>Click aqu\u00ed\u00ad para leer la versi\u00f3n en castellano. Ausstellungskalender vom 09\/08\/2014 Von Susanne Franz Nach dem Auftritt mit der argentinischen Star-Pianistin Martha Argerich im Teatro Col\u00f3n werden der gefeierte Maestro Daniel Barenboim und sein West Eastern Divan Orchestra am Sonntag, dem 10. August, um 11 Uhr, an der Br\u00fccke &#8220;Puente Alsina&#8221; (Av. S\u00e1enz\/Riachuelo, Buenos Aires) [&hellip;]<\/p>\n","protected":false},"author":1,"featured_media":0,"comment_status":"open","ping_status":"open","sticky":false,"template":"","format":"standard","meta":{"footnotes":""},"categories":[3],"tags":[],"class_list":["post-19432","post","type-post","status-publish","format-standard","hentry","category-kalender-agenda"],"_links":{"self":[{"href":"https:\/\/kunstinargentinien.com\/index.php\/wp-json\/wp\/v2\/posts\/19432","targetHints":{"allow":["GET"]}}],"collection":[{"href":"https:\/\/kunstinargentinien.com\/index.php\/wp-json\/wp\/v2\/posts"}],"about":[{"href":"https:\/\/kunstinargentinien.com\/index.php\/wp-json\/wp\/v2\/types\/post"}],"author":[{"embeddable":true,"href":"https:\/\/kunstinargentinien.com\/index.php\/wp-json\/wp\/v2\/users\/1"}],"replies":[{"embeddable":true,"href":"https:\/\/kunstinargentinien.com\/index.php\/wp-json\/wp\/v2\/comments?post=19432"}],"version-history":[{"count":11,"href":"https:\/\/kunstinargentinien.com\/index.php\/wp-json\/wp\/v2\/posts\/19432\/revisions"}],"predecessor-version":[{"id":19456,"href":"https:\/\/kunstinargentinien.com\/index.php\/wp-json\/wp\/v2\/posts\/19432\/revisions\/19456"}],"wp:attachment":[{"href":"https:\/\/kunstinargentinien.com\/index.php\/wp-json\/wp\/v2\/media?parent=19432"}],"wp:term":[{"taxonomy":"category","embeddable":true,"href":"https:\/\/kunstinargentinien.com\/index.php\/wp-json\/wp\/v2\/categories?post=19432"},{"taxonomy":"post_tag","embeddable":true,"href":"https:\/\/kunstinargentinien.com\/index.php\/wp-json\/wp\/v2\/tags?post=19432"}],"curies":[{"name":"wp","href":"https:\/\/api.w.org\/{rel}","templated":true}]}}