{"id":19634,"date":"2014-08-31T15:59:57","date_gmt":"2014-08-31T18:59:57","guid":{"rendered":"http:\/\/kunstinargentinien.com\/?p=19634"},"modified":"2014-09-01T17:40:08","modified_gmt":"2014-09-01T20:40:08","slug":"kalender-a-z-8","status":"publish","type":"post","link":"https:\/\/kunstinargentinien.com\/index.php\/2014\/08\/31\/kalender-a-z-8\/","title":{"rendered":"Kalender A-Z"},"content":{"rendered":"<p><a href=\"http:\/\/kunstinargentinien.com\/index.php\/2014\/08\/31\/agenda-a-z-8\/\">Click aqu\u00ed\u00ad para leer la versi\u00f3n en castellano.<\/a><\/p>\n<p><strong>Ausstellungskalender vom 31\/08\/2014<\/p>\n<p><em>Von Susanne Franz<\/em><\/strong><\/p>\n<p><a href=\"http:\/\/kunstinargentinien.com\/wp-content\/uploads\/2014\/08\/beloved_sisters.jpg\"><img loading=\"lazy\" decoding=\"async\" src=\"http:\/\/kunstinargentinien.com\/wp-content\/uploads\/2014\/08\/beloved_sisters.jpg\" alt=\"beloved_sisters\" width=\"500\" height=\"281\" class=\"aligncenter size-full wp-image-19638\" srcset=\"https:\/\/kunstinargentinien.com\/wp-content\/uploads\/2014\/08\/beloved_sisters.jpg 500w, https:\/\/kunstinargentinien.com\/wp-content\/uploads\/2014\/08\/beloved_sisters-300x168.jpg 300w\" sizes=\"auto, (max-width: 500px) 100vw, 500px\" \/><\/a><br \/>\nGr\u00f6\u00dfer und sch\u00f6ner als je zuvor: Zwischen dem 11. und dem 17. September bietet das <a href=\"http:\/\/www.cinealeman.com.ar\/festival14\/presentacion.html\">14. Deutsche Kinofestival von Buenos Aires<\/a> 18 Spielfilme bzw. -filmprogramme und eine neue Location. Neben dem Kinokomplex Village Recoleta wird auch der Kinosaal Arte Multiplex Belgrano Festivalprogramm zeigen, erst vor kurzem w\u00e4rmte man sich dort mit einem Berlin-Filmzyklus auf.<\/p>\n<p>Das von &#8220;German Films&#8221; organisierte Festival hat unter anderem den Film im Programm, der am Mittwoch zum deutschen Vertreter bei den Auslandsoscars erkoren wurde: &#8220;Die Geliebten Schwestern&#8221; von Dominik Graf (Foto). Er\u00f6ffnungsfilm ist &#8220;Banklady&#8221; von Christian Alvart &#8211; er ist der diesj\u00e4hrige Ehrengast des &#8220;Festival de Cine Alem\u00e1n&#8221;.<\/p>\n<p>Die Eintrittskarten kosten in diesem Jahr 65 Pesos, ein Abo f\u00fcr 6 Vorstellungen 325 Pesos und ein Abo f\u00fcr 10 Vorstellungen 520 Pesos. Der Stummfilm mit Live-Musik, der mit Unterst\u00fctzung des <a href=\"http:\/\/www.goethe.de\/ins\/ar\/bue\/de13223382v.htm\">Goethe-Instituts<\/a> traditionsgem\u00e4\u00df den Festivalabschluss bildet, kostet 75 Pesos Eintritt. In K\u00fcrze beginnt der Vorverkauf.<\/p>\n<p>Leckerbissen im Gep\u00e4ck von German Films sind u.a. die schrille Sch\u00fcler-Kom\u00f6die &#8220;Fack ju G\u00f6hte&#8221;, das Vater-Sohn-Drama &#8220;Exit Marrakech&#8221; von Caroline Link, die Tragikom\u00f6die &#8220;Alles Inklusive&#8221; von Doris D\u00f6rrie, die Dokumentation &#8220;Art War&#8221; \u00fcber den arabischen Fr\u00fchling von Marco Wilms, das Afghanistan-Drama &#8220;Zwischen Welten&#8221; von Feo Aladag und der Film f\u00fcr die ganze Familie &#8220;Die schwarzen Br\u00fcder&#8221; von Xavier Koller.<\/p>\n<p>Die Ausstellungen der Woche:<!--more--><\/p>\n<ul>\n<li><a href=\"http:\/\/galeriaperotti.com.ar\/\">Alejandra Perotti Galer\u00eda de Arte<\/a>, Freire 1101, Ecke Zabala, Colegiales, Buenos Aires (Mo-Fr 15-19.30 Uhr): Diego Perrotta, &#8220;Alquim\u00eda Salvaje&#8221;, Werke 2013\/14. Gem\u00e4lde, Zeichnungen, Aquarelle und Skulpturen. 2.8.-5.9.<\/li>\n<li>Arcimboldo Galer\u00eda de Arte, Reconquista 761, &#8220;14&#8221;, Buenos Aires (Mo-Fr 15-19 Uhr): Alejandro Gulminelli, &#8220;after office&#8221;. Im Rahmen des Fotografie-Festivals <a href=\"http:\/\/www.encuentrosabiertos.com.ar\/\">Encuentros Abiertos &#8211; Festival de la Luz 2014<\/a>. 14.8.-2.9. \/ Ana Tarsia, &#8220;Saldos y retazos&#8221;. Saal II. 14.8.-2.9.<\/li>\n<li><a href=\"http:\/\/agendacultural.buenosaires.gob.ar\/evento\/munecas-antiguas-en-la-casa-fernandez-blanco\/5094\">Casa Fern\u00e1ndez Blanco<\/a>, Hip\u00f3lito Yrigoyen 1420, Buenos Aires (Di-Fr 12-18, Sa und So 11-17 Uhr. feiertags geschlossen. Eintritt 2 Pesos, Mi und Do gratis): <a href=\"http:\/\/kunstinargentinien.com\/index.php\/2014\/07\/24\/ein-haus-voller-geschichten\/\">&#8220;Hab\u00eda una vez&#8230;, mu\u00f1ecas y juguetes 1870\u20131940. Colecci\u00f3n de Mabel y Mar\u00eda Castellano Fotheringham&#8221; (Es war einmal&#8230;, Puppen und Spielzeug aus den Jahren 1870 bis 1940. Sammlung Mabel und Mar\u00eda Castellano Fotheringham).<\/a> Dauerausstellung.<\/li>\n<li><a href=\"http:\/\/www.centrocultural.coop\/\">Centro Cultural de la Cooperaci\u00f3n<\/a>, Av. Corrientes 1543, Buenos Aires (Mo-Sa 14-22, So 17-20.30 Uhr): <a href=\"http:\/\/www.smithjan.com\/\">Jan Smith<\/a>, &#8220;Nouadhibou&#8221;. Im Rahmen des Fotografie-Festivals <a href=\"http:\/\/www.encuentrosabiertos.com.ar\/\">Encuentros Abiertos &#8211; Festival de la Luz 2014<\/a>. Abraham Vigo-Saal. 5.8.-7.9.<\/li>\n<li><a href=\"http:\/\/www.centroculturalrecoleta.org\/nuevositio\/\">Centro Cultural Recoleta<\/a>, Jun\u00edn 1930, Buenos Aires (Di-Fr 13-20, Sa, So und feiertags 11-20 Uhr, montags geschlossen. Eintritt frei): August Sander (Deutschland, 1876-1964) &#038; Michael Somoroff (USA), <a href=\"http:\/\/www.goethe.de\/ins\/ar\/bue\/ver\/de13124645v.htm\">&#8220;Abwesenheit des Subjekts&#8221;<\/a>. Im Rahmen des Fotografie-Festivals <a href=\"http:\/\/www.encuentrosabiertos.com.ar\/\">Encuentros Abiertos &#8211; Festival de la Luz 2014<\/a>. Saal 4. 12.8.-21.9. \/ Frank Rodick. Im Rahmen des Fotografie-Festivals <a href=\"http:\/\/www.encuentrosabiertos.com.ar\/\">Encuentros Abiertos &#8211; Festival de la Luz 2014<\/a>. Saal 2. 12.8.-21.9. \/ Humberto Rivas, &#8220;Antolog\u00eda fotogr\u00e1fica 1967-2007&#8221;. Im Rahmen des Fotografie-Festivals <a href=\"http:\/\/www.encuentrosabiertos.com.ar\/\">Encuentros Abiertos &#8211; Festival de la Luz 2014<\/a>. Cronopios-Saal. 12.8.-28.9.<\/li>\n<li><a href=\"http:\/\/elp1sodeabajo.wordpress.com\/\">EL P1SO DE ABAJO<\/a>, Tres Arroyos 889 1A, Buenos Aires (Tel.: 15-5124-4587): Lorena Cabrera, &#8220;Estado de Naturaleza&#8221;. 16.8.-7.9.<\/li>\n<li><a href=\"http:\/\/www.elsidelrio.com.ar\/\">Elsi del R\u00edo Arte Contempor\u00e1neo<\/a>, Humboldt 1510, Palermo Hollywood, Buenos Aires (Di-Fr 14-20, Sa 11-15 Uhr): Richard Sturgeon, &#8220;Arabe&#8221;, Gem\u00e4lde. 19.8.-18.9.<\/li>\n<li><a href=\"http:\/\/www.artefundacionosde.com.ar\/BO\/home.asp\">Espacio de Arte Fundaci\u00f3n Osde<\/a>, Suipacha 658, 1. Stock, Buenos Aires (Mo-Sa 12-20 Uhr. Eintritt frei): &#8220;Soberan\u00eda del uso. Apropiaciones de lo cotidiano en la escena contempor\u00e1nea&#8221;. Kuratoren: Federico Baeza und Sebasti\u00e1n Vidal Mackinson. 14.8.-18.10.<\/li>\n<li>Espacio Fundaci\u00f3n Telef\u00f3nica, Arenales 1540, Buenos Aires (Mo-Sa 14-20.30 Uhr. Eintritt frei): &#8220;Ecosistema de la Comunicaci\u00f3n&#8221;. Kurator: Marcello Dantas. 3.7.-30.11.2015. \/ Charly Nijensohn, &#8220;Estado de emergencia&#8221;, Videoinstallation. 3.7.-29.11. \/ Hern\u00e1n Marina, &#8220;Hermes, el Mensajero&#8221;, Intervention der Fassade. 3.7.-31.12.<\/li>\n<li>Galer\u00eda de Arte Buenos Aires Sur, Bol\u00edvar 1268, Buenos Aires (Mo-Sa 11-18 Uhr): Alejandro Scasso. &#8220;Infectpaint&#8221;, Gem\u00e4lde. 29.8.-13.9.<\/li>\n<li><a href=\"http:\/\/www.galeriavasari.com.ar\/\">Galer\u00eda Vasari<\/a>, Esmeralda 1357, Buenos Aires (Mo-Fr 11-20 Uhr): Alejandro Kuropatwa, &#8220;Fuera de Foco&#8221;. Im Rahmen des Fotografie-Festivals <a href=\"http:\/\/www.encuentrosabiertos.com.ar\/\">Encuentros Abiertos &#8211; Festival de la Luz 2014<\/a>. 6.8.-8.9.<\/li>\n<li><a href=\"http:\/\/www3.hilton.com\/en\/hotels\/argentina\/hilton-buenos-aires-BUEHIHH\/index.html\">Hilton Buenos Aires<\/a>, Lobby, Av. Macacha G\u00fcemes 351, Puerto Madero, Buenos Aires: Norberto Moncarz, Malerei live vor Ort vom 3. bis zum 7. September, von 12-18 Uhr. Danach Ausstellung seines Werkes bis November.<\/li>\n<li><a href=\"http:\/\/www.galeriaisabelanchorena.com\/\">Isabel Anchorena Galer\u00eda de Arte<\/a>, Libertad 1389, Buenos Aires (Mo-Fr 11-20, Sa 11-15 Uhr): Marcelo Vattuone, &#8220;La margen del silencio&#8221;, Gem\u00e4lde. 13.8.-22.9.<\/li>\n<li><a href=\"http:\/\/www.malba.org.ar\/web\/\">Malba<\/a> (Museo de Arte Latinoamericano de Buenos Aires), Av. Figueroa Alcorta 3415, Buenos Aires (Do-Mo und feiertags 12-20, Mi bis 21 Uhr, dienstags geschlossen. Eintritt 50 Pesos; Studenten, Lehrer, Rentner oder \u00fcber 65-J\u00e4hrige mit g\u00fcltigem Ausweis 25 Pesos. Behinderte: gratis; Kinder unter 5: gratis. Mi: Eintritt 25 Pesos; Studenten, Lehrer und Rentner mit g\u00fcltigem Ausweis: gratis. Behinderte: gratis): &#8220;Arte latinoamericano siglo XX&#8221; (Lateinamerikanische Kunst des 20. Jahrhunderts). Rundgang durch die Sammlung des Museums. Dauerausstellung. \/ &#8220;Le Parc Lumi\u00e8re&#8221;, 16 historische Lichtinstallationen des 1928 in Mendoza\/Argentinien geborenen, international anerkannten K\u00fcnstlers <a href=\"http:\/\/de.wikipedia.org\/wiki\/Julio_Le_Parc\">Julio Le Parc<\/a>. Die Werke stammen aus der Sammlung der Stiftung Daros Latinamerica mit Sitz im schweizerischen Z\u00fcrich. Kuratoren: Hans-Michael Herzog, K\u00e4the Walser und Victoria Giraudo. S\u00e4le 5 (2. Stock) und 3 (1. Stock). 11.7.-6.10.<\/li>\n<li><a href=\"http:\/\/www.ic.gba.gov.ar\/mar\/institucional\/2.php\">MAR<\/a> (Museo de Arte Contempor\u00e1neo de Mar del Plata), Av. Camet Ecke L\u00f3pez de Gomara, Mar del Plata, Provinz Buenos Aires, Argentinien (Mo, Di und Do 11-19, Fr, Sa und So 11-21 Uhr. Mi geschlossen. Eintritt frei): &#8220;El museo de los mundos imaginarios&#8221; (Das Museum der Phantasiewelten), von Jorge Luis Borges inspirierte Werke von mehr als 60 K\u00fcnstlern. 19.7.-30.11.<\/li>\n<li><a href=\"http:\/\/untref.edu.ar\/muntref\/\">MUNTREF<\/a> (Museo de la Universidad Nacional de Tres de Febrero), Valent\u00edn G\u00f3mez 4838, Caseros, Provinz Buenos Aires (Di-So 11-20 Uhr): Deira, &#8220;M\u00e1s all\u00e1 de la Otra figuraci\u00f3n&#8221;, Gem\u00e4lde. 8.7.-28.9.<\/li>\n<li><a href=\"http:\/\/www.macba.com.ar\/\">Museo de Arte Contempor\u00e1neo (MACBA)<\/a>, Av. San Juan 328, Buenos Aires (Mo-Fr 12-19, Sa und So 11-19.30 Uhr. Di geschlossen. Eintritt: 25 Pesos. Studenten, Lehrer, Rentner und \u00fcber 65-J\u00e4hrige mit Ausweis: 15 Pesos. Kinder unter 12: gratis. Mittwochs Eintritt: 15 Pesos. Studenten, Lehrer, Rentner und \u00fcber 65-J\u00e4hrige mit Ausweis: 10 Pesos. Kinder unter 12: gratis): &#8220;De la luz a la imagen&#8221;, Werke von Alberto Biasi &#038; Jorrit Tornquist. Kuratorin: Micol Di Veroli. 19.7.-21.9. \/ Francesca Leone, &#8220;Metamorfosis&#8221;. Kurator: Giacinto di Pietrantonio. 19.7.-21.9.<\/li>\n<li><a href=\"http:\/\/museos.buenosaires.gob.ar\/hernandez.htm\">Museo de Arte Popular Jos\u00e9 Hern\u00e1ndez<\/a>, Av. del Libertador 2373, Buenos Aires + <a href=\"http:\/\/museos.buenosaires.gob.ar\/mifb.htm\">Museo de Arte Hispanoamericano Isaac Fern\u00e1ndez Blanco<\/a>, Suipacha 1422, Buenos Aires (Di-Fr 13-19, Sa, So und feiertags 10-20 Uhr. Montag geschlossen. Mi Eintritt frei, sonst 20 Pesos): &#8220;Grandes Maestros del Arte Popular de Iberoam\u00e9rica&#8221; (Meister der Volkskunst Iberoamerikas), Wanderausstellung. 28.8.-Januar 2015.<\/li>\n<li><a href=\"http:\/\/www.mat.gov.ar\/\">Museo de Arte Tigre (MAT)<\/a>, Paseo Victorica 972, Tigre, Provinz Buenos Aires (Mi-Fr 9-19, Sa und So 12-19 Uhr. Eintritt: 20 Pesos): &#8220;Escenas del 1900&#8221; (Szenen aus dem Jahr 1900), Gem\u00e4lde, Objekte, Mode, Fotos, Musik, Filme. Historische St\u00fccke und Werke zeitgen\u00f6ssischer K\u00fcnstler. 7.6.-7.9.<\/li>\n<li>Museo del Humor (MuHu), Av. de los Italianos 851, Costanera Sur, Buenos Aires (Mo-Fr 11-18, Sa und So 10-20, feiertags 12-20 Uhr. Eintritt: Do-So und feiertags 10 Pesos; Mo, Di und Mi gratis. Unter 14-J\u00e4hrige: gratis): &#8220;Quino por Mafalda&#8221; (Quino, vorgestellt von Mafalda), Hommage-Ausstellung f\u00fcr den argentinischen Comiczeichner Joaqu\u00edn Lavado, Quino, den Sch\u00f6pfer der Comicfigur Mafalda. Comics, Erstausgaben, Zeitschriften, Fotos und Objekte. 14.6.-31.10.<\/li>\n<li><a href=\"http:\/\/www.museosivori.org.ar\/\">Museo Eduardo S\u00edvori<\/a>, Av. Infanta Isabel 555, gegen\u00fcber der Br\u00fccke zum Rosengarten des Palermo-Parks, Buenos Aires (Di-Fr 12-20, Sa, So und feiertags 10-20 Uhr. Eintritt 5 Pesos, Mi und Sa gratis): Brad Temkin, &#8220;Rooftop&#8221;. Im Rahmen des Fotografie-Festivals <a href=\"http:\/\/www.encuentrosabiertos.com.ar\/\">Encuentros Abiertos &#8211; Festival de la Luz 2014<\/a>. 9.8.-7.9.<\/li>\n<li>Museo &#8220;Ernesto de la C\u00e1rcova&#8221;- IUNA, Av. Espa\u00f1a 1701, Costanera Sur, Buenos Aires (bis 1. August: Di-So 11-18 Uhr, dann wieder Di-So 10-18 Uhr): &#8220;Di\u00e1logo con el Patrimonio&#8221;, Werke von Manuel Ameztoy, Ernesto Arellano und Augusto Zanela. 22.7.-28.9.<\/li>\n<li>&#8220;Paseo de las Esculturas&#8221;, Plaza Rub\u00e9n Dar\u00edo, Austria zwischen Av. Figueroa Alcorta und Av. del Libertador, Buenos Aires: <a href=\"http:\/\/www.buenosaires.gob.ar\/noticias\/con-obras-de-regazzoni-se-abre-el-paseo-de-las-esculturas\">Carlos Regazzoni, 45 Skulpturen unter freiem Himmel<\/a>. Seit 22.3.<\/li>\n<\/ul>\n","protected":false},"excerpt":{"rendered":"<p>Click aqu\u00ed\u00ad para leer la versi\u00f3n en castellano. Ausstellungskalender vom 31\/08\/2014 Von Susanne Franz Gr\u00f6\u00dfer und sch\u00f6ner als je zuvor: Zwischen dem 11. und dem 17. September bietet das 14. Deutsche Kinofestival von Buenos Aires 18 Spielfilme bzw. -filmprogramme und eine neue Location. Neben dem Kinokomplex Village Recoleta wird auch der Kinosaal Arte Multiplex Belgrano [&hellip;]<\/p>\n","protected":false},"author":1,"featured_media":0,"comment_status":"open","ping_status":"open","sticky":false,"template":"","format":"standard","meta":{"footnotes":""},"categories":[3],"tags":[],"class_list":["post-19634","post","type-post","status-publish","format-standard","hentry","category-kalender-agenda"],"_links":{"self":[{"href":"https:\/\/kunstinargentinien.com\/index.php\/wp-json\/wp\/v2\/posts\/19634","targetHints":{"allow":["GET"]}}],"collection":[{"href":"https:\/\/kunstinargentinien.com\/index.php\/wp-json\/wp\/v2\/posts"}],"about":[{"href":"https:\/\/kunstinargentinien.com\/index.php\/wp-json\/wp\/v2\/types\/post"}],"author":[{"embeddable":true,"href":"https:\/\/kunstinargentinien.com\/index.php\/wp-json\/wp\/v2\/users\/1"}],"replies":[{"embeddable":true,"href":"https:\/\/kunstinargentinien.com\/index.php\/wp-json\/wp\/v2\/comments?post=19634"}],"version-history":[{"count":8,"href":"https:\/\/kunstinargentinien.com\/index.php\/wp-json\/wp\/v2\/posts\/19634\/revisions"}],"predecessor-version":[{"id":19654,"href":"https:\/\/kunstinargentinien.com\/index.php\/wp-json\/wp\/v2\/posts\/19634\/revisions\/19654"}],"wp:attachment":[{"href":"https:\/\/kunstinargentinien.com\/index.php\/wp-json\/wp\/v2\/media?parent=19634"}],"wp:term":[{"taxonomy":"category","embeddable":true,"href":"https:\/\/kunstinargentinien.com\/index.php\/wp-json\/wp\/v2\/categories?post=19634"},{"taxonomy":"post_tag","embeddable":true,"href":"https:\/\/kunstinargentinien.com\/index.php\/wp-json\/wp\/v2\/tags?post=19634"}],"curies":[{"name":"wp","href":"https:\/\/api.w.org\/{rel}","templated":true}]}}